{"id":6013,"date":"2025-05-23T10:48:08","date_gmt":"2025-05-23T13:48:08","guid":{"rendered":"https:\/\/noticiarioregional.com.br\/?p=6013"},"modified":"2025-05-23T10:48:09","modified_gmt":"2025-05-23T13:48:09","slug":"nova-unidade-de-saude-de-santa-helena-esta-nos-tramites-finais-de-licitacao","status":"publish","type":"post","link":"https:\/\/noticiarioregional.com.br\/?p=6013","title":{"rendered":"Nova Unidade de Sa\u00fade de Santa Helena est\u00e1 nos tramites finais de licita\u00e7\u00e3o"},"content":{"rendered":"\n<p><em>Obra j\u00e1 tem local definido e recursos garantidos<\/em><\/p>\n\n\n\n<p><strong>Santa Helena \u2013<\/strong> Ainda na gest\u00e3o anterior o munic\u00edpio foi contemplado pelo Governo Federal para constru\u00e7\u00e3o de uma nova Unidade de Sa\u00fade. O valor garantido pela uni\u00e3o \u00e9 de R$ 2 milh\u00f5es. A atual unidade est\u00e1 localizada em anexo ao pr\u00e9dio da Prefeitura.<\/p>\n\n\n\n<p>Conforme o secret\u00e1rio de Sa\u00fade, S\u00e9rgio Buche, a licita\u00e7\u00e3o da obra j\u00e1 foi realizada, e no momento o munic\u00edpio aguarda os tr\u00e2mites legais para defini\u00e7\u00e3o da empresa. O valor licitado foi de R$ 2.488.000,00, sendo que al\u00e9m do recurso da Uni\u00e3o haver\u00e1 contrapartida do munic\u00edpio, superior a R$ 400 mil. O secret\u00e1rio ressalta que ainda n\u00e3o \u00e9 poss\u00edvel precisar o in\u00edcio das obras, pois \u00e9 necess\u00e1rio inicialmente a homologa\u00e7\u00e3o da empresa vencedora e a posterior aprova\u00e7\u00e3o do Governo Federal, o que deve levar cerca de 30 dias.<\/p>\n\n\n\n<p>Em rela\u00e7\u00e3o ao terreno, S\u00e9rgio cita que est\u00e1 definida uma \u00e1rea de cerca de 2 mil metros quadrados pr\u00f3xima a igreja matriz e da creche. O investimento na aquisi\u00e7\u00e3o do terreno foi de R$ 680 mil, para o qual o munic\u00edpio encaminhou projeto de lei ao Legislativo solicitando aprova\u00e7\u00e3o para remanejamento do valor. &nbsp;&nbsp;<\/p>\n\n\n\n<p>O secret\u00e1rio lembra que para agilizar os encaminhamentos da nova unidade e cumprir os prazos, o munic\u00edpio optou por um projeto padr\u00e3o do Governo Federal, de Unidade B\u00e1sica de Sa\u00fade 02.<\/p>\n","protected":false},"excerpt":{"rendered":"<p>Obra j\u00e1 tem local definido e recursos garantidos Santa Helena \u2013 Ainda na gest\u00e3o anterior o munic\u00edpio foi contemplado pelo Governo Federal para constru\u00e7\u00e3o de uma nova Unidade de Sa\u00fade. O valor garantido pela uni\u00e3o \u00e9 de R$ 2 milh\u00f5es. A atual unidade est\u00e1 localizada em anexo ao pr\u00e9dio da Prefeitura. Conforme o secret\u00e1rio de<\/p>\n","protected":false},"author":1,"featured_media":6014,"comment_status":"open","ping_status":"open","sticky":false,"template":"","format":"standard","meta":{"footnotes":""},"categories":[41],"tags":[],"class_list":{"0":"post-6013","1":"post","2":"type-post","3":"status-publish","4":"format-standard","5":"has-post-thumbnail","7":"category-noticias"},"_links":{"self":[{"href":"https:\/\/noticiarioregional.com.br\/index.php?rest_route=\/wp\/v2\/posts\/6013","targetHints":{"allow":["GET"]}}],"collection":[{"href":"https:\/\/noticiarioregional.com.br\/index.php?rest_route=\/wp\/v2\/posts"}],"about":[{"href":"https:\/\/noticiarioregional.com.br\/index.php?rest_route=\/wp\/v2\/types\/post"}],"author":[{"embeddable":true,"href":"https:\/\/noticiarioregional.com.br\/index.php?rest_route=\/wp\/v2\/users\/1"}],"replies":[{"embeddable":true,"href":"https:\/\/noticiarioregional.com.br\/index.php?rest_route=%2Fwp%2Fv2%2Fcomments&post=6013"}],"version-history":[{"count":1,"href":"https:\/\/noticiarioregional.com.br\/index.php?rest_route=\/wp\/v2\/posts\/6013\/revisions"}],"predecessor-version":[{"id":6015,"href":"https:\/\/noticiarioregional.com.br\/index.php?rest_route=\/wp\/v2\/posts\/6013\/revisions\/6015"}],"wp:featuredmedia":[{"embeddable":true,"href":"https:\/\/noticiarioregional.com.br\/index.php?rest_route=\/wp\/v2\/media\/6014"}],"wp:attachment":[{"href":"https:\/\/noticiarioregional.com.br\/index.php?rest_route=%2Fwp%2Fv2%2Fmedia&parent=6013"}],"wp:term":[{"taxonomy":"category","embeddable":true,"href":"https:\/\/noticiarioregional.com.br\/index.php?rest_route=%2Fwp%2Fv2%2Fcategories&post=6013"},{"taxonomy":"post_tag","embeddable":true,"href":"https:\/\/noticiarioregional.com.br\/index.php?rest_route=%2Fwp%2Fv2%2Ftags&post=6013"}],"curies":[{"name":"wp","href":"https:\/\/api.w.org\/{rel}","templated":true}]}}