{"id":6016,"date":"2025-05-23T11:10:04","date_gmt":"2025-05-23T14:10:04","guid":{"rendered":"https:\/\/noticiarioregional.com.br\/?p=6016"},"modified":"2025-05-23T11:10:37","modified_gmt":"2025-05-23T14:10:37","slug":"caibi-vai-implantar-banco-comunitario-de-sementes-e-mudas-tradicionais","status":"publish","type":"post","link":"https:\/\/noticiarioregional.com.br\/?p=6016","title":{"rendered":"Caibi vai implantar Banco Comunit\u00e1rio de Sementes e Mudas Tradicionais"},"content":{"rendered":"\n<p><strong>Caibi &#8211;<\/strong> A Empresa de Pesquisa Agropecu\u00e1ria e Extens\u00e3o Rural de Santa Catarina, Epagri, em parceria com a secretaria Municipal de Agricultura, est\u00e1 implementando um banco de sementes e mudas tradicionais com foco na preserva\u00e7\u00e3o da biodiversidade e no fortalecimento da agricultura familiar. A iniciativa visa incentivar a troca de esp\u00e9cies entre as fam\u00edlias agricultoras, promovendo a diversidade nas propriedades rurais e contribuindo para a melhoria da qualidade de vida, especialmente por meio da alimenta\u00e7\u00e3o saud\u00e1vel.<\/p>\n\n\n\n<p>De acordo com o extensionista rural Otemar Gallon, as chamadas sementes tradicionais s\u00e3o aquelas cultivadas e selecionadas ao longo de gera\u00e7\u00f5es pelas fam\u00edlias do campo. Ele ressalta que a preserva\u00e7\u00e3o dessas variedades \u00e9 essencial para garantir tanto a seguran\u00e7a alimentar, quanto a diversidade dos alimentos dispon\u00edveis \u00e0s fam\u00edlias rurais.<\/p>\n\n\n\n<p>Essas sementes e mudas possuem uma caracter\u00edstica importante: s\u00e3o adaptadas \u00e0s condi\u00e7\u00f5es locais, o que as torna mais resistentes a varia\u00e7\u00f5es clim\u00e1ticas, pragas e doen\u00e7as. Essa resili\u00eancia facilita o cultivo e reduz a depend\u00eancia de insumos externos, al\u00e9m de valorizar o conhecimento tradicional dos agricultores.<\/p>\n\n\n\n<p>A proposta do banco de sementes \u00e9 simples e colaborativa: agricultores familiares que possuem sementes tradicionais em sua produ\u00e7\u00e3o podem lev\u00e1-las ao escrit\u00f3rio da Epagri. Em contrapartida, ter\u00e3o acesso a outras esp\u00e9cies disponibilizadas por demais fam\u00edlias. <em>\u201cNosso objetivo \u00e9 fazer com que essas sementes circulem entre as fam\u00edlias, garantindo que nenhuma delas se perca com o tempo. Quanto mais espalhadas estiverem, menor o risco de extin\u00e7\u00e3o\u201d, <\/em>explica Gallon convidando os produtores a colaborar com o projeto.<\/p>\n\n\n\n<p><\/p>\n","protected":false},"excerpt":{"rendered":"<p>Caibi &#8211; A Empresa de Pesquisa Agropecu\u00e1ria e Extens\u00e3o Rural de Santa Catarina, Epagri, em parceria com a secretaria Municipal de Agricultura, est\u00e1 implementando um banco de sementes e mudas tradicionais com foco na preserva\u00e7\u00e3o da biodiversidade e no fortalecimento da agricultura familiar. A iniciativa visa incentivar a troca de esp\u00e9cies entre as fam\u00edlias agricultoras,<\/p>\n","protected":false},"author":1,"featured_media":6017,"comment_status":"open","ping_status":"open","sticky":false,"template":"","format":"standard","meta":{"footnotes":""},"categories":[41,1],"tags":[],"class_list":{"0":"post-6016","1":"post","2":"type-post","3":"status-publish","4":"format-standard","5":"has-post-thumbnail","7":"category-noticias","8":"category-sem-categoria"},"_links":{"self":[{"href":"https:\/\/noticiarioregional.com.br\/index.php?rest_route=\/wp\/v2\/posts\/6016","targetHints":{"allow":["GET"]}}],"collection":[{"href":"https:\/\/noticiarioregional.com.br\/index.php?rest_route=\/wp\/v2\/posts"}],"about":[{"href":"https:\/\/noticiarioregional.com.br\/index.php?rest_route=\/wp\/v2\/types\/post"}],"author":[{"embeddable":true,"href":"https:\/\/noticiarioregional.com.br\/index.php?rest_route=\/wp\/v2\/users\/1"}],"replies":[{"embeddable":true,"href":"https:\/\/noticiarioregional.com.br\/index.php?rest_route=%2Fwp%2Fv2%2Fcomments&post=6016"}],"version-history":[{"count":1,"href":"https:\/\/noticiarioregional.com.br\/index.php?rest_route=\/wp\/v2\/posts\/6016\/revisions"}],"predecessor-version":[{"id":6018,"href":"https:\/\/noticiarioregional.com.br\/index.php?rest_route=\/wp\/v2\/posts\/6016\/revisions\/6018"}],"wp:featuredmedia":[{"embeddable":true,"href":"https:\/\/noticiarioregional.com.br\/index.php?rest_route=\/wp\/v2\/media\/6017"}],"wp:attachment":[{"href":"https:\/\/noticiarioregional.com.br\/index.php?rest_route=%2Fwp%2Fv2%2Fmedia&parent=6016"}],"wp:term":[{"taxonomy":"category","embeddable":true,"href":"https:\/\/noticiarioregional.com.br\/index.php?rest_route=%2Fwp%2Fv2%2Fcategories&post=6016"},{"taxonomy":"post_tag","embeddable":true,"href":"https:\/\/noticiarioregional.com.br\/index.php?rest_route=%2Fwp%2Fv2%2Ftags&post=6016"}],"curies":[{"name":"wp","href":"https:\/\/api.w.org\/{rel}","templated":true}]}}