{"id":6019,"date":"2025-05-24T08:00:00","date_gmt":"2025-05-24T11:00:00","guid":{"rendered":"https:\/\/noticiarioregional.com.br\/?p=6019"},"modified":"2025-05-23T11:25:02","modified_gmt":"2025-05-23T14:25:02","slug":"prefeito-cumpre-agenda-estrategica-na-alesc","status":"publish","type":"post","link":"https:\/\/noticiarioregional.com.br\/?p=6019","title":{"rendered":"Prefeito cumpre agenda estrat\u00e9gica na Alesc"},"content":{"rendered":"\n<h2 class=\"wp-block-heading\"><em>Al\u00e9m de encaminhamento para capta\u00e7\u00e3o de recursos e novo delegado ao munic\u00edpio<\/em><\/h2>\n\n\n\n<p>Em viagem institucional voltada \u00e0 capta\u00e7\u00e3o de recursos e fortalecimento das rela\u00e7\u00f5es pol\u00edticas, o prefeito de Monda\u00ed, Elizandro Mainardi, acompanhado da primeira-dama Claudiane Mainardi, cumpriu agenda oficial na Assembleia Legislativa de Santa Catarina (Alesc), em Florian\u00f3polis. A principal miss\u00e3o foi articula\u00e7\u00e3o para a capta\u00e7\u00e3o de recursos, seguida da entrega do convite oficial para as comemora\u00e7\u00f5es dos 103 anos de coloniza\u00e7\u00e3o do munic\u00edpio, que ocorrem entre os dias 15 e 23 de maio, e o pleito para a nomea\u00e7\u00e3o de um delegado junto a delegacia de pol\u00edcia civil.<\/p>\n\n\n\n<p>A visita contemplou reuni\u00f5es com os gabinetes dos deputados estaduais Maur\u00edcio Eskudlark, Altair Silva e Marcos Vieira. Recebido pelos assessores parlamentares, o chefe do Executivo mondaiense aproveitou o momento n\u00e3o apenas para refor\u00e7ar o simbolismo da data hist\u00f3rica, mas tamb\u00e9m para apresentar um pacote de demandas estrat\u00e9gicas voltadas ao desenvolvimento da cidade.<\/p>\n\n\n\n<p>Entre as pautas tratadas, estiveram a busca por emendas e investimentos nas \u00e1reas de infraestrutura, sa\u00fade, agricultura e fortalecimento do setor produtivo local. Quanto a demanda por um delegado, acompanhado do deputado Maur\u00edcio Eskudlark, participou de uma importante reuni\u00e3o com o Delegado-Geral Adjunto da Pol\u00edcia Civil de Santa Catarina, Nilson Luis de Oliveira Cezar, onde enfatizou a importancia do trabalho da pol\u00edcia civil no munic\u00edpio, e solicitou a loca\u00e7\u00e3o de um delegado para atuar em Monda\u00ed.<\/p>\n\n\n\n<p><em>\u201cLevar as demandas de Monda\u00ed diretamente aos nossos representantes \u00e9 uma forma de garantir que as necessidades da nossa popula\u00e7\u00e3o sejam ouvidas e atendidas. Al\u00e9m disso, \u00e9 uma satisfa\u00e7\u00e3o poder convid\u00e1-los pessoalmente para celebrar conosco os 103 anos de uma hist\u00f3ria constru\u00edda com trabalho, coragem e uni\u00e3o\u201d,<\/em> afirmou o prefeito Elizandro Mainardi.<\/p>\n\n\n\n<p>As festividades alusivas ao anivers\u00e1rio de Monda\u00ed que iniciaram ontem, quinta-feira, 15, contar\u00e3o com uma programa\u00e7\u00e3o diversificada, envolvendo eventos culturais, gastron\u00f4micos, shows, corte do bolo e solenidades c\u00edvicas, reafirmando o orgulho e a identidade da comunidade com suas ra\u00edzes. <em>Com informa\u00e7\u00f5es ASCOM<\/em><\/p>\n","protected":false},"excerpt":{"rendered":"<p>Al\u00e9m de encaminhamento para capta\u00e7\u00e3o de recursos e novo delegado ao munic\u00edpio Em viagem institucional voltada \u00e0 capta\u00e7\u00e3o de recursos e fortalecimento das rela\u00e7\u00f5es pol\u00edticas, o prefeito de Monda\u00ed, Elizandro Mainardi, acompanhado da primeira-dama Claudiane Mainardi, cumpriu agenda oficial na Assembleia Legislativa de Santa Catarina (Alesc), em Florian\u00f3polis. A principal miss\u00e3o foi articula\u00e7\u00e3o para a<\/p>\n","protected":false},"author":1,"featured_media":6020,"comment_status":"open","ping_status":"open","sticky":false,"template":"","format":"standard","meta":{"footnotes":""},"categories":[41],"tags":[],"class_list":{"0":"post-6019","1":"post","2":"type-post","3":"status-publish","4":"format-standard","5":"has-post-thumbnail","7":"category-noticias"},"_links":{"self":[{"href":"https:\/\/noticiarioregional.com.br\/index.php?rest_route=\/wp\/v2\/posts\/6019","targetHints":{"allow":["GET"]}}],"collection":[{"href":"https:\/\/noticiarioregional.com.br\/index.php?rest_route=\/wp\/v2\/posts"}],"about":[{"href":"https:\/\/noticiarioregional.com.br\/index.php?rest_route=\/wp\/v2\/types\/post"}],"author":[{"embeddable":true,"href":"https:\/\/noticiarioregional.com.br\/index.php?rest_route=\/wp\/v2\/users\/1"}],"replies":[{"embeddable":true,"href":"https:\/\/noticiarioregional.com.br\/index.php?rest_route=%2Fwp%2Fv2%2Fcomments&post=6019"}],"version-history":[{"count":1,"href":"https:\/\/noticiarioregional.com.br\/index.php?rest_route=\/wp\/v2\/posts\/6019\/revisions"}],"predecessor-version":[{"id":6021,"href":"https:\/\/noticiarioregional.com.br\/index.php?rest_route=\/wp\/v2\/posts\/6019\/revisions\/6021"}],"wp:featuredmedia":[{"embeddable":true,"href":"https:\/\/noticiarioregional.com.br\/index.php?rest_route=\/wp\/v2\/media\/6020"}],"wp:attachment":[{"href":"https:\/\/noticiarioregional.com.br\/index.php?rest_route=%2Fwp%2Fv2%2Fmedia&parent=6019"}],"wp:term":[{"taxonomy":"category","embeddable":true,"href":"https:\/\/noticiarioregional.com.br\/index.php?rest_route=%2Fwp%2Fv2%2Fcategories&post=6019"},{"taxonomy":"post_tag","embeddable":true,"href":"https:\/\/noticiarioregional.com.br\/index.php?rest_route=%2Fwp%2Fv2%2Ftags&post=6019"}],"curies":[{"name":"wp","href":"https:\/\/api.w.org\/{rel}","templated":true}]}}