{"id":6227,"date":"2025-05-30T10:49:51","date_gmt":"2025-05-30T13:49:51","guid":{"rendered":"https:\/\/noticiarioregional.com.br\/?p=6227"},"modified":"2025-05-30T11:50:51","modified_gmt":"2025-05-30T14:50:51","slug":"sao-joao-do-oeste-ira-produzir-novo-mapa-urbano","status":"publish","type":"post","link":"https:\/\/noticiarioregional.com.br\/?p=6227","title":{"rendered":"S\u00e3o Jo\u00e3o do Oeste ir\u00e1 produzir novo mapa urbano"},"content":{"rendered":"\n<p>Durante o m\u00eas de maio funcion\u00e1rios da empresa Toposat Engenharia realizaram o levantamento de ruas e lotes da cidade, com a finalidade da elabora\u00e7\u00e3o de um novo mapa urbano. O secret\u00e1rio de Administra\u00e7\u00e3o, Claudir Rauber, explica que a empresa foi contratada atrav\u00e9s de licita\u00e7\u00e3o pelo CONDER, em que mais munic\u00edpios da regi\u00e3o ir\u00e3o usufruir deste trabalho a um valor mais baixo pela contrata\u00e7\u00e3o ter sido feita de forma regionalizada. A inten\u00e7\u00e3o de realizar este levantamento, conforme o secret\u00e1rio, foi manifestada ainda pela gest\u00e3o anterior.<\/p>\n\n\n\n<p>Claudir explica que os setores de Tributos e Engenharia da prefeitura refor\u00e7aram a necessidade da atualiza\u00e7\u00e3o do mapa urbano, pois o mapa que o munic\u00edpio possui hoje ainda \u00e9 da \u00e9poca que o territ\u00f3rio pertencia a Itapiranga. O secret\u00e1rio enfatiza que a empresa est\u00e1 fazendo um levantamento planialtim\u00e9trico de todas as ruas da cidade, identificando bocas de lobo, recursos h\u00eddricos, medidas e divis\u00f5es dos lotes urbanos.<\/p>\n\n\n\n<p>Para esse trabalho, o secret\u00e1rio lembra que \u00e9 importante a contribui\u00e7\u00e3o dos moradores, para que repassem as informa\u00e7\u00f5es solicitadas e autorizem os profissionais a fazerem as medidas, considerando que estes est\u00e3o identificados e fazem uso dos equipamentos espec\u00edficos.<\/p>\n\n\n\n<p>Segundo o secret\u00e1rio, a atualiza\u00e7\u00e3o do mapa se faz necess\u00e1ria para diversos trabalhos e a\u00e7\u00f5es pelo poder p\u00fablico, como a identifica\u00e7\u00e3o das ruas, lotes, o crescimento e a proje\u00e7\u00e3o da cidade. O munic\u00edpio ir\u00e1 pagar por metro quadrado de \u00e1rea mapeada, custo que est\u00e1 estimado em cerca de R$ 100 mil. Claudir ressalta que o pagamento a empresa ser\u00e1 feito somente ap\u00f3s a conclus\u00e3o e a entrega do levantamento finalizado.<\/p>\n\n\n\n<p><strong>Vereador questiona contrata\u00e7\u00e3o de empresa<\/strong><\/p>\n\n\n\n<p>Na sess\u00e3o da C\u00e2mara de Vereadores do dia 12 de maio, o vereador Lairton Reichert, no uso da palavra, manifestou sua preocupa\u00e7\u00e3o quanto a contrata\u00e7\u00e3o da empresa Toposat Engenharia, com sede em Campo Grande, Mato Grosso do Sul. Citou que no dia 08 de maio a empresa foi alvo de opera\u00e7\u00e3o da Pol\u00edcia Federal, por suspeita de liga\u00e7\u00e3o a adultera\u00e7\u00e3o de documentos e escrituras, e grilagem de terra, inclusive com apreens\u00f5es.<\/p>\n\n\n\n<p>O vereador afirmou que a popula\u00e7\u00e3o j\u00e1 estava receosa com o trabalho da empresa, pelo fato de n\u00e3o ter sido feita uma divulga\u00e7\u00e3o pr\u00e9via e ampla dos objetivos deste trabalho, o que se agravou agora com as acusa\u00e7\u00f5es. Lairton pediu ao Executivo que analise a possibilidade de suspender o contrato, e comentou estar ciente de que a gest\u00e3o municipal n\u00e3o tem responsabilidade ou envolvimento em qualquer irregularidade na licita\u00e7\u00e3o, realizada pelo CONDER.<\/p>\n\n\n\n<p>O secret\u00e1rio de Administra\u00e7\u00e3o, Claudir Rauber, afirma que a investiga\u00e7\u00e3o das supostas acusa\u00e7\u00f5es que envolvem a empresa n\u00e3o tem rela\u00e7\u00e3o com o servi\u00e7o que est\u00e1 sendo prestado em S\u00e3o Jo\u00e3o do Oeste e outros munic\u00edpios da regi\u00e3o. Enaltece que a licita\u00e7\u00e3o foi feita pelo CONDER, e a empresa na \u00e9poca apresentou toda documenta\u00e7\u00e3o e atendeu aos crit\u00e9rios exigidos, n\u00e3o havendo irregularidades na sua contrata\u00e7\u00e3o.<\/p>\n","protected":false},"excerpt":{"rendered":"<p>Durante o m\u00eas de maio funcion\u00e1rios da empresa Toposat Engenharia realizaram o levantamento de ruas e lotes da cidade, com a finalidade da elabora\u00e7\u00e3o de um novo mapa urbano. O secret\u00e1rio de Administra\u00e7\u00e3o, Claudir Rauber, explica que a empresa foi contratada atrav\u00e9s de licita\u00e7\u00e3o pelo CONDER, em que mais munic\u00edpios da regi\u00e3o ir\u00e3o usufruir deste<\/p>\n","protected":false},"author":1,"featured_media":6228,"comment_status":"open","ping_status":"open","sticky":false,"template":"","format":"standard","meta":{"footnotes":""},"categories":[41],"tags":[],"class_list":{"0":"post-6227","1":"post","2":"type-post","3":"status-publish","4":"format-standard","5":"has-post-thumbnail","7":"category-noticias"},"_links":{"self":[{"href":"https:\/\/noticiarioregional.com.br\/index.php?rest_route=\/wp\/v2\/posts\/6227","targetHints":{"allow":["GET"]}}],"collection":[{"href":"https:\/\/noticiarioregional.com.br\/index.php?rest_route=\/wp\/v2\/posts"}],"about":[{"href":"https:\/\/noticiarioregional.com.br\/index.php?rest_route=\/wp\/v2\/types\/post"}],"author":[{"embeddable":true,"href":"https:\/\/noticiarioregional.com.br\/index.php?rest_route=\/wp\/v2\/users\/1"}],"replies":[{"embeddable":true,"href":"https:\/\/noticiarioregional.com.br\/index.php?rest_route=%2Fwp%2Fv2%2Fcomments&post=6227"}],"version-history":[{"count":2,"href":"https:\/\/noticiarioregional.com.br\/index.php?rest_route=\/wp\/v2\/posts\/6227\/revisions"}],"predecessor-version":[{"id":6262,"href":"https:\/\/noticiarioregional.com.br\/index.php?rest_route=\/wp\/v2\/posts\/6227\/revisions\/6262"}],"wp:featuredmedia":[{"embeddable":true,"href":"https:\/\/noticiarioregional.com.br\/index.php?rest_route=\/wp\/v2\/media\/6228"}],"wp:attachment":[{"href":"https:\/\/noticiarioregional.com.br\/index.php?rest_route=%2Fwp%2Fv2%2Fmedia&parent=6227"}],"wp:term":[{"taxonomy":"category","embeddable":true,"href":"https:\/\/noticiarioregional.com.br\/index.php?rest_route=%2Fwp%2Fv2%2Fcategories&post=6227"},{"taxonomy":"post_tag","embeddable":true,"href":"https:\/\/noticiarioregional.com.br\/index.php?rest_route=%2Fwp%2Fv2%2Ftags&post=6227"}],"curies":[{"name":"wp","href":"https:\/\/api.w.org\/{rel}","templated":true}]}}