{"id":6237,"date":"2025-05-31T11:00:00","date_gmt":"2025-05-31T14:00:00","guid":{"rendered":"https:\/\/noticiarioregional.com.br\/?p=6237"},"modified":"2025-05-30T11:01:00","modified_gmt":"2025-05-30T14:01:00","slug":"epagri-de-descanso-atende-em-novo-endereco","status":"publish","type":"post","link":"https:\/\/noticiarioregional.com.br\/?p=6237","title":{"rendered":"Epagri de Descanso atende em novo endere\u00e7o"},"content":{"rendered":"\n<p>No final do m\u00eas de abril e in\u00edcio de maio a escrit\u00f3rio da Epagri de Descanso iniciou a mudan\u00e7a para o novo endere\u00e7o. Agora, o atendimento \u00e9 realizado na antiga feira livre, no mesmo pr\u00e9dio da secretaria de Agricultura, na rua Jos\u00e9 Bonif\u00e1cio, 455.<\/p>\n\n\n\n<p>Com o remanejamento interno realizado na prefeitura, a servidora do setor de Identifica\u00e7\u00e3o, que atendia na sala da antiga feira livre, foi realocada para uma sala no pr\u00e9dio da prefeitura. Anteriormente a Epagri atendia em sala alugada, e como esta sala da antiga feira vagou, ocorreu a mudan\u00e7a para o espa\u00e7o que \u00e9 do munic\u00edpio, e que n\u00e3o ter\u00e1 custos com aluguel.<\/p>\n\n\n\n<p>O escrit\u00f3rio da Epagri atende de segunda a sexta-feira, das 8h \u00e0s 12h, e das 13h \u00e0s 17h. O dia priorit\u00e1rio para atendimentos no escrit\u00f3rio \u00e9 na segunda-feira, sendo que nos demais dias os profissionais se dedicam tamb\u00e9m aos trabalhos a campo. O telefone WhatsApp da Epagri de Descanso \u00e9 o (49) 991084858. A equipe contempla tr\u00eas profissionais, sendo a assistente administrativo T\u00e2nia Moscon, a extensionista social Fl\u00e1via de Oliveira e o extensionista rural Zolmir Frizzo. Ainda para este ano, h\u00e1 expectativa da vinda de mais um profissional para auxiliar nas demandas.<\/p>\n\n\n\n<p><strong>Trabalhos da extens\u00e3o<\/strong><\/p>\n\n\n\n<p>Na extens\u00e3o social, Fl\u00e1via de Oliveira cita que foi retomada a discuss\u00e3o sobre turismo no munic\u00edpio, com encontro realizado na \u00faltima semana, do Colegiado de Turismo da Ameosc e os coordenadores da Inst\u00e2ncia de Governan\u00e7a Regional (IGR) Caminhos da Fronteira. Comenta que a Epagri atua de forma conjunta com a secretaria de Desenvolvimento Econ\u00f4mico e equipe municipal na oferta de capacita\u00e7\u00e3o para empreendimentos j\u00e1 existentes e na orienta\u00e7\u00e3o para fomentar o turismo.<\/p>\n\n\n\n<p>A extensionista est\u00e1 trabalhando a tem\u00e1tica da educa\u00e7\u00e3o ambiental nas escolas, com foco na Confer\u00eancia Estadual do Meio Ambiente, para a qual, o munic\u00edpio ter\u00e1 seus representantes. De forma paralela, Fl\u00e1via realiza o trabalho de acompanhar e orientar as agroind\u00fastrias do munic\u00edpio, quanto a comercializa\u00e7\u00e3o, rastreabilidade e organiza\u00e7\u00e3o da produ\u00e7\u00e3o em si.<\/p>\n\n\n\n<p>Descanso possui quatro mulheres agricultoras que realizaram o curso Florescer no Cetresmo de S\u00e3o Miguel do Oeste, e que atuam no munic\u00edpio nas \u00e1reas de produ\u00e7\u00e3o de leite, gado de corte e lavoura. Estas mulheres s\u00e3o acompanhadas pela extensionista social, com visitas mensais e planejamento da propriedade, em que uma das finalidades \u00e9 a legaliza\u00e7\u00e3o do empreendimento. Ao final da forma\u00e7\u00e3o, as mulheres realizam melhorias pr\u00e1ticas em sua propriedade com base nas orienta\u00e7\u00f5es que receberam.<\/p>\n\n\n\n<p>O trabalho de extens\u00e3o social contempla tamb\u00e9m o atendimento as comunidades, com palestras e encontros de orienta\u00e7\u00e3o a grupos e fam\u00edlias. Ainda na extens\u00e3o rural, o extensionista Zolmir Frizzo realiza o trabalho a campo no assessoramento aos agricultores em v\u00e1rias atividades e na elabora\u00e7\u00e3o de projetos executados com recursos do estado.<\/p>\n","protected":false},"excerpt":{"rendered":"<p>No final do m\u00eas de abril e in\u00edcio de maio a escrit\u00f3rio da Epagri de Descanso iniciou a mudan\u00e7a para o novo endere\u00e7o. Agora, o atendimento \u00e9 realizado na antiga feira livre, no mesmo pr\u00e9dio da secretaria de Agricultura, na rua Jos\u00e9 Bonif\u00e1cio, 455. Com o remanejamento interno realizado na prefeitura, a servidora do setor<\/p>\n","protected":false},"author":1,"featured_media":6238,"comment_status":"open","ping_status":"open","sticky":false,"template":"","format":"standard","meta":{"footnotes":""},"categories":[41],"tags":[],"class_list":{"0":"post-6237","1":"post","2":"type-post","3":"status-publish","4":"format-standard","5":"has-post-thumbnail","7":"category-noticias"},"_links":{"self":[{"href":"https:\/\/noticiarioregional.com.br\/index.php?rest_route=\/wp\/v2\/posts\/6237","targetHints":{"allow":["GET"]}}],"collection":[{"href":"https:\/\/noticiarioregional.com.br\/index.php?rest_route=\/wp\/v2\/posts"}],"about":[{"href":"https:\/\/noticiarioregional.com.br\/index.php?rest_route=\/wp\/v2\/types\/post"}],"author":[{"embeddable":true,"href":"https:\/\/noticiarioregional.com.br\/index.php?rest_route=\/wp\/v2\/users\/1"}],"replies":[{"embeddable":true,"href":"https:\/\/noticiarioregional.com.br\/index.php?rest_route=%2Fwp%2Fv2%2Fcomments&post=6237"}],"version-history":[{"count":1,"href":"https:\/\/noticiarioregional.com.br\/index.php?rest_route=\/wp\/v2\/posts\/6237\/revisions"}],"predecessor-version":[{"id":6239,"href":"https:\/\/noticiarioregional.com.br\/index.php?rest_route=\/wp\/v2\/posts\/6237\/revisions\/6239"}],"wp:featuredmedia":[{"embeddable":true,"href":"https:\/\/noticiarioregional.com.br\/index.php?rest_route=\/wp\/v2\/media\/6238"}],"wp:attachment":[{"href":"https:\/\/noticiarioregional.com.br\/index.php?rest_route=%2Fwp%2Fv2%2Fmedia&parent=6237"}],"wp:term":[{"taxonomy":"category","embeddable":true,"href":"https:\/\/noticiarioregional.com.br\/index.php?rest_route=%2Fwp%2Fv2%2Fcategories&post=6237"},{"taxonomy":"post_tag","embeddable":true,"href":"https:\/\/noticiarioregional.com.br\/index.php?rest_route=%2Fwp%2Fv2%2Ftags&post=6237"}],"curies":[{"name":"wp","href":"https:\/\/api.w.org\/{rel}","templated":true}]}}