{"id":6266,"date":"2025-05-30T14:23:54","date_gmt":"2025-05-30T17:23:54","guid":{"rendered":"https:\/\/noticiarioregional.com.br\/?p=6266"},"modified":"2025-05-30T14:23:56","modified_gmt":"2025-05-30T17:23:56","slug":"registros-da-3a-cavalgada-da-demarcacao-de-ipora-do-oeste","status":"publish","type":"post","link":"https:\/\/noticiarioregional.com.br\/?p=6266","title":{"rendered":"Registros da 3\u00aa Cavalgada da Demarca\u00e7\u00e3o de Ipor\u00e3 do Oeste"},"content":{"rendered":"\n<p><em>Evento integra programa\u00e7\u00e3o do 36\u00aa anivers\u00e1rio do munic\u00edpio<\/em><\/p>\n\n\n\n<p>Com a organiza\u00e7\u00e3o do Clube do Cavalo Alma Campeira e apoio da administra\u00e7\u00e3o municipal, iniciou no dia 27 de maio e encerra no domingo, dia 1\u00ba de junho, a 3\u00aa edi\u00e7\u00e3o da Cavalgada da Demarca\u00e7\u00e3o de Ipor\u00e3 do Oeste.<\/p>\n\n\n\n<p>A sa\u00edda no dia 27 pela manh\u00e3 foi do CTG Heran\u00e7a Pampiana de Ipor\u00e3 do Oeste, com destino ao Clube do Cavalo Otto Veit de S\u00e3o Jo\u00e3o do Oeste. Ap\u00f3s o almo\u00e7o a cavalgada seguiu para Linha Taipa Baixa, Monda\u00ed, com pernoite e jantar.<\/p>\n\n\n\n<p>O segundo dia da cavalgada seguiu de Taipa Baixa a Monda\u00ed, com destino ao CTG Sentinela do Uruguai. A tarde o destino foi o CTG de Riqueza, onde os cavalarianos permaneceram durante a noite.<\/p>\n\n\n\n<p>Dia 29 de maio, terceiro dia de cavalgada, a sa\u00edda foi do CTG de Riqueza em dire\u00e7\u00e3o a S\u00e3o Jos\u00e9 do Laranjal, seguindo a tarde por Linha Anta Gorda Baixa e Linha Barra do Herval, em Descanso.<\/p>\n\n\n\n<p>No dia seguinte, 30 de maio, o destino foi o CTG Candeeiro do Oeste de Descanso, depois at\u00e9 Linha Leste. No s\u00e1bado, 31, o grupo segue at\u00e9 o Clube do Cavalo de Santa Helena e ap\u00f3s at\u00e9 o CTG de Tun\u00e1polis.<\/p>\n\n\n\n<p>A cavalgada encerra no domingo, 1\u00ba de junho, com sa\u00edda de Tun\u00e1polis e retorno ao CTG de Ipor\u00e3 do Oeste, onde ser\u00e1 servido o almo\u00e7o de encerramento, a base de costel\u00e3o, acompanhado de saladas, cuca e p\u00e3o. Um dos integrantes do Clube do Cavalo Alma Campeira e organizadores da cavalgada, Ivandro Hermes, destaca que as fichas para o almo\u00e7o est\u00e3o sendo vendidas na Agropecu\u00e1ria Nutriceres, na Metal\u00fargica Quer\u00eancia e Rancho do Tch\u00ea, na loja de Hermes, Casa e Constru\u00e7\u00e3o e com os associados. O valor adulto \u00e9 R$ 45,00 e infantil de 6 a 12 anos \u00e9 de R$ 25,00.<\/p>\n\n\n\n<figure class=\"wp-block-image size-large\"><img fetchpriority=\"high\" decoding=\"async\" width=\"1024\" height=\"683\" src=\"http:\/\/noticiarioregional.com.br\/wp-content\/uploads\/2025\/05\/IMG_8025-1024x683.jpg\" alt=\"\" class=\"wp-image-6267\" srcset=\"https:\/\/noticiarioregional.com.br\/wp-content\/uploads\/2025\/05\/IMG_8025-1024x683.jpg 1024w, https:\/\/noticiarioregional.com.br\/wp-content\/uploads\/2025\/05\/IMG_8025-300x200.jpg 300w, https:\/\/noticiarioregional.com.br\/wp-content\/uploads\/2025\/05\/IMG_8025-768x512.jpg 768w, https:\/\/noticiarioregional.com.br\/wp-content\/uploads\/2025\/05\/IMG_8025-1536x1024.jpg 1536w, https:\/\/noticiarioregional.com.br\/wp-content\/uploads\/2025\/05\/IMG_8025-2048x1365.jpg 2048w, https:\/\/noticiarioregional.com.br\/wp-content\/uploads\/2025\/05\/IMG_8025-150x100.jpg 150w, https:\/\/noticiarioregional.com.br\/wp-content\/uploads\/2025\/05\/IMG_8025-450x300.jpg 450w, https:\/\/noticiarioregional.com.br\/wp-content\/uploads\/2025\/05\/IMG_8025-1200x800.jpg 1200w\" sizes=\"(max-width: 1024px) 100vw, 1024px\" \/><\/figure>\n\n\n\n<figure class=\"wp-block-image size-large\"><img decoding=\"async\" width=\"1024\" height=\"683\" src=\"http:\/\/noticiarioregional.com.br\/wp-content\/uploads\/2025\/05\/IMG_8027-1024x683.jpg\" alt=\"\" class=\"wp-image-6269\" srcset=\"https:\/\/noticiarioregional.com.br\/wp-content\/uploads\/2025\/05\/IMG_8027-1024x683.jpg 1024w, https:\/\/noticiarioregional.com.br\/wp-content\/uploads\/2025\/05\/IMG_8027-300x200.jpg 300w, https:\/\/noticiarioregional.com.br\/wp-content\/uploads\/2025\/05\/IMG_8027-768x512.jpg 768w, https:\/\/noticiarioregional.com.br\/wp-content\/uploads\/2025\/05\/IMG_8027-1536x1024.jpg 1536w, https:\/\/noticiarioregional.com.br\/wp-content\/uploads\/2025\/05\/IMG_8027-2048x1365.jpg 2048w, https:\/\/noticiarioregional.com.br\/wp-content\/uploads\/2025\/05\/IMG_8027-150x100.jpg 150w, https:\/\/noticiarioregional.com.br\/wp-content\/uploads\/2025\/05\/IMG_8027-450x300.jpg 450w, https:\/\/noticiarioregional.com.br\/wp-content\/uploads\/2025\/05\/IMG_8027-1200x800.jpg 1200w\" sizes=\"(max-width: 1024px) 100vw, 1024px\" \/><\/figure>\n\n\n\n<figure class=\"wp-block-image size-large\"><img decoding=\"async\" width=\"1024\" height=\"683\" src=\"http:\/\/noticiarioregional.com.br\/wp-content\/uploads\/2025\/05\/IMG_8031-1024x683.jpg\" alt=\"\" class=\"wp-image-6272\" srcset=\"https:\/\/noticiarioregional.com.br\/wp-content\/uploads\/2025\/05\/IMG_8031-1024x683.jpg 1024w, https:\/\/noticiarioregional.com.br\/wp-content\/uploads\/2025\/05\/IMG_8031-300x200.jpg 300w, https:\/\/noticiarioregional.com.br\/wp-content\/uploads\/2025\/05\/IMG_8031-768x512.jpg 768w, https:\/\/noticiarioregional.com.br\/wp-content\/uploads\/2025\/05\/IMG_8031-1536x1024.jpg 1536w, https:\/\/noticiarioregional.com.br\/wp-content\/uploads\/2025\/05\/IMG_8031-2048x1365.jpg 2048w, https:\/\/noticiarioregional.com.br\/wp-content\/uploads\/2025\/05\/IMG_8031-150x100.jpg 150w, https:\/\/noticiarioregional.com.br\/wp-content\/uploads\/2025\/05\/IMG_8031-450x300.jpg 450w, https:\/\/noticiarioregional.com.br\/wp-content\/uploads\/2025\/05\/IMG_8031-1200x800.jpg 1200w\" sizes=\"(max-width: 1024px) 100vw, 1024px\" \/><\/figure>\n\n\n\n<figure class=\"wp-block-image size-large\"><img loading=\"lazy\" decoding=\"async\" width=\"1024\" height=\"683\" src=\"http:\/\/noticiarioregional.com.br\/wp-content\/uploads\/2025\/05\/IMG_8033-1024x683.jpg\" alt=\"\" class=\"wp-image-6274\" srcset=\"https:\/\/noticiarioregional.com.br\/wp-content\/uploads\/2025\/05\/IMG_8033-1024x683.jpg 1024w, https:\/\/noticiarioregional.com.br\/wp-content\/uploads\/2025\/05\/IMG_8033-300x200.jpg 300w, https:\/\/noticiarioregional.com.br\/wp-content\/uploads\/2025\/05\/IMG_8033-768x512.jpg 768w, https:\/\/noticiarioregional.com.br\/wp-content\/uploads\/2025\/05\/IMG_8033-1536x1024.jpg 1536w, https:\/\/noticiarioregional.com.br\/wp-content\/uploads\/2025\/05\/IMG_8033-2048x1365.jpg 2048w, https:\/\/noticiarioregional.com.br\/wp-content\/uploads\/2025\/05\/IMG_8033-150x100.jpg 150w, https:\/\/noticiarioregional.com.br\/wp-content\/uploads\/2025\/05\/IMG_8033-450x300.jpg 450w, https:\/\/noticiarioregional.com.br\/wp-content\/uploads\/2025\/05\/IMG_8033-1200x800.jpg 1200w\" sizes=\"(max-width: 1024px) 100vw, 1024px\" \/><\/figure>\n\n\n\n<figure class=\"wp-block-image size-large\"><img loading=\"lazy\" decoding=\"async\" width=\"1024\" height=\"683\" src=\"http:\/\/noticiarioregional.com.br\/wp-content\/uploads\/2025\/05\/IMG_8036-1024x683.jpg\" alt=\"\" class=\"wp-image-6275\" srcset=\"https:\/\/noticiarioregional.com.br\/wp-content\/uploads\/2025\/05\/IMG_8036-1024x683.jpg 1024w, https:\/\/noticiarioregional.com.br\/wp-content\/uploads\/2025\/05\/IMG_8036-300x200.jpg 300w, https:\/\/noticiarioregional.com.br\/wp-content\/uploads\/2025\/05\/IMG_8036-768x512.jpg 768w, https:\/\/noticiarioregional.com.br\/wp-content\/uploads\/2025\/05\/IMG_8036-1536x1024.jpg 1536w, https:\/\/noticiarioregional.com.br\/wp-content\/uploads\/2025\/05\/IMG_8036-2048x1365.jpg 2048w, https:\/\/noticiarioregional.com.br\/wp-content\/uploads\/2025\/05\/IMG_8036-150x100.jpg 150w, https:\/\/noticiarioregional.com.br\/wp-content\/uploads\/2025\/05\/IMG_8036-450x300.jpg 450w, https:\/\/noticiarioregional.com.br\/wp-content\/uploads\/2025\/05\/IMG_8036-1200x800.jpg 1200w\" sizes=\"(max-width: 1024px) 100vw, 1024px\" \/><\/figure>\n\n\n\n<figure class=\"wp-block-image size-large\"><img loading=\"lazy\" decoding=\"async\" width=\"1024\" height=\"683\" src=\"http:\/\/noticiarioregional.com.br\/wp-content\/uploads\/2025\/05\/IMG_8040-1024x683.jpg\" alt=\"\" class=\"wp-image-6277\" srcset=\"https:\/\/noticiarioregional.com.br\/wp-content\/uploads\/2025\/05\/IMG_8040-1024x683.jpg 1024w, https:\/\/noticiarioregional.com.br\/wp-content\/uploads\/2025\/05\/IMG_8040-300x200.jpg 300w, https:\/\/noticiarioregional.com.br\/wp-content\/uploads\/2025\/05\/IMG_8040-768x512.jpg 768w, https:\/\/noticiarioregional.com.br\/wp-content\/uploads\/2025\/05\/IMG_8040-1536x1024.jpg 1536w, https:\/\/noticiarioregional.com.br\/wp-content\/uploads\/2025\/05\/IMG_8040-2048x1365.jpg 2048w, https:\/\/noticiarioregional.com.br\/wp-content\/uploads\/2025\/05\/IMG_8040-150x100.jpg 150w, https:\/\/noticiarioregional.com.br\/wp-content\/uploads\/2025\/05\/IMG_8040-450x300.jpg 450w, https:\/\/noticiarioregional.com.br\/wp-content\/uploads\/2025\/05\/IMG_8040-1200x800.jpg 1200w\" sizes=\"(max-width: 1024px) 100vw, 1024px\" \/><\/figure>\n\n\n\n<figure class=\"wp-block-image size-large\"><img loading=\"lazy\" decoding=\"async\" width=\"1024\" height=\"683\" src=\"http:\/\/noticiarioregional.com.br\/wp-content\/uploads\/2025\/05\/IMG_8041-1024x683.jpg\" alt=\"\" class=\"wp-image-6278\" srcset=\"https:\/\/noticiarioregional.com.br\/wp-content\/uploads\/2025\/05\/IMG_8041-1024x683.jpg 1024w, https:\/\/noticiarioregional.com.br\/wp-content\/uploads\/2025\/05\/IMG_8041-300x200.jpg 300w, https:\/\/noticiarioregional.com.br\/wp-content\/uploads\/2025\/05\/IMG_8041-768x512.jpg 768w, https:\/\/noticiarioregional.com.br\/wp-content\/uploads\/2025\/05\/IMG_8041-1536x1024.jpg 1536w, https:\/\/noticiarioregional.com.br\/wp-content\/uploads\/2025\/05\/IMG_8041-2048x1365.jpg 2048w, https:\/\/noticiarioregional.com.br\/wp-content\/uploads\/2025\/05\/IMG_8041-150x100.jpg 150w, https:\/\/noticiarioregional.com.br\/wp-content\/uploads\/2025\/05\/IMG_8041-450x300.jpg 450w, https:\/\/noticiarioregional.com.br\/wp-content\/uploads\/2025\/05\/IMG_8041-1200x800.jpg 1200w\" sizes=\"(max-width: 1024px) 100vw, 1024px\" \/><\/figure>\n\n\n\n<figure class=\"wp-block-image size-large\"><img loading=\"lazy\" decoding=\"async\" width=\"1024\" height=\"683\" src=\"http:\/\/noticiarioregional.com.br\/wp-content\/uploads\/2025\/05\/IMG_8042-1024x683.jpg\" alt=\"\" class=\"wp-image-6279\" srcset=\"https:\/\/noticiarioregional.com.br\/wp-content\/uploads\/2025\/05\/IMG_8042-1024x683.jpg 1024w, https:\/\/noticiarioregional.com.br\/wp-content\/uploads\/2025\/05\/IMG_8042-300x200.jpg 300w, https:\/\/noticiarioregional.com.br\/wp-content\/uploads\/2025\/05\/IMG_8042-768x512.jpg 768w, https:\/\/noticiarioregional.com.br\/wp-content\/uploads\/2025\/05\/IMG_8042-1536x1024.jpg 1536w, https:\/\/noticiarioregional.com.br\/wp-content\/uploads\/2025\/05\/IMG_8042-2048x1365.jpg 2048w, https:\/\/noticiarioregional.com.br\/wp-content\/uploads\/2025\/05\/IMG_8042-150x100.jpg 150w, https:\/\/noticiarioregional.com.br\/wp-content\/uploads\/2025\/05\/IMG_8042-450x300.jpg 450w, https:\/\/noticiarioregional.com.br\/wp-content\/uploads\/2025\/05\/IMG_8042-1200x800.jpg 1200w\" sizes=\"(max-width: 1024px) 100vw, 1024px\" \/><\/figure>\n\n\n\n<figure class=\"wp-block-image size-large\"><img loading=\"lazy\" decoding=\"async\" width=\"1024\" height=\"683\" src=\"http:\/\/noticiarioregional.com.br\/wp-content\/uploads\/2025\/05\/IMG_8043-1024x683.jpg\" alt=\"\" class=\"wp-image-6280\" srcset=\"https:\/\/noticiarioregional.com.br\/wp-content\/uploads\/2025\/05\/IMG_8043-1024x683.jpg 1024w, https:\/\/noticiarioregional.com.br\/wp-content\/uploads\/2025\/05\/IMG_8043-300x200.jpg 300w, https:\/\/noticiarioregional.com.br\/wp-content\/uploads\/2025\/05\/IMG_8043-768x512.jpg 768w, https:\/\/noticiarioregional.com.br\/wp-content\/uploads\/2025\/05\/IMG_8043-1536x1024.jpg 1536w, https:\/\/noticiarioregional.com.br\/wp-content\/uploads\/2025\/05\/IMG_8043-2048x1365.jpg 2048w, https:\/\/noticiarioregional.com.br\/wp-content\/uploads\/2025\/05\/IMG_8043-150x100.jpg 150w, https:\/\/noticiarioregional.com.br\/wp-content\/uploads\/2025\/05\/IMG_8043-450x300.jpg 450w, https:\/\/noticiarioregional.com.br\/wp-content\/uploads\/2025\/05\/IMG_8043-1200x800.jpg 1200w\" sizes=\"(max-width: 1024px) 100vw, 1024px\" \/><\/figure>\n\n\n\n<figure class=\"wp-block-image size-large\"><img loading=\"lazy\" decoding=\"async\" width=\"1024\" height=\"683\" src=\"http:\/\/noticiarioregional.com.br\/wp-content\/uploads\/2025\/05\/IMG_8045-1024x683.jpg\" alt=\"\" class=\"wp-image-6281\" srcset=\"https:\/\/noticiarioregional.com.br\/wp-content\/uploads\/2025\/05\/IMG_8045-1024x683.jpg 1024w, https:\/\/noticiarioregional.com.br\/wp-content\/uploads\/2025\/05\/IMG_8045-300x200.jpg 300w, https:\/\/noticiarioregional.com.br\/wp-content\/uploads\/2025\/05\/IMG_8045-768x512.jpg 768w, https:\/\/noticiarioregional.com.br\/wp-content\/uploads\/2025\/05\/IMG_8045-1536x1024.jpg 1536w, https:\/\/noticiarioregional.com.br\/wp-content\/uploads\/2025\/05\/IMG_8045-2048x1365.jpg 2048w, https:\/\/noticiarioregional.com.br\/wp-content\/uploads\/2025\/05\/IMG_8045-150x100.jpg 150w, https:\/\/noticiarioregional.com.br\/wp-content\/uploads\/2025\/05\/IMG_8045-450x300.jpg 450w, https:\/\/noticiarioregional.com.br\/wp-content\/uploads\/2025\/05\/IMG_8045-1200x800.jpg 1200w\" sizes=\"(max-width: 1024px) 100vw, 1024px\" \/><\/figure>\n\n\n\n<figure class=\"wp-block-image size-large\"><img loading=\"lazy\" decoding=\"async\" width=\"1024\" height=\"683\" src=\"http:\/\/noticiarioregional.com.br\/wp-content\/uploads\/2025\/05\/IMG_8047-1024x683.jpg\" alt=\"\" class=\"wp-image-6283\" srcset=\"https:\/\/noticiarioregional.com.br\/wp-content\/uploads\/2025\/05\/IMG_8047-1024x683.jpg 1024w, https:\/\/noticiarioregional.com.br\/wp-content\/uploads\/2025\/05\/IMG_8047-300x200.jpg 300w, https:\/\/noticiarioregional.com.br\/wp-content\/uploads\/2025\/05\/IMG_8047-768x512.jpg 768w, https:\/\/noticiarioregional.com.br\/wp-content\/uploads\/2025\/05\/IMG_8047-1536x1024.jpg 1536w, https:\/\/noticiarioregional.com.br\/wp-content\/uploads\/2025\/05\/IMG_8047-2048x1365.jpg 2048w, https:\/\/noticiarioregional.com.br\/wp-content\/uploads\/2025\/05\/IMG_8047-150x100.jpg 150w, https:\/\/noticiarioregional.com.br\/wp-content\/uploads\/2025\/05\/IMG_8047-450x300.jpg 450w, https:\/\/noticiarioregional.com.br\/wp-content\/uploads\/2025\/05\/IMG_8047-1200x800.jpg 1200w\" sizes=\"(max-width: 1024px) 100vw, 1024px\" \/><\/figure>\n\n\n\n<figure class=\"wp-block-image size-large\"><img loading=\"lazy\" decoding=\"async\" width=\"1024\" height=\"683\" src=\"http:\/\/noticiarioregional.com.br\/wp-content\/uploads\/2025\/05\/IMG_8046-1024x683.jpg\" alt=\"\" class=\"wp-image-6282\" srcset=\"https:\/\/noticiarioregional.com.br\/wp-content\/uploads\/2025\/05\/IMG_8046-1024x683.jpg 1024w, https:\/\/noticiarioregional.com.br\/wp-content\/uploads\/2025\/05\/IMG_8046-300x200.jpg 300w, https:\/\/noticiarioregional.com.br\/wp-content\/uploads\/2025\/05\/IMG_8046-768x512.jpg 768w, https:\/\/noticiarioregional.com.br\/wp-content\/uploads\/2025\/05\/IMG_8046-1536x1024.jpg 1536w, https:\/\/noticiarioregional.com.br\/wp-content\/uploads\/2025\/05\/IMG_8046-2048x1365.jpg 2048w, https:\/\/noticiarioregional.com.br\/wp-content\/uploads\/2025\/05\/IMG_8046-150x100.jpg 150w, https:\/\/noticiarioregional.com.br\/wp-content\/uploads\/2025\/05\/IMG_8046-450x300.jpg 450w, https:\/\/noticiarioregional.com.br\/wp-content\/uploads\/2025\/05\/IMG_8046-1200x800.jpg 1200w\" sizes=\"(max-width: 1024px) 100vw, 1024px\" \/><\/figure>\n\n\n\n<figure class=\"wp-block-image size-large\"><img loading=\"lazy\" decoding=\"async\" width=\"1024\" height=\"683\" src=\"http:\/\/noticiarioregional.com.br\/wp-content\/uploads\/2025\/05\/IMG_8048-1024x683.jpg\" alt=\"\" class=\"wp-image-6284\" srcset=\"https:\/\/noticiarioregional.com.br\/wp-content\/uploads\/2025\/05\/IMG_8048-1024x683.jpg 1024w, https:\/\/noticiarioregional.com.br\/wp-content\/uploads\/2025\/05\/IMG_8048-300x200.jpg 300w, https:\/\/noticiarioregional.com.br\/wp-content\/uploads\/2025\/05\/IMG_8048-768x512.jpg 768w, https:\/\/noticiarioregional.com.br\/wp-content\/uploads\/2025\/05\/IMG_8048-1536x1024.jpg 1536w, https:\/\/noticiarioregional.com.br\/wp-content\/uploads\/2025\/05\/IMG_8048-2048x1365.jpg 2048w, https:\/\/noticiarioregional.com.br\/wp-content\/uploads\/2025\/05\/IMG_8048-150x100.jpg 150w, https:\/\/noticiarioregional.com.br\/wp-content\/uploads\/2025\/05\/IMG_8048-450x300.jpg 450w, https:\/\/noticiarioregional.com.br\/wp-content\/uploads\/2025\/05\/IMG_8048-1200x800.jpg 1200w\" sizes=\"(max-width: 1024px) 100vw, 1024px\" \/><\/figure>\n","protected":false},"excerpt":{"rendered":"<p>Evento integra programa\u00e7\u00e3o do 36\u00aa anivers\u00e1rio do munic\u00edpio Com a organiza\u00e7\u00e3o do Clube do Cavalo Alma Campeira e apoio da administra\u00e7\u00e3o municipal, iniciou no dia 27 de maio e encerra no domingo, dia 1\u00ba de junho, a 3\u00aa edi\u00e7\u00e3o da Cavalgada da Demarca\u00e7\u00e3o de Ipor\u00e3 do Oeste. A sa\u00edda no dia 27 pela manh\u00e3 foi<\/p>\n","protected":false},"author":1,"featured_media":6278,"comment_status":"open","ping_status":"open","sticky":false,"template":"","format":"standard","meta":{"footnotes":""},"categories":[41],"tags":[],"class_list":{"0":"post-6266","1":"post","2":"type-post","3":"status-publish","4":"format-standard","5":"has-post-thumbnail","7":"category-noticias"},"_links":{"self":[{"href":"https:\/\/noticiarioregional.com.br\/index.php?rest_route=\/wp\/v2\/posts\/6266","targetHints":{"allow":["GET"]}}],"collection":[{"href":"https:\/\/noticiarioregional.com.br\/index.php?rest_route=\/wp\/v2\/posts"}],"about":[{"href":"https:\/\/noticiarioregional.com.br\/index.php?rest_route=\/wp\/v2\/types\/post"}],"author":[{"embeddable":true,"href":"https:\/\/noticiarioregional.com.br\/index.php?rest_route=\/wp\/v2\/users\/1"}],"replies":[{"embeddable":true,"href":"https:\/\/noticiarioregional.com.br\/index.php?rest_route=%2Fwp%2Fv2%2Fcomments&post=6266"}],"version-history":[{"count":1,"href":"https:\/\/noticiarioregional.com.br\/index.php?rest_route=\/wp\/v2\/posts\/6266\/revisions"}],"predecessor-version":[{"id":6285,"href":"https:\/\/noticiarioregional.com.br\/index.php?rest_route=\/wp\/v2\/posts\/6266\/revisions\/6285"}],"wp:featuredmedia":[{"embeddable":true,"href":"https:\/\/noticiarioregional.com.br\/index.php?rest_route=\/wp\/v2\/media\/6278"}],"wp:attachment":[{"href":"https:\/\/noticiarioregional.com.br\/index.php?rest_route=%2Fwp%2Fv2%2Fmedia&parent=6266"}],"wp:term":[{"taxonomy":"category","embeddable":true,"href":"https:\/\/noticiarioregional.com.br\/index.php?rest_route=%2Fwp%2Fv2%2Fcategories&post=6266"},{"taxonomy":"post_tag","embeddable":true,"href":"https:\/\/noticiarioregional.com.br\/index.php?rest_route=%2Fwp%2Fv2%2Ftags&post=6266"}],"curies":[{"name":"wp","href":"https:\/\/api.w.org\/{rel}","templated":true}]}}