{"id":6286,"date":"2025-05-31T17:39:35","date_gmt":"2025-05-31T20:39:35","guid":{"rendered":"https:\/\/noticiarioregional.com.br\/?p=6286"},"modified":"2025-05-30T17:44:23","modified_gmt":"2025-05-30T20:44:23","slug":"criacao-de-animais-na-cidade","status":"publish","type":"post","link":"https:\/\/noticiarioregional.com.br\/?p=6286","title":{"rendered":"Cria\u00e7\u00e3o de animais na cidade"},"content":{"rendered":"\n<p><strong>Lei pro\u00edbe pr\u00e1tica e propriet\u00e1rios que descumprirem ser\u00e3o notificados e autuados<\/strong><\/p>\n\n\n\n<p>A Vigil\u00e2ncia Sanit\u00e1ria do munic\u00edpio de Santa Helena tem recebido v\u00e1rias den\u00fancias relacionadas a cria\u00e7\u00e3o de animais no per\u00edmetro urbano. Segundo a fiscal, Ivanici Ver\u00edssimo, s\u00e3o den\u00fancias de vizinhos incomodados com barulho, cheiro, moscas e vetores que s\u00e3o atra\u00eddos pelos animais. Nas vistorias, o setor tamb\u00e9m tem identificado diversos focos da dengue nos bebedouros de animais.<\/p>\n\n\n\n<p>Conforme a fiscal, a cria\u00e7\u00e3o de animais no per\u00edmetro urbano n\u00e3o \u00e9 permitida, e esta proibi\u00e7\u00e3o est\u00e1 prevista no C\u00f3digo Sanit\u00e1rio Estadual n\u00famero 6.320\/83 e no artigo 152, artigos 69 \u00a72\u00ba, 74 \u00a7 1\u00ba e 2\u00ba do Decreto Estadual 24.980\/85, da Lei Complementar Municipal n\u00famero 051, de 29 de abril de 2013. Esta legisla\u00e7\u00e3o determina que:<\/p>\n\n\n\n<p>\u201c\u00a7 3\u00ba N\u00e3o ser\u00e1 permitida a cria\u00e7\u00e3o ou conserva\u00e7\u00e3o de animais que por sua esp\u00e9cie ou quantidade possam ser causa de insalubridade, risco \u00e0 sa\u00fade de terceiros ou inc\u00f4modo em zona urbana e residencial, sendo proibida, tamb\u00e9m, a utiliza\u00e7\u00e3o de quaisquer compartimentos de uma habita\u00e7\u00e3o, inclusive por\u00f5es ou s\u00f3t\u00e3os, para cria\u00e7\u00e3o ou conserva\u00e7\u00e3o de animais\u201d.<\/p>\n\n\n\n<p>Quanto aos animais, a lei especifica que fica proibida a cria\u00e7\u00e3o e manuten\u00e7\u00e3o em zona urbana de cavalos, galinhas, codornas, gado, abelhas, su\u00ednos entre outros. Ivanici complementa que os propriet\u00e1rios tiveram prazo at\u00e9 dia 15 de maio de 2025 para remanejar seus animais mantidos na cidade para a zona rural. A partir desta data, encerrado o prazo, a fiscal destaca que a Vigil\u00e2ncia Sanit\u00e1ria est\u00e1 atuando em conjunto com o setor de Tributos, Obras e Posturas para fiscalizar, notificar e se necess\u00e1rio autuar os propriet\u00e1rios.<\/p>\n\n\n\n<p>Den\u00fancias podem ser feitas pessoalmente na Vigil\u00e2ncia Sanit\u00e1ria ou pelo e-mail <a href=\"mailto:fiscalsanitaria@santahelena.sc.gov.br\">fiscalsanitaria@santahelena.sc.gov.br<\/a>. Ivanici lembra que a den\u00fancia pode ser feita de forma an\u00f4nima.<\/p>\n\n\n\n<figure class=\"wp-block-image size-large\"><img fetchpriority=\"high\" decoding=\"async\" width=\"768\" height=\"1024\" src=\"http:\/\/noticiarioregional.com.br\/wp-content\/uploads\/2025\/05\/porcos-768x1024.jpg\" alt=\"\" class=\"wp-image-6287\" srcset=\"https:\/\/noticiarioregional.com.br\/wp-content\/uploads\/2025\/05\/porcos-768x1024.jpg 768w, https:\/\/noticiarioregional.com.br\/wp-content\/uploads\/2025\/05\/porcos-225x300.jpg 225w, https:\/\/noticiarioregional.com.br\/wp-content\/uploads\/2025\/05\/porcos-150x200.jpg 150w, https:\/\/noticiarioregional.com.br\/wp-content\/uploads\/2025\/05\/porcos-450x600.jpg 450w, https:\/\/noticiarioregional.com.br\/wp-content\/uploads\/2025\/05\/porcos.jpg 960w\" sizes=\"(max-width: 768px) 100vw, 768px\" \/><\/figure>\n","protected":false},"excerpt":{"rendered":"<p>Lei pro\u00edbe pr\u00e1tica e propriet\u00e1rios que descumprirem ser\u00e3o notificados e autuados A Vigil\u00e2ncia Sanit\u00e1ria do munic\u00edpio de Santa Helena tem recebido v\u00e1rias den\u00fancias relacionadas a cria\u00e7\u00e3o de animais no per\u00edmetro urbano. Segundo a fiscal, Ivanici Ver\u00edssimo, s\u00e3o den\u00fancias de vizinhos incomodados com barulho, cheiro, moscas e vetores que s\u00e3o atra\u00eddos pelos animais. Nas vistorias, o<\/p>\n","protected":false},"author":1,"featured_media":6287,"comment_status":"open","ping_status":"open","sticky":false,"template":"","format":"standard","meta":{"footnotes":""},"categories":[41],"tags":[],"class_list":{"0":"post-6286","1":"post","2":"type-post","3":"status-publish","4":"format-standard","5":"has-post-thumbnail","7":"category-noticias"},"_links":{"self":[{"href":"https:\/\/noticiarioregional.com.br\/index.php?rest_route=\/wp\/v2\/posts\/6286","targetHints":{"allow":["GET"]}}],"collection":[{"href":"https:\/\/noticiarioregional.com.br\/index.php?rest_route=\/wp\/v2\/posts"}],"about":[{"href":"https:\/\/noticiarioregional.com.br\/index.php?rest_route=\/wp\/v2\/types\/post"}],"author":[{"embeddable":true,"href":"https:\/\/noticiarioregional.com.br\/index.php?rest_route=\/wp\/v2\/users\/1"}],"replies":[{"embeddable":true,"href":"https:\/\/noticiarioregional.com.br\/index.php?rest_route=%2Fwp%2Fv2%2Fcomments&post=6286"}],"version-history":[{"count":1,"href":"https:\/\/noticiarioregional.com.br\/index.php?rest_route=\/wp\/v2\/posts\/6286\/revisions"}],"predecessor-version":[{"id":6288,"href":"https:\/\/noticiarioregional.com.br\/index.php?rest_route=\/wp\/v2\/posts\/6286\/revisions\/6288"}],"wp:featuredmedia":[{"embeddable":true,"href":"https:\/\/noticiarioregional.com.br\/index.php?rest_route=\/wp\/v2\/media\/6287"}],"wp:attachment":[{"href":"https:\/\/noticiarioregional.com.br\/index.php?rest_route=%2Fwp%2Fv2%2Fmedia&parent=6286"}],"wp:term":[{"taxonomy":"category","embeddable":true,"href":"https:\/\/noticiarioregional.com.br\/index.php?rest_route=%2Fwp%2Fv2%2Fcategories&post=6286"},{"taxonomy":"post_tag","embeddable":true,"href":"https:\/\/noticiarioregional.com.br\/index.php?rest_route=%2Fwp%2Fv2%2Ftags&post=6286"}],"curies":[{"name":"wp","href":"https:\/\/api.w.org\/{rel}","templated":true}]}}