{"id":6296,"date":"2025-06-03T17:02:26","date_gmt":"2025-06-03T20:02:26","guid":{"rendered":"https:\/\/noticiarioregional.com.br\/?p=6296"},"modified":"2025-06-03T17:02:28","modified_gmt":"2025-06-03T20:02:28","slug":"nucleo-do-agronegocio-da-acisjo-elenca-demandas-e-prioridades-de-atuacao","status":"publish","type":"post","link":"https:\/\/noticiarioregional.com.br\/?p=6296","title":{"rendered":"N\u00facleo do Agroneg\u00f3cio da ACISJO elenca demandas e prioridades de atua\u00e7\u00e3o"},"content":{"rendered":"\n<p><em>N\u00facleo foi fundado em abril com representantes dos v\u00e1rios setores agr\u00edcolas<\/em><\/p>\n\n\n\n<p>A cria\u00e7\u00e3o do N\u00facleo do Agroneg\u00f3cio da Associa\u00e7\u00e3o Empresarial de S\u00e3o Jo\u00e3o do Oeste, ACISJO, vem sendo discutida e planejada h\u00e1 v\u00e1rios meses. Sendo um anseio apresentado pelos representantes do setor agr\u00edcola, a funda\u00e7\u00e3o do N\u00facleo come\u00e7ou a tomar forma com os estudos e articula\u00e7\u00e3o iniciadas pelo diretor do Agro da ACISJO, Dirceu Babick, que assumiu esta fun\u00e7\u00e3o em 2024.<\/p>\n\n\n\n<p>No dia 28 de abril foi realizada a primeira reuni\u00e3o de sensibiliza\u00e7\u00e3o para cria\u00e7\u00e3o do N\u00facleo, e na oportunidade, j\u00e1 oficializada a funda\u00e7\u00e3o. Para este encontro foram convidados o presidente da Associa\u00e7\u00e3o Empresarial de Ipor\u00e3 do Oeste, ACIIO, Milton Melz, e a consultora regional do Programa Empreender, Simone Klunk, que compartilharam a experi\u00eancia do N\u00facleo no munic\u00edpio, e os benef\u00edcios deste grupo para o desenvolvimento dos neg\u00f3cios e do ambiente empresarial.<\/p>\n\n\n\n<p>Segundo Dirceu Babick, o N\u00facleo de Agroneg\u00f3cio da ACISJO tem a participa\u00e7\u00e3o de representantes da suinocultura, avicultura, produ\u00e7\u00e3o de leite, cria\u00e7\u00e3o de gado de corte, prestadores de servi\u00e7os e setor de transportes. Comenta que havia um anseio grande pela funda\u00e7\u00e3o deste grupo, e por conta disso, houve expressiva participa\u00e7\u00e3o e aceita\u00e7\u00e3o para a funda\u00e7\u00e3o oficial.<\/p>\n\n\n\n<p>Como coordenador do N\u00facleo foi definido o produtor da Linha Cristo Rei, Gilberto Schroeder. Como vice-coordenador assumiu Elton Ott, tesoureiro Daniel Wuitschick e secret\u00e1rio Dirceu Babick. Esta coordena\u00e7\u00e3o ficar\u00e1 \u00e0 frente dos trabalhos pelo per\u00edodo inicial de um ano. O N\u00facleo definiu encontros mensais, sempre na primeira segunda-feira do m\u00eas. Nos pr\u00f3ximos meses ser\u00e3o abertas inscri\u00e7\u00f5es para novos interessados em participar, considerando que j\u00e1 h\u00e1 lista de espera.<\/p>\n\n\n\n<p><strong>N\u00facleo do Agroneg\u00f3cio objetiva promover o desenvolvimento sustent\u00e1vel do setor<\/strong><\/p>\n\n\n\n<p>Para o coordenador, Gilberto Schroeder, a import\u00e2ncia da cria\u00e7\u00e3o deste N\u00facleo se justifica pelo fato do agroneg\u00f3cio ser uma das principais atividades econ\u00f4micas de Santa Catarina e de nossa regi\u00e3o como um todo. Em S\u00e3o Jo\u00e3o do Oeste o setor do agro representa em torno de 68% do movimento econ\u00f4mico.<\/p>\n\n\n\n<p>Gilberto recorda que em mar\u00e7o deste ano ocorreu em Chapec\u00f3, atrav\u00e9s da FACISC, o lan\u00e7amento do Mapa do Agroneg\u00f3cio Catarinense, um estudo abrangente que detalha o setor do agroneg\u00f3cio no estado, incluindo produ\u00e7\u00e3o, exporta\u00e7\u00e3o, emprego e produtividade. O Mapa serve como uma ferramenta essencial para empres\u00e1rios, produtores e gestores p\u00fablicos, fornecendo dados e informa\u00e7\u00f5es para o planejamento e a tomada de decis\u00f5es no setor agr\u00edcola. O coordenador considera que atrav\u00e9s dos estudos apresentados nesse Mapa, ficou evidente a for\u00e7a do Agro regional e tamb\u00e9m suas fraquezas e fragilidades.<\/p>\n\n\n\n<p>Segundo Gilberto, o N\u00facleo do Agroneg\u00f3cio de S\u00e3o Jo\u00e3o do Oeste inicia com um n\u00famero mais reduzido de nucleados, por\u00e9m com representados dos diversos segmentos e tamb\u00e9m abrangendo representes de boa parte das comunidades. Explica que a ideia inicial do n\u00famero reduzido de integrantes se d\u00e1 pelo fato da organiza\u00e7\u00e3o interna do N\u00facleo, com defini\u00e7\u00e3o das a\u00e7\u00f5es e principais demandas a serem trabalhadas.<\/p>\n\n\n\n<p>O coordenador ressalta que o apoio da ACISJO em todas as etapas de cria\u00e7\u00e3o do N\u00facleo, atrav\u00e9s do presidente Tiago Bracht Follmann, do diretor do Agro, Dirceu Babick e da executiva e consultora Larissa Wermuth. Gilberto cita que o N\u00facleo do Agroneg\u00f3cio \u00e9 um grupo que se dedica a promover o desenvolvimento sustent\u00e1vel do setor, agregando for\u00e7a e orienta\u00e7\u00e3o aos produtores. <em>\u201cO N\u00facleo de Agroneg\u00f3cio visa principalmente, fomentar o crescimento sustent\u00e1vel local, ajudando os produtores a aumentar a produtividade e a rentabilidade das suas propriedades rurais; compartilhar conhecimentos e experi\u00eancias, criando um espa\u00e7o para a troca de ideias; a busca por inova\u00e7\u00e3o, al\u00e9m de facilitar a conex\u00e3o entre os produtores e demais setores do munic\u00edpio. O n\u00facleo busca tamb\u00e9m atender as demandas de seus nucleados e buscar em conjunto solu\u00e7\u00f5es e pr\u00e1ticas aplic\u00e1veis em suas propriedades agr\u00edcolas\u201d.<\/em><\/p>\n\n\n\n<p>O diretor do Agro da ACISJO e secret\u00e1rio do N\u00facleo, Dirceu Babick, complementa que ap\u00f3s a reuni\u00e3o de sensibiliza\u00e7\u00e3o e funda\u00e7\u00e3o, no dia 28 de abril, j\u00e1 no dia 05 de maio foi promovido um novo encontro. Esclarece que o objetivo foi tratar de direitos e deveres dos nucleados e associados previstos no regimento. Al\u00e9m disso, foram elencadas e definidas as primeiras e principais demandas, sendo elas: a destina\u00e7\u00e3o correta dos dejetos dos animais, a legaliza\u00e7\u00e3o da m\u00e3o de obra no campo, a gest\u00e3o das propriedades rurais e das sociedades familiares.<\/p>\n\n\n\n<p>Dirceu comenta que s\u00e3o todas demandas em comum dos nucleados, e para isso, ir\u00e1 se buscar capacita\u00e7\u00f5es e formas de orientar os empres\u00e1rios rurais. No dia 02 de junho foi realizado um encontro com a participa\u00e7\u00e3o de profissionais da \u00e1rea cont\u00e1bil e jur\u00eddica para orientar os nucleados quanto a legaliza\u00e7\u00e3o da m\u00e3o de obra.<\/p>\n\n\n\n<figure class=\"wp-block-image size-large\"><img fetchpriority=\"high\" decoding=\"async\" width=\"1024\" height=\"768\" src=\"http:\/\/noticiarioregional.com.br\/wp-content\/uploads\/2025\/06\/Nucleados-no-encontro-de-sensibilizacao-e-fundacao-com-a-presenca-do-presidente-da-Associacao-Empresarial-de-Ipora-Milton-Melz-e-a-consultora-do-Programa-Empreender-Simone-Klunk-1024x768.jpg\" alt=\"\" class=\"wp-image-6297\" srcset=\"https:\/\/noticiarioregional.com.br\/wp-content\/uploads\/2025\/06\/Nucleados-no-encontro-de-sensibilizacao-e-fundacao-com-a-presenca-do-presidente-da-Associacao-Empresarial-de-Ipora-Milton-Melz-e-a-consultora-do-Programa-Empreender-Simone-Klunk-1024x768.jpg 1024w, https:\/\/noticiarioregional.com.br\/wp-content\/uploads\/2025\/06\/Nucleados-no-encontro-de-sensibilizacao-e-fundacao-com-a-presenca-do-presidente-da-Associacao-Empresarial-de-Ipora-Milton-Melz-e-a-consultora-do-Programa-Empreender-Simone-Klunk-300x225.jpg 300w, https:\/\/noticiarioregional.com.br\/wp-content\/uploads\/2025\/06\/Nucleados-no-encontro-de-sensibilizacao-e-fundacao-com-a-presenca-do-presidente-da-Associacao-Empresarial-de-Ipora-Milton-Melz-e-a-consultora-do-Programa-Empreender-Simone-Klunk-768x576.jpg 768w, https:\/\/noticiarioregional.com.br\/wp-content\/uploads\/2025\/06\/Nucleados-no-encontro-de-sensibilizacao-e-fundacao-com-a-presenca-do-presidente-da-Associacao-Empresarial-de-Ipora-Milton-Melz-e-a-consultora-do-Programa-Empreender-Simone-Klunk-1536x1152.jpg 1536w, https:\/\/noticiarioregional.com.br\/wp-content\/uploads\/2025\/06\/Nucleados-no-encontro-de-sensibilizacao-e-fundacao-com-a-presenca-do-presidente-da-Associacao-Empresarial-de-Ipora-Milton-Melz-e-a-consultora-do-Programa-Empreender-Simone-Klunk-2048x1536.jpg 2048w, https:\/\/noticiarioregional.com.br\/wp-content\/uploads\/2025\/06\/Nucleados-no-encontro-de-sensibilizacao-e-fundacao-com-a-presenca-do-presidente-da-Associacao-Empresarial-de-Ipora-Milton-Melz-e-a-consultora-do-Programa-Empreender-Simone-Klunk-150x113.jpg 150w, https:\/\/noticiarioregional.com.br\/wp-content\/uploads\/2025\/06\/Nucleados-no-encontro-de-sensibilizacao-e-fundacao-com-a-presenca-do-presidente-da-Associacao-Empresarial-de-Ipora-Milton-Melz-e-a-consultora-do-Programa-Empreender-Simone-Klunk-450x338.jpg 450w, https:\/\/noticiarioregional.com.br\/wp-content\/uploads\/2025\/06\/Nucleados-no-encontro-de-sensibilizacao-e-fundacao-com-a-presenca-do-presidente-da-Associacao-Empresarial-de-Ipora-Milton-Melz-e-a-consultora-do-Programa-Empreender-Simone-Klunk-1200x900.jpg 1200w\" sizes=\"(max-width: 1024px) 100vw, 1024px\" \/><\/figure>\n\n\n","protected":false},"excerpt":{"rendered":"<p>N\u00facleo foi fundado em abril com representantes dos v\u00e1rios setores agr\u00edcolas A cria\u00e7\u00e3o do N\u00facleo do Agroneg\u00f3cio da Associa\u00e7\u00e3o Empresarial de S\u00e3o Jo\u00e3o do Oeste, ACISJO, vem sendo discutida e planejada h\u00e1 v\u00e1rios meses. Sendo um anseio apresentado pelos representantes do setor agr\u00edcola, a funda\u00e7\u00e3o do N\u00facleo come\u00e7ou a tomar forma com os estudos e<\/p>\n","protected":false},"author":1,"featured_media":6297,"comment_status":"open","ping_status":"open","sticky":false,"template":"","format":"standard","meta":{"footnotes":""},"categories":[41],"tags":[],"class_list":{"0":"post-6296","1":"post","2":"type-post","3":"status-publish","4":"format-standard","5":"has-post-thumbnail","7":"category-noticias"},"_links":{"self":[{"href":"https:\/\/noticiarioregional.com.br\/index.php?rest_route=\/wp\/v2\/posts\/6296","targetHints":{"allow":["GET"]}}],"collection":[{"href":"https:\/\/noticiarioregional.com.br\/index.php?rest_route=\/wp\/v2\/posts"}],"about":[{"href":"https:\/\/noticiarioregional.com.br\/index.php?rest_route=\/wp\/v2\/types\/post"}],"author":[{"embeddable":true,"href":"https:\/\/noticiarioregional.com.br\/index.php?rest_route=\/wp\/v2\/users\/1"}],"replies":[{"embeddable":true,"href":"https:\/\/noticiarioregional.com.br\/index.php?rest_route=%2Fwp%2Fv2%2Fcomments&post=6296"}],"version-history":[{"count":1,"href":"https:\/\/noticiarioregional.com.br\/index.php?rest_route=\/wp\/v2\/posts\/6296\/revisions"}],"predecessor-version":[{"id":6298,"href":"https:\/\/noticiarioregional.com.br\/index.php?rest_route=\/wp\/v2\/posts\/6296\/revisions\/6298"}],"wp:featuredmedia":[{"embeddable":true,"href":"https:\/\/noticiarioregional.com.br\/index.php?rest_route=\/wp\/v2\/media\/6297"}],"wp:attachment":[{"href":"https:\/\/noticiarioregional.com.br\/index.php?rest_route=%2Fwp%2Fv2%2Fmedia&parent=6296"}],"wp:term":[{"taxonomy":"category","embeddable":true,"href":"https:\/\/noticiarioregional.com.br\/index.php?rest_route=%2Fwp%2Fv2%2Fcategories&post=6296"},{"taxonomy":"post_tag","embeddable":true,"href":"https:\/\/noticiarioregional.com.br\/index.php?rest_route=%2Fwp%2Fv2%2Ftags&post=6296"}],"curies":[{"name":"wp","href":"https:\/\/api.w.org\/{rel}","templated":true}]}}