{"id":6317,"date":"2025-06-06T10:08:52","date_gmt":"2025-06-06T13:08:52","guid":{"rendered":"https:\/\/noticiarioregional.com.br\/?p=6317"},"modified":"2025-06-06T10:08:53","modified_gmt":"2025-06-06T13:08:53","slug":"de-nadal-anuncia-r-2-milhoes-para-pavimentacao-asfaltica-entre-la-ervalzinho-e-a-cidade","status":"publish","type":"post","link":"https:\/\/noticiarioregional.com.br\/?p=6317","title":{"rendered":"De Nadal anuncia R$ 2 milh\u00f5es para pavimenta\u00e7\u00e3o asf\u00e1ltica entre La. Ervalzinho e a cidade"},"content":{"rendered":"\n<p><strong>S\u00e3o Jo\u00e3o do Oeste &#8211;<\/strong> Na noite de quinta-feira, 22, o deputado estadual Mauro de Nadal esteve no clube social de La. Ervalzinho para anunciar a libera\u00e7\u00e3o de R$ 2 milh\u00f5es para o in\u00edcio da pavimenta\u00e7\u00e3o asf\u00e1ltica da comunidade at\u00e9 a sede. Aproximadamente 300 pessoas prestigiaram a programa\u00e7\u00e3o. A administra\u00e7\u00e3o municipal esteve representada pelo prefeito, S\u00e9rgio Theisen, o vice-prefeito, Orlando Royer, e servidores municipais.<\/p>\n\n\n\n<p>O deputado, Mauro de Nadal, enumerou todos os recursos encaminhados para S\u00e3o Jo\u00e3o do Oeste desde 2021, chegando \u00e0 cifra aproximada de R$ 6 milh\u00f5es.&nbsp;&nbsp; \u201cEsse compromisso que estou cumprindo hoje aqui foi assumido com o Vandro h\u00e1 dois anos, sendo que a ideia na \u00e9poca tamb\u00e9m foi compartilhada por vereadores e lideran\u00e7as do partido\u201d. De Nadal enfatizou que ter um asfalto de qualidade n\u00e3o seria luxo, sendo um instrumento de trabalho devido o avan\u00e7o da agricultura no interior.&nbsp; &nbsp;\u201cPassadas as elei\u00e7\u00f5es precisamos nos dar as m\u00e3os e trabalhar para o povo, deixando de lado as brigas pol\u00edticas, que por sinal n\u00e3o trazem benef\u00edcios \u00e0 popula\u00e7\u00e3o\u201d, sentenciou o deputado.<\/p>\n\n\n\n<figure class=\"wp-block-image size-large\"><img fetchpriority=\"high\" decoding=\"async\" width=\"1024\" height=\"768\" src=\"https:\/\/noticiarioregional.com.br\/wp-content\/uploads\/2025\/06\/Prefeito-Sergio-agradeceu-ao-deputado-pela-liberacao-do-recurso-1024x768.jpg\" alt=\"\" class=\"wp-image-6319\" srcset=\"https:\/\/noticiarioregional.com.br\/wp-content\/uploads\/2025\/06\/Prefeito-Sergio-agradeceu-ao-deputado-pela-liberacao-do-recurso-1024x768.jpg 1024w, https:\/\/noticiarioregional.com.br\/wp-content\/uploads\/2025\/06\/Prefeito-Sergio-agradeceu-ao-deputado-pela-liberacao-do-recurso-300x225.jpg 300w, https:\/\/noticiarioregional.com.br\/wp-content\/uploads\/2025\/06\/Prefeito-Sergio-agradeceu-ao-deputado-pela-liberacao-do-recurso-768x576.jpg 768w, https:\/\/noticiarioregional.com.br\/wp-content\/uploads\/2025\/06\/Prefeito-Sergio-agradeceu-ao-deputado-pela-liberacao-do-recurso-1536x1152.jpg 1536w, https:\/\/noticiarioregional.com.br\/wp-content\/uploads\/2025\/06\/Prefeito-Sergio-agradeceu-ao-deputado-pela-liberacao-do-recurso-150x113.jpg 150w, https:\/\/noticiarioregional.com.br\/wp-content\/uploads\/2025\/06\/Prefeito-Sergio-agradeceu-ao-deputado-pela-liberacao-do-recurso-450x338.jpg 450w, https:\/\/noticiarioregional.com.br\/wp-content\/uploads\/2025\/06\/Prefeito-Sergio-agradeceu-ao-deputado-pela-liberacao-do-recurso-1200x900.jpg 1200w, https:\/\/noticiarioregional.com.br\/wp-content\/uploads\/2025\/06\/Prefeito-Sergio-agradeceu-ao-deputado-pela-liberacao-do-recurso.jpg 1600w\" sizes=\"(max-width: 1024px) 100vw, 1024px\" \/><\/figure>\n\n\n\n<p>O prefeito, S\u00e9rgio Theisen, fez uso da palavra e externou uma s\u00e9rie de agradecimentos. &nbsp;\u201cQueremos agradecer o empenho do deputado Mauro de Nadal em viabilizar esses R$ 2 milh\u00f5es. A administra\u00e7\u00e3o municipal \u00e9 muito grata ao deputado. Da mesma forma queremos agradecer aos moradores que participaram do ato em La. Ervalzinho. Isso demonstra que a popula\u00e7\u00e3o possui grande interesse na concretiza\u00e7\u00e3o dessa obra\u201d, parabeniza e agradece o prefeito, S\u00e9rgio Theisen.<\/p>\n\n\n\n<p>O deputado igualmente j\u00e1 havia assegurado recurso de R$ 200 mil para a contrata\u00e7\u00e3o do projeto t\u00e9cnico desse trajeto, sendo que a empresa deve iniciar os estudos nesses pr\u00f3ximos dias. Al\u00e9m do pronunciamento de autoridades, o evento teve a participa\u00e7\u00e3o de vereadores e lideran\u00e7as da comunidade, finalizando com jantar e m\u00fasica ao vivo. O p\u00e1roco, Pe. Hugo Mentges, conferiu a ben\u00e7\u00e3o dos alimentos.<\/p>\n\n\n\n<p><\/p>\n\n\n\n<p><\/p>\n\n\n\n<p><\/p>\n","protected":false},"excerpt":{"rendered":"<p>S\u00e3o Jo\u00e3o do Oeste &#8211; Na noite de quinta-feira, 22, o deputado estadual Mauro de Nadal esteve no clube social de La. Ervalzinho para anunciar a libera\u00e7\u00e3o de R$ 2 milh\u00f5es para o in\u00edcio da pavimenta\u00e7\u00e3o asf\u00e1ltica da comunidade at\u00e9 a sede. Aproximadamente 300 pessoas prestigiaram a programa\u00e7\u00e3o. A administra\u00e7\u00e3o municipal esteve representada pelo prefeito,<\/p>\n","protected":false},"author":1,"featured_media":6318,"comment_status":"open","ping_status":"open","sticky":false,"template":"","format":"standard","meta":{"footnotes":""},"categories":[41],"tags":[],"class_list":{"0":"post-6317","1":"post","2":"type-post","3":"status-publish","4":"format-standard","5":"has-post-thumbnail","7":"category-noticias"},"_links":{"self":[{"href":"https:\/\/noticiarioregional.com.br\/index.php?rest_route=\/wp\/v2\/posts\/6317","targetHints":{"allow":["GET"]}}],"collection":[{"href":"https:\/\/noticiarioregional.com.br\/index.php?rest_route=\/wp\/v2\/posts"}],"about":[{"href":"https:\/\/noticiarioregional.com.br\/index.php?rest_route=\/wp\/v2\/types\/post"}],"author":[{"embeddable":true,"href":"https:\/\/noticiarioregional.com.br\/index.php?rest_route=\/wp\/v2\/users\/1"}],"replies":[{"embeddable":true,"href":"https:\/\/noticiarioregional.com.br\/index.php?rest_route=%2Fwp%2Fv2%2Fcomments&post=6317"}],"version-history":[{"count":1,"href":"https:\/\/noticiarioregional.com.br\/index.php?rest_route=\/wp\/v2\/posts\/6317\/revisions"}],"predecessor-version":[{"id":6320,"href":"https:\/\/noticiarioregional.com.br\/index.php?rest_route=\/wp\/v2\/posts\/6317\/revisions\/6320"}],"wp:featuredmedia":[{"embeddable":true,"href":"https:\/\/noticiarioregional.com.br\/index.php?rest_route=\/wp\/v2\/media\/6318"}],"wp:attachment":[{"href":"https:\/\/noticiarioregional.com.br\/index.php?rest_route=%2Fwp%2Fv2%2Fmedia&parent=6317"}],"wp:term":[{"taxonomy":"category","embeddable":true,"href":"https:\/\/noticiarioregional.com.br\/index.php?rest_route=%2Fwp%2Fv2%2Fcategories&post=6317"},{"taxonomy":"post_tag","embeddable":true,"href":"https:\/\/noticiarioregional.com.br\/index.php?rest_route=%2Fwp%2Fv2%2Ftags&post=6317"}],"curies":[{"name":"wp","href":"https:\/\/api.w.org\/{rel}","templated":true}]}}