{"id":6329,"date":"2025-06-07T10:48:28","date_gmt":"2025-06-07T13:48:28","guid":{"rendered":"https:\/\/noticiarioregional.com.br\/?p=6329"},"modified":"2025-06-06T10:52:05","modified_gmt":"2025-06-06T13:52:05","slug":"saude-supera-percentual-de-investimentos-no-1o-quadrimestre-de-2025","status":"publish","type":"post","link":"https:\/\/noticiarioregional.com.br\/?p=6329","title":{"rendered":"Sa\u00fade supera percentual de investimentos no 1\u00ba quadrimestre de 2025"},"content":{"rendered":"\n<p>Na segunda-feira, 26, a Administra\u00e7\u00e3o Municipal realizou audi\u00eancia p\u00fablica, na C\u00e2mara de Vereadores, para presta\u00e7\u00f5es de contas referente ao primeiro quadrimestre de 2025. A explana\u00e7\u00e3o foi realizada pelo Controlador Interno, Lucas Eduardo Tonezer.<\/p>\n\n\n\n<p>&nbsp;&nbsp;&nbsp;&nbsp;&nbsp;&nbsp;&nbsp;&nbsp;&nbsp;&nbsp;&nbsp; Na apresenta\u00e7\u00e3o, foi demonstrada que a Receita Arrecadada no 1\u00ba Quadrimestre\/2025 foi de R$ 25.108.405,08, uma m\u00e9dia mensal de R$ 6.277.101,27. O super\u00e1vit financeiro, somando as sobras de 2024, no valor de R$ 17.100.547,06, mais o super\u00e1vit do 1\u00ba quadrimestre de 2025, no valor de R$ 2.035.785,11, somam R$ 19.136.332,17 em caixa. &nbsp;&nbsp;&nbsp;&nbsp;&nbsp;&nbsp;&nbsp;<\/p>\n\n\n\n<p>Com base no relat\u00f3rio demonstrado, o investimento em Sa\u00fade, nos primeiros quatro meses do ano, foi de R$4.481.283,32, resultando em 21,55%, percentual superior ao que determina a Constitui\u00e7\u00e3o Federal que \u00e9 de 15. Na Educa\u00e7\u00e3o, o total de recursos aplicados foi de R$ 4.172.381,92.<\/p>\n\n\n\n<p>Com rela\u00e7\u00e3o aos gastos com pessoal e encargos sociais nos \u00faltimos 12 meses, dos poderes Executivo e Legislativo, observa-se que no executivo o total gasto foi de R$ 28.679.448,45, atingindo o percentual de 37,50%, ficando abaixo do percentual m\u00e1ximo imposto pela legisla\u00e7\u00e3o de 54%. J\u00e1 no legislativo, o gasto foi de R$ 912.363,46, 1,19%, tamb\u00e9m abaixo do limite m\u00e1ximo de 6%.<\/p>\n\n\n\n<p>Ap\u00f3s a finaliza\u00e7\u00e3o da audi\u00eancia, o prefeito Elizandro Mainardi se pronunciou. \u201c&#8230;<em>Acredito ser importante destacar alguns pontos, pois o nosso prop\u00f3sito como gestor, \u00e9 ser o mais transparente poss\u00edvel, e como vimos aqui, Monda\u00ed continua sendo exemplo, com as folhas de pagamento abaixo da m\u00e9dia da regi\u00e3o&#8230; Na Sa\u00fade, estamos acima da m\u00e9dia de investimentos e isso demonstra a nossa responsabilidade e compromisso com Monda\u00ed, mesmo assim, n\u00e3o estamos deixando de investir nos outros setores da administra\u00e7\u00e3o p\u00fablica&#8230;<\/em>\u201d, destaca o prefeito.&nbsp;<\/p>\n\n\n\n<p><strong>N\u00fameros da Sa\u00fade P\u00fablica<\/strong><\/p>\n\n\n\n<p>&nbsp;&nbsp;&nbsp;&nbsp;&nbsp;&nbsp;&nbsp;&nbsp;&nbsp;&nbsp;&nbsp; 10.048 cidad\u00e3os est\u00e3o vinculados ao Programa Estrat\u00e9gia de Sa\u00fade da Fam\u00edlia, ESF, em Monda\u00ed, divididos em 2.451 cidad\u00e3os na \u00e1rea 01, 2.608 na \u00e1rea 02, 2.574 na \u00e1rea 03 e 2.415 na \u00e1rea 04. A popula\u00e7\u00e3o por faixa et\u00e1ria \u00e9 de 18,18% entre menos de 1 ano at\u00e9 14 anos, 61,62% entre 15 anos a 59 anos, e 20,20% acima de 60 anos. Confira abaixo os principais atendimentos realizados nos primeiros quatro meses de 2025:<\/p>\n\n\n\n<ul class=\"wp-block-list\">\n<li>Consultas da Aten\u00e7\u00e3o B\u00e1sica, Pediatria, Ginecologista: 11.488<\/li>\n\n\n\n<li>Consulta de Profissionais de n\u00edvel superior na aten\u00e7\u00e3o b\u00e1sica (exceto m\u00e9dico): 11.155<\/li>\n\n\n\n<li>Procedimentos de Enfermagem em Geral\/M\u00e9dicos: 24.647<\/li>\n\n\n\n<li>Exames Citopatol\u00f3gicos: 245<\/li>\n\n\n\n<li>Curativos: 934<\/li>\n\n\n\n<li>Administra\u00e7\u00f5es de medicamentos: 2.090<\/li>\n\n\n\n<li>Procedimentos da Vigil\u00e2ncia Sanit\u00e1ria: 190<\/li>\n\n\n\n<li>Procedimentos Odontol\u00f3gicos da Aten\u00e7\u00e3o B\u00e1sica: 4.041<\/li>\n\n\n\n<li>Vacinas de rotina: 2.701<\/li>\n\n\n\n<li>Exames Laboratoriais: 25.643<\/li>\n\n\n\n<li>Pr\u00f3teses dent\u00e1rias: 112<\/li>\n\n\n\n<li>Pequenas cirurgias: 306<\/li>\n\n\n\n<li>Fisioterapias: 1.732<\/li>\n\n\n\n<li>Cirurgias eletivas: 323<\/li>\n\n\n\n<li>Na Farm\u00e1cia B\u00e1sica, foram atendidos 18.184 pacientes.<\/li>\n<\/ul>\n\n\n\n<p><strong>Exames especializados<\/strong><\/p>\n\n\n\n<ul class=\"wp-block-list\">\n<li>579 ultrassonografias + dopler<\/li>\n\n\n\n<li>207 mamografias + densitometria<\/li>\n\n\n\n<li>281 resson\u00e2ncias magn\u00e9ticas<\/li>\n\n\n\n<li>599 radiologias<\/li>\n\n\n\n<li>86 tomografias<\/li>\n\n\n\n<li>97 endoscopias + colonoscopias<\/li>\n\n\n\n<li>61 exames de cardiologia<\/li>\n\n\n\n<li>20 eletroneuromiografias<\/li>\n\n\n\n<li>24 cintilografias<\/li>\n\n\n\n<li>302 exames de fono + oftalmologia<\/li>\n<\/ul>\n\n\n\n<p><\/p>\n","protected":false},"excerpt":{"rendered":"<p>Na segunda-feira, 26, a Administra\u00e7\u00e3o Municipal realizou audi\u00eancia p\u00fablica, na C\u00e2mara de Vereadores, para presta\u00e7\u00f5es de contas referente ao primeiro quadrimestre de 2025. A explana\u00e7\u00e3o foi realizada pelo Controlador Interno, Lucas Eduardo Tonezer. &nbsp;&nbsp;&nbsp;&nbsp;&nbsp;&nbsp;&nbsp;&nbsp;&nbsp;&nbsp;&nbsp; Na apresenta\u00e7\u00e3o, foi demonstrada que a Receita Arrecadada no 1\u00ba Quadrimestre\/2025 foi de R$ 25.108.405,08, uma m\u00e9dia mensal de R$ 6.277.101,27.<\/p>\n","protected":false},"author":1,"featured_media":6330,"comment_status":"open","ping_status":"open","sticky":false,"template":"","format":"standard","meta":{"footnotes":""},"categories":[41],"tags":[],"class_list":{"0":"post-6329","1":"post","2":"type-post","3":"status-publish","4":"format-standard","5":"has-post-thumbnail","7":"category-noticias"},"_links":{"self":[{"href":"https:\/\/noticiarioregional.com.br\/index.php?rest_route=\/wp\/v2\/posts\/6329","targetHints":{"allow":["GET"]}}],"collection":[{"href":"https:\/\/noticiarioregional.com.br\/index.php?rest_route=\/wp\/v2\/posts"}],"about":[{"href":"https:\/\/noticiarioregional.com.br\/index.php?rest_route=\/wp\/v2\/types\/post"}],"author":[{"embeddable":true,"href":"https:\/\/noticiarioregional.com.br\/index.php?rest_route=\/wp\/v2\/users\/1"}],"replies":[{"embeddable":true,"href":"https:\/\/noticiarioregional.com.br\/index.php?rest_route=%2Fwp%2Fv2%2Fcomments&post=6329"}],"version-history":[{"count":1,"href":"https:\/\/noticiarioregional.com.br\/index.php?rest_route=\/wp\/v2\/posts\/6329\/revisions"}],"predecessor-version":[{"id":6331,"href":"https:\/\/noticiarioregional.com.br\/index.php?rest_route=\/wp\/v2\/posts\/6329\/revisions\/6331"}],"wp:featuredmedia":[{"embeddable":true,"href":"https:\/\/noticiarioregional.com.br\/index.php?rest_route=\/wp\/v2\/media\/6330"}],"wp:attachment":[{"href":"https:\/\/noticiarioregional.com.br\/index.php?rest_route=%2Fwp%2Fv2%2Fmedia&parent=6329"}],"wp:term":[{"taxonomy":"category","embeddable":true,"href":"https:\/\/noticiarioregional.com.br\/index.php?rest_route=%2Fwp%2Fv2%2Fcategories&post=6329"},{"taxonomy":"post_tag","embeddable":true,"href":"https:\/\/noticiarioregional.com.br\/index.php?rest_route=%2Fwp%2Fv2%2Ftags&post=6329"}],"curies":[{"name":"wp","href":"https:\/\/api.w.org\/{rel}","templated":true}]}}