{"id":6332,"date":"2025-06-08T10:50:18","date_gmt":"2025-06-08T13:50:18","guid":{"rendered":"https:\/\/noticiarioregional.com.br\/?p=6332"},"modified":"2025-06-06T10:51:47","modified_gmt":"2025-06-06T13:51:47","slug":"secretaria-de-saude-faz-balanco-das-acoes-do-ano-e-aponta-desafios-da-gestao","status":"publish","type":"post","link":"https:\/\/noticiarioregional.com.br\/?p=6332","title":{"rendered":"Secret\u00e1ria de Sa\u00fade faz balan\u00e7o das a\u00e7\u00f5es do ano e aponta desafios da gest\u00e3o"},"content":{"rendered":"\n<p>Riqueza &#8211; Na ter\u00e7a-feira, 20, durante a 16\u00aa Sess\u00e3o Ordin\u00e1ria da C\u00e2mara de Vereadores, a secret\u00e1ria municipal de Sa\u00fade, Raquel de Moura, utilizou a Tribuna para apresentar um panorama detalhado sobre as a\u00e7\u00f5es realizadas pela pasta nos primeiros quatro meses do ano, bem como os desafios enfrentados na gest\u00e3o da sa\u00fade p\u00fablica do munic\u00edpio.<\/p>\n\n\n\n<p>Logo no in\u00edcio de sua fala, Raquel destacou que desde o ano passado a equipe da Secretaria de Sa\u00fade vem se dedicando a planejar melhorias e ampliar os servi\u00e7os ofertados \u00e0 popula\u00e7\u00e3o. Entre as a\u00e7\u00f5es implementadas, a secret\u00e1ria citou os conv\u00eanios com hospitais da regi\u00e3o. Al\u00e9m do hospital de Palmitos, que tradicionalmente presta servi\u00e7os ao munic\u00edpio, agora tamb\u00e9m h\u00e1 parcerias com os hospitais de Caibi e Monda\u00ed.<\/p>\n\n\n\n<p>A secret\u00e1ria tamb\u00e9m dedicou parte de sua fala \u00e0 import\u00e2ncia do atendimento em sa\u00fade mental, destacando o trabalho realizado pelo Centro de Aten\u00e7\u00e3o Psicossocial, CAPS de Monda\u00ed. &nbsp;Outro ponto enfatizado pela secret\u00e1ria foi o investimento na capacita\u00e7\u00e3o dos profissionais da sa\u00fade. Ela destacou o treinamento realizado recentemente pela enfermeira Suelen, voltado para a implanta\u00e7\u00e3o do Implanon \u2014 m\u00e9todo contraceptivo subcut\u00e2neo que tem despertado grande interesse. Ela acrescentou que novas capacita\u00e7\u00f5es para os m\u00e9dicos tamb\u00e9m est\u00e3o sendo buscadas. A secret\u00e1ria informou ainda sobre a aquisi\u00e7\u00e3o de dois novos monitores card\u00edacos, j\u00e1 em uso: um na sala de emerg\u00eancia e outro instalado na ambul\u00e2ncia.<\/p>\n\n\n\n<p>Raquel tamb\u00e9m ressaltou a import\u00e2ncia da vacina\u00e7\u00e3o, lembrando que no dia 3 de maio foi realizado o \u201cDia D\u201d da vacina\u00e7\u00e3o. Ela alertou sobre os casos recentes de influenza no munic\u00edpio, que t\u00eam gerado preocupa\u00e7\u00e3o, e refor\u00e7ou o apelo para que a popula\u00e7\u00e3o procure se vacinar. Al\u00e9m disso, destacou que a vacina contra a dengue j\u00e1 est\u00e1 dispon\u00edvel para adolescentes de 10 a 15 anos.<\/p>\n\n\n\n<p>Um dos assuntos mais aguardados, foi a atualiza\u00e7\u00e3o sobre a reabertura da unidade de sa\u00fade do distrito de Cambucica. Raquel explicou que essa \u00e9 uma demanda importante, tanto para os moradores da regi\u00e3o quanto para a gest\u00e3o municipal. \u201c<em>J\u00e1 realizamos melhorias e reformas na unidade, inclusive no telhado, que apresentava muitas infiltra\u00e7\u00f5es. Agora estamos tratando da quest\u00e3o dos equipamentos<\/em>\u201d, anuncia. Ela acrescentou que a equipe visitou unidades de sa\u00fade em outros munic\u00edpios para entender como viabilizar o funcionamento da unidade de Cambucica, sem comprometer o atendimento na sede. A secret\u00e1ria afirmou, no entanto, que ainda n\u00e3o \u00e9 poss\u00edvel estabelecer uma data para a reabertura, pois aguardam a chegada de equipamentos e a contrata\u00e7\u00e3o de mais profissionais.<\/p>\n\n\n\n<p>Em rela\u00e7\u00e3o aos n\u00fameros, Raquel revelou que, de janeiro a abril deste ano, a unidade de sa\u00fade realizou um total de 18.690 atendimentos, uma m\u00e9dia de 233 pacientes por dia. \u201c<em>Esse n\u00famero nos preocupa. N\u00e3o \u00e9 algo que nos deixa felizes, porque representa \u2018a nossa popula\u00e7\u00e3o adoecida\u2019. Precisamos focar ainda mais na preven\u00e7\u00e3o, identificar as \u00e1reas mais cr\u00edticas, buscar novos profissionais e pensar em a\u00e7\u00f5es estrat\u00e9gicas&#8230;<\/em>\u201d, avalia.<\/p>\n\n\n\n<p>Ela tamb\u00e9m destacou que o munic\u00edpio conta atualmente com mais de 90 pacientes oncol\u00f3gicos, o que representa um grande desafio para a rede de sa\u00fade local. Raquel aproveitou para citar a dificuldade que a administra\u00e7\u00e3o enfrenta com o transporte de pacientes para outros munic\u00edpios, devido \u00e0 escassez de ve\u00edculos e motoristas, e pediu compreens\u00e3o e paci\u00eancia \u00e0 popula\u00e7\u00e3o.<\/p>\n\n\n\n<p>Sobre a realiza\u00e7\u00e3o de exames e procedimentos, Raquel explicou que a Secretaria de Sa\u00fade tem promovido mutir\u00f5es mensais para suprir a demanda por servi\u00e7os de alta complexidade. <em>\u201cJ\u00e1 realizamos 210 ultrassonografias, 101 resson\u00e2ncias magn\u00e9ticas, 158 consultas com especialistas e 103 ecocardiogramas\u201d<\/em>, detalha. Ela acrescentou que as cirurgias eletivas oferecidas pelo Estado tamb\u00e9m est\u00e3o sendo realizadas. Em rela\u00e7\u00e3o \u00e0 fisioterapia, a secret\u00e1ria mencionou que, embora existam dois credenciamentos em vigor, eles n\u00e3o est\u00e3o sendo suficientes para atender toda a demanda. \u201c<em>Estamos buscando novos credenciamentos para ampliar essa oferta\u201d<\/em>, informa.<\/p>\n","protected":false},"excerpt":{"rendered":"<p>Riqueza &#8211; Na ter\u00e7a-feira, 20, durante a 16\u00aa Sess\u00e3o Ordin\u00e1ria da C\u00e2mara de Vereadores, a secret\u00e1ria municipal de Sa\u00fade, Raquel de Moura, utilizou a Tribuna para apresentar um panorama detalhado sobre as a\u00e7\u00f5es realizadas pela pasta nos primeiros quatro meses do ano, bem como os desafios enfrentados na gest\u00e3o da sa\u00fade p\u00fablica do munic\u00edpio. Logo<\/p>\n","protected":false},"author":1,"featured_media":6333,"comment_status":"open","ping_status":"open","sticky":false,"template":"","format":"standard","meta":{"footnotes":""},"categories":[41],"tags":[],"class_list":{"0":"post-6332","1":"post","2":"type-post","3":"status-publish","4":"format-standard","5":"has-post-thumbnail","7":"category-noticias"},"_links":{"self":[{"href":"https:\/\/noticiarioregional.com.br\/index.php?rest_route=\/wp\/v2\/posts\/6332","targetHints":{"allow":["GET"]}}],"collection":[{"href":"https:\/\/noticiarioregional.com.br\/index.php?rest_route=\/wp\/v2\/posts"}],"about":[{"href":"https:\/\/noticiarioregional.com.br\/index.php?rest_route=\/wp\/v2\/types\/post"}],"author":[{"embeddable":true,"href":"https:\/\/noticiarioregional.com.br\/index.php?rest_route=\/wp\/v2\/users\/1"}],"replies":[{"embeddable":true,"href":"https:\/\/noticiarioregional.com.br\/index.php?rest_route=%2Fwp%2Fv2%2Fcomments&post=6332"}],"version-history":[{"count":1,"href":"https:\/\/noticiarioregional.com.br\/index.php?rest_route=\/wp\/v2\/posts\/6332\/revisions"}],"predecessor-version":[{"id":6334,"href":"https:\/\/noticiarioregional.com.br\/index.php?rest_route=\/wp\/v2\/posts\/6332\/revisions\/6334"}],"wp:featuredmedia":[{"embeddable":true,"href":"https:\/\/noticiarioregional.com.br\/index.php?rest_route=\/wp\/v2\/media\/6333"}],"wp:attachment":[{"href":"https:\/\/noticiarioregional.com.br\/index.php?rest_route=%2Fwp%2Fv2%2Fmedia&parent=6332"}],"wp:term":[{"taxonomy":"category","embeddable":true,"href":"https:\/\/noticiarioregional.com.br\/index.php?rest_route=%2Fwp%2Fv2%2Fcategories&post=6332"},{"taxonomy":"post_tag","embeddable":true,"href":"https:\/\/noticiarioregional.com.br\/index.php?rest_route=%2Fwp%2Fv2%2Ftags&post=6332"}],"curies":[{"name":"wp","href":"https:\/\/api.w.org\/{rel}","templated":true}]}}