{"id":6349,"date":"2025-06-12T09:24:14","date_gmt":"2025-06-12T12:24:14","guid":{"rendered":"https:\/\/noticiarioregional.com.br\/?p=6349"},"modified":"2025-06-12T09:24:15","modified_gmt":"2025-06-12T12:24:15","slug":"cancer-bucal-esta-entre-os-seis-tumores-mais-comuns-do-mundo","status":"publish","type":"post","link":"https:\/\/noticiarioregional.com.br\/?p=6349","title":{"rendered":"C\u00e2ncer Bucal est\u00e1 entre os seis tumores mais comuns do mundo"},"content":{"rendered":"\n<p>O n\u00famero de casos de c\u00e2ncer tem aumentado de maneira significativa, principalmente a partir do s\u00e9culo passado, configurando-se atualmente em um dos mais importantes problemas de sa\u00fade p\u00fablica mundial.Consequentemente, a incid\u00eancia de c\u00e2ncer de bocatamb\u00e9m tem aumentado de forma expressiva, sendo o sexto tumor mais comum em todo o mundo.<\/p>\n\n\n\n<p>De todos os tumores malignos que afetam a regi\u00e3o oral, 94% destes correspondem ao carcinoma de c\u00e9lulas escamosas oral que \u00e9 uma neoplasia epitelial maligna agressiva, que acomete principalmente o sexo masculino na faixa et\u00e1ria dos 50 aos 80 anos. Entretanto, a incid\u00eancia de casos entre as mulheres tem aumentado nos \u00faltimos anos, provavelmente devido ao aumento da exposi\u00e7\u00e3o a agentes carcino\u00adg\u00eanicos.<\/p>\n\n\n\n<p>V\u00e1rios fatores parecem estar envolvidos nessa doen\u00e7a, tanto externos quanto espec\u00edficos, sendo que os fatores espec\u00edficos incluem: o fumo de tabaco, tabaco sem fuma\u00e7a, masca de b\u00e9tel, cigarros eletr\u00f4nicos, \u00e1lcool, exposi\u00e7\u00e3o aos fen\u00f3is, infec\u00e7\u00f5es por Candida e por v\u00edrus oncog\u00eanicos, bem como S\u00edfilis.Como fatores intr\u00ednsecos enquadram-se os estados sist\u00ea\u00admicos ou generalizados como desnutri\u00e7\u00e3o, anemia por defici\u00eancia de ferro, defici\u00eancia de vitamina A e susce\u00adtibilidade gen\u00e9tica.<\/p>\n\n\n\n<p>O \u00e1lcool e o tabaco foram apontados como os dois maiores fatores espec\u00edficos para o surgimento de carci\u00adnoma epidermoide de cavidade bucal. A associa\u00e7\u00e3o entre o fumo e o \u00e1lcool potencializa a permeabilidade na regi\u00e3o bucal, que pode ocasionar um aumento da penetra\u00e7\u00e3o dos carcin\u00f3genos presentes no tabaco, por isso os locais mais comuns do c\u00e2ncer de boca s\u00e3o na regi\u00e3o da l\u00edngua e no assoalho da boca, mas pode acometer qualquer local.<\/p>\n\n\n\n<p>Conforme explica o Dr. Ismael Giroldi \u2013 CRO | SC 8.559 \u2013 Cirurgi\u00e3o Dentista da Giroldi Espa\u00e7o Odontol\u00f3gico, em Monda\u00ed, as visitas regulares ao dentista a cada 6 meses \u00e9 a preven\u00e7\u00e3o, nessas consultas o paciente \u00e9 examinado e doen\u00e7as como o c\u00e2ncer podem ser identificadas em est\u00e1gio inicial, tendo uma oportunidade de resolu\u00e7\u00e3o muito maior do que comparado a um caso avan\u00e7ado. &nbsp;<\/p>\n\n\n\n<div class=\"wp-block-media-text is-stacked-on-mobile\"><figure class=\"wp-block-media-text__media\"><img fetchpriority=\"high\" decoding=\"async\" width=\"768\" height=\"1024\" src=\"https:\/\/noticiarioregional.com.br\/wp-content\/uploads\/2025\/06\/Ismael-768x1024.jpeg\" alt=\"\" class=\"wp-image-6350 size-full\" srcset=\"https:\/\/noticiarioregional.com.br\/wp-content\/uploads\/2025\/06\/Ismael-768x1024.jpeg 768w, https:\/\/noticiarioregional.com.br\/wp-content\/uploads\/2025\/06\/Ismael-225x300.jpeg 225w, https:\/\/noticiarioregional.com.br\/wp-content\/uploads\/2025\/06\/Ismael-1152x1536.jpeg 1152w, https:\/\/noticiarioregional.com.br\/wp-content\/uploads\/2025\/06\/Ismael-150x200.jpeg 150w, https:\/\/noticiarioregional.com.br\/wp-content\/uploads\/2025\/06\/Ismael-450x600.jpeg 450w, https:\/\/noticiarioregional.com.br\/wp-content\/uploads\/2025\/06\/Ismael.jpeg 1200w\" sizes=\"(max-width: 768px) 100vw, 768px\" \/><\/figure><div class=\"wp-block-media-text__content\">\n<figure class=\"wp-block-pullquote\"><blockquote><p>Embora haja estrat\u00e9gias para preven\u00e7\u00e3o e diagn\u00f3stico precoce, a maioria dos casos \u00e9 diagnosticada em est\u00e1gios avan\u00e7ados. Ent\u00e3o quando perceber alguma altera\u00e7\u00e3o na cavidade bucal n\u00e3o existe em buscar atendimento, o cirurgi\u00e3o dentista \u00e9 o profissional que deve avaliar e diagnosticar&#8221;<\/p><\/blockquote><\/figure>\n<\/div><\/div>\n\n\n\n<p>Os dados no Brasil s\u00e3o alarmantes, o INCA (instituto nacional do c\u00e2ncer) divulgou que por ano s\u00e3o 15 mil novos casos e a taxa de mortalidade est\u00e1 em 40%. No mundo, ele \u00e9 o sexto tipo de c\u00e2ncer mais comum.<\/p>\n\n\n\n<p>O m\u00eas de maio, na sa\u00fade foi adotado como \u201cMaio Vermelho\u201d, a fim de realizar a\u00e7\u00f5es de demostrar a popula\u00e7\u00e3o em geral, e gerar essa conscientiza\u00e7\u00e3o dos fatores de risco, de preven\u00e7\u00e3o e principalmente de um diagn\u00f3stico precoce, e o dia 31 de maio, \u00e9 o Dia da luta contra o C\u00e2ncer de Boca, e tamb\u00e9m o dia Mundial sem Tacabo.<\/p>\n\n\n\n<p>Visite o dentista regularmente, cuide da sua sa\u00fade como um todo!<\/p>\n","protected":false},"excerpt":{"rendered":"<p>O n\u00famero de casos de c\u00e2ncer tem aumentado de maneira significativa, principalmente a partir do s\u00e9culo passado, configurando-se atualmente em um dos mais importantes problemas de sa\u00fade p\u00fablica mundial.Consequentemente, a incid\u00eancia de c\u00e2ncer de bocatamb\u00e9m tem aumentado de forma expressiva, sendo o sexto tumor mais comum em todo o mundo. De todos os tumores malignos<\/p>\n","protected":false},"author":1,"featured_media":6351,"comment_status":"open","ping_status":"open","sticky":false,"template":"","format":"standard","meta":{"footnotes":""},"categories":[41],"tags":[],"class_list":{"0":"post-6349","1":"post","2":"type-post","3":"status-publish","4":"format-standard","5":"has-post-thumbnail","7":"category-noticias"},"_links":{"self":[{"href":"https:\/\/noticiarioregional.com.br\/index.php?rest_route=\/wp\/v2\/posts\/6349","targetHints":{"allow":["GET"]}}],"collection":[{"href":"https:\/\/noticiarioregional.com.br\/index.php?rest_route=\/wp\/v2\/posts"}],"about":[{"href":"https:\/\/noticiarioregional.com.br\/index.php?rest_route=\/wp\/v2\/types\/post"}],"author":[{"embeddable":true,"href":"https:\/\/noticiarioregional.com.br\/index.php?rest_route=\/wp\/v2\/users\/1"}],"replies":[{"embeddable":true,"href":"https:\/\/noticiarioregional.com.br\/index.php?rest_route=%2Fwp%2Fv2%2Fcomments&post=6349"}],"version-history":[{"count":1,"href":"https:\/\/noticiarioregional.com.br\/index.php?rest_route=\/wp\/v2\/posts\/6349\/revisions"}],"predecessor-version":[{"id":6352,"href":"https:\/\/noticiarioregional.com.br\/index.php?rest_route=\/wp\/v2\/posts\/6349\/revisions\/6352"}],"wp:featuredmedia":[{"embeddable":true,"href":"https:\/\/noticiarioregional.com.br\/index.php?rest_route=\/wp\/v2\/media\/6351"}],"wp:attachment":[{"href":"https:\/\/noticiarioregional.com.br\/index.php?rest_route=%2Fwp%2Fv2%2Fmedia&parent=6349"}],"wp:term":[{"taxonomy":"category","embeddable":true,"href":"https:\/\/noticiarioregional.com.br\/index.php?rest_route=%2Fwp%2Fv2%2Fcategories&post=6349"},{"taxonomy":"post_tag","embeddable":true,"href":"https:\/\/noticiarioregional.com.br\/index.php?rest_route=%2Fwp%2Fv2%2Ftags&post=6349"}],"curies":[{"name":"wp","href":"https:\/\/api.w.org\/{rel}","templated":true}]}}