{"id":6359,"date":"2025-06-12T14:21:41","date_gmt":"2025-06-12T17:21:41","guid":{"rendered":"https:\/\/noticiarioregional.com.br\/?p=6359"},"modified":"2025-06-12T14:26:29","modified_gmt":"2025-06-12T17:26:29","slug":"vereador-propoe-projeto-que-estabelece-regras-de-seguranca-na-conducao-de-caes","status":"publish","type":"post","link":"https:\/\/noticiarioregional.com.br\/?p=6359","title":{"rendered":"Vereador prop\u00f5e projeto que estabelece regras de seguran\u00e7a na condu\u00e7\u00e3o de c\u00e3es"},"content":{"rendered":"\n<p><em>Documento especifica ra\u00e7as consideradas violentas e perigosas<\/em><\/p>\n\n\n\n<p><strong> <\/strong>O vereador Volmir Immig, do PP, \u00e9 o autor do projeto de Lei Legislativo n\u00famero 01\/2025 que disp\u00f5e sobre a obrigatoriedade do uso da focinheira e estabelece regras de seguran\u00e7a para a condu\u00e7\u00e3o respons\u00e1vel de c\u00e3es de grande porte ou de ra\u00e7as consideradas perigosas. Conforme o vereador, o objetivo do projeto \u00e9 garantir maior seguran\u00e7a as pessoas, considerando ataques de c\u00e3es j\u00e1 registrados no munic\u00edpio, bem como, zelar pelo bem-estar dos animais e tamb\u00e9m orientar quanto a recolha dos dejetos dos c\u00e3es levando em conta a quest\u00e3o de sanidade e bem-estar de todos.<\/p>\n\n\n\n<p>O projeto define que c\u00e3es de ra\u00e7as notoriamente violentas e perigosas s\u00f3 podem ser levados aos parques, pra\u00e7as ou vias p\u00fablicas, onde ocorra a presen\u00e7a de pessoas, com a utiliza\u00e7\u00e3o de coleira, guia curta de condu\u00e7\u00e3o, enforcador e focinheira. Como c\u00e3es de ra\u00e7as violentas e perigosas s\u00e3o definidos os que registram ataques com danos ou riscos \u00e0s pessoas, os c\u00e3es de guarda treinados para ataque, ou aqueles que pelo grande porte e comportamento possam colocar em risco a seguran\u00e7a das pessoas. Na lista destas ra\u00e7as aparecem Pastor Alem\u00e3o, Rottweiler, Fila, Pitbull e Boxer. C\u00e3es de ra\u00e7as n\u00e3o citadas no projeto, mas que se enquadrem nas caracter\u00edsticas, devem fazer uso dos dispositivos de seguran\u00e7a dispostos na lei, inclusive aqueles que pesam acima de 30 kg e os conduzidos por pessoas que n\u00e3o tenham condi\u00e7\u00f5es f\u00edsicas para o adequado dom\u00ednio do animal.<br>E ainda, c\u00e3es de ra\u00e7a consideradas de porte pequena e que n\u00e3o trazem perigo e risco para as pessoas, ficam dispensados do uso de enforcador e focinheira, somente necess\u00e1rio a utiliza\u00e7\u00e3o de coleira e guia curta de condu\u00e7\u00e3o. Condutores que estiverem transitando com os c\u00e3es sem os dispositivos de seguran\u00e7a podem ser advertidos, notificados, multados e at\u00e9 impedidos pela autoridade respons\u00e1vel de circular com o animal em espa\u00e7os p\u00fablicos at\u00e9 a regulariza\u00e7\u00e3o da conduta.<\/p>\n\n\n\n<p>O documento prev\u00ea ainda que os propriet\u00e1rios ou respons\u00e1veis por c\u00e3es com equipamentos de seguran\u00e7a ou n\u00e3o, que transitarem pelos logradouros p\u00fablicos ser\u00e3o responsabilizados pelos danos f\u00edsicos e materiais causados aos usu\u00e1rios dos espa\u00e7os. Os propriet\u00e1rios dos animais tamb\u00e9m ficam respons\u00e1veis pelo recolhimento dos dejetos nos espa\u00e7os p\u00fablicos.<\/p>\n\n\n\n<p>O projeto foi sancionado pelo prefeito, e est\u00e1 em vigor. <strong><\/strong><\/p>\n\n\n\n<figure class=\"wp-block-image size-large\"><img fetchpriority=\"high\" decoding=\"async\" width=\"699\" height=\"1024\" src=\"http:\/\/noticiarioregional.com.br\/wp-content\/uploads\/2025\/06\/volmir-699x1024.jpg\" alt=\"\" class=\"wp-image-6360\" srcset=\"https:\/\/noticiarioregional.com.br\/wp-content\/uploads\/2025\/06\/volmir-699x1024.jpg 699w, https:\/\/noticiarioregional.com.br\/wp-content\/uploads\/2025\/06\/volmir-205x300.jpg 205w, https:\/\/noticiarioregional.com.br\/wp-content\/uploads\/2025\/06\/volmir-768x1125.jpg 768w, https:\/\/noticiarioregional.com.br\/wp-content\/uploads\/2025\/06\/volmir-150x220.jpg 150w, https:\/\/noticiarioregional.com.br\/wp-content\/uploads\/2025\/06\/volmir-450x659.jpg 450w, https:\/\/noticiarioregional.com.br\/wp-content\/uploads\/2025\/06\/volmir.jpg 874w\" sizes=\"(max-width: 699px) 100vw, 699px\" \/><\/figure>\n","protected":false},"excerpt":{"rendered":"<p>Documento especifica ra\u00e7as consideradas violentas e perigosas O vereador Volmir Immig, do PP, \u00e9 o autor do projeto de Lei Legislativo n\u00famero 01\/2025 que disp\u00f5e sobre a obrigatoriedade do uso da focinheira e estabelece regras de seguran\u00e7a para a condu\u00e7\u00e3o respons\u00e1vel de c\u00e3es de grande porte ou de ra\u00e7as consideradas perigosas. Conforme o vereador, o<\/p>\n","protected":false},"author":1,"featured_media":6365,"comment_status":"open","ping_status":"open","sticky":false,"template":"","format":"standard","meta":{"footnotes":""},"categories":[41],"tags":[],"class_list":{"0":"post-6359","1":"post","2":"type-post","3":"status-publish","4":"format-standard","5":"has-post-thumbnail","7":"category-noticias"},"_links":{"self":[{"href":"https:\/\/noticiarioregional.com.br\/index.php?rest_route=\/wp\/v2\/posts\/6359","targetHints":{"allow":["GET"]}}],"collection":[{"href":"https:\/\/noticiarioregional.com.br\/index.php?rest_route=\/wp\/v2\/posts"}],"about":[{"href":"https:\/\/noticiarioregional.com.br\/index.php?rest_route=\/wp\/v2\/types\/post"}],"author":[{"embeddable":true,"href":"https:\/\/noticiarioregional.com.br\/index.php?rest_route=\/wp\/v2\/users\/1"}],"replies":[{"embeddable":true,"href":"https:\/\/noticiarioregional.com.br\/index.php?rest_route=%2Fwp%2Fv2%2Fcomments&post=6359"}],"version-history":[{"count":2,"href":"https:\/\/noticiarioregional.com.br\/index.php?rest_route=\/wp\/v2\/posts\/6359\/revisions"}],"predecessor-version":[{"id":6363,"href":"https:\/\/noticiarioregional.com.br\/index.php?rest_route=\/wp\/v2\/posts\/6359\/revisions\/6363"}],"wp:featuredmedia":[{"embeddable":true,"href":"https:\/\/noticiarioregional.com.br\/index.php?rest_route=\/wp\/v2\/media\/6365"}],"wp:attachment":[{"href":"https:\/\/noticiarioregional.com.br\/index.php?rest_route=%2Fwp%2Fv2%2Fmedia&parent=6359"}],"wp:term":[{"taxonomy":"category","embeddable":true,"href":"https:\/\/noticiarioregional.com.br\/index.php?rest_route=%2Fwp%2Fv2%2Fcategories&post=6359"},{"taxonomy":"post_tag","embeddable":true,"href":"https:\/\/noticiarioregional.com.br\/index.php?rest_route=%2Fwp%2Fv2%2Ftags&post=6359"}],"curies":[{"name":"wp","href":"https:\/\/api.w.org\/{rel}","templated":true}]}}