{"id":6405,"date":"2025-06-16T07:15:00","date_gmt":"2025-06-16T10:15:00","guid":{"rendered":"https:\/\/noticiarioregional.com.br\/?p=6405"},"modified":"2025-06-16T14:46:14","modified_gmt":"2025-06-16T17:46:14","slug":"de-pe-na-patrola-descanso-adquire-nova-motoniveladora","status":"publish","type":"post","link":"https:\/\/noticiarioregional.com.br\/?p=6405","title":{"rendered":"De p\u00e9 na patrola: Descanso adquire nova motoniveladora"},"content":{"rendered":"\n<p>A Prefeitura de Descanso anunciou a aquisi\u00e7\u00e3o de uma nova motoniveladora, um investimento importante para aprimorar os servi\u00e7os de manuten\u00e7\u00e3o e melhoria da infraestrutura vi\u00e1ria no munic\u00edpio. A m\u00e1quina, que chegou na quinta-feira, 29, promete facilitar os trabalhos de patrolamento, nivelamento de vias e recupera\u00e7\u00e3o de estradas, contribuindo para a trafegabilidade da popula\u00e7\u00e3o e o escoamento da produ\u00e7\u00e3o agr\u00edcola.<\/p>\n\n\n\n<p>De acordo com o prefeito Juliano Kasper, a aquisi\u00e7\u00e3o faz parte de um planejamento estrat\u00e9gico voltado ao fortalecimento da presta\u00e7\u00e3o dos servi\u00e7os p\u00fablicos em favor do desenvolvimento do munic\u00edpio.<\/p>\n\n\n\n<p><\/p>\n\n\n\n<figure class=\"wp-block-pullquote\"><blockquote><p>\u201c&#8230;<em>A nova patrola possui tecnologia de ponta, maior efici\u00eancia e capacidade de trabalho, o que permitir\u00e1 uma execu\u00e7\u00e3o mais r\u00e1pida e de maior qualidade nas obras de manuten\u00e7\u00e3o das vias p\u00fablicas. Esse \u00e9 o nosso compromisso com a popula\u00e7\u00e3o, s\u00f3 no setor dos transportes celebramos duas grandes conquistas em pouco tempo de governo. E ainda vamos fazer muito mais\u201d<\/em>.<br><strong><em>Juliano Kasper, prefeito<\/em><\/strong><\/p><\/blockquote><\/figure>\n\n\n\n<p>O modelo adquirido \u00e9 uma motoniveladora Tipo B, cabine fechada com ar-condicionado, peso operacional de 17.150Kg, l\u00e2mina com controle hidr\u00e1ulico de deslocamento angular e lateral e proveniente de recursos do Governo Estadual no valor de R$ 814 mil. A expectativa \u00e9 que os trabalhos de manuten\u00e7\u00e3o sejam realizados de forma mais r\u00e1pida e eficiente, beneficiando todas as pessoas que necessitam de um tr\u00e1fego de qualidade pelos mais de 1.200Km de \u201cestradas de ch\u00e3o\u201d que o munic\u00edpio possui.<\/p>\n","protected":false},"excerpt":{"rendered":"<p>A Prefeitura de Descanso anunciou a aquisi\u00e7\u00e3o de uma nova motoniveladora, um investimento importante para aprimorar os servi\u00e7os de manuten\u00e7\u00e3o e melhoria da infraestrutura vi\u00e1ria no munic\u00edpio. A m\u00e1quina, que chegou na quinta-feira, 29, promete facilitar os trabalhos de patrolamento, nivelamento de vias e recupera\u00e7\u00e3o de estradas, contribuindo para a trafegabilidade da popula\u00e7\u00e3o e o<\/p>\n","protected":false},"author":1,"featured_media":6406,"comment_status":"open","ping_status":"open","sticky":false,"template":"","format":"standard","meta":{"footnotes":""},"categories":[41],"tags":[],"class_list":{"0":"post-6405","1":"post","2":"type-post","3":"status-publish","4":"format-standard","5":"has-post-thumbnail","7":"category-noticias"},"_links":{"self":[{"href":"https:\/\/noticiarioregional.com.br\/index.php?rest_route=\/wp\/v2\/posts\/6405","targetHints":{"allow":["GET"]}}],"collection":[{"href":"https:\/\/noticiarioregional.com.br\/index.php?rest_route=\/wp\/v2\/posts"}],"about":[{"href":"https:\/\/noticiarioregional.com.br\/index.php?rest_route=\/wp\/v2\/types\/post"}],"author":[{"embeddable":true,"href":"https:\/\/noticiarioregional.com.br\/index.php?rest_route=\/wp\/v2\/users\/1"}],"replies":[{"embeddable":true,"href":"https:\/\/noticiarioregional.com.br\/index.php?rest_route=%2Fwp%2Fv2%2Fcomments&post=6405"}],"version-history":[{"count":1,"href":"https:\/\/noticiarioregional.com.br\/index.php?rest_route=\/wp\/v2\/posts\/6405\/revisions"}],"predecessor-version":[{"id":6407,"href":"https:\/\/noticiarioregional.com.br\/index.php?rest_route=\/wp\/v2\/posts\/6405\/revisions\/6407"}],"wp:featuredmedia":[{"embeddable":true,"href":"https:\/\/noticiarioregional.com.br\/index.php?rest_route=\/wp\/v2\/media\/6406"}],"wp:attachment":[{"href":"https:\/\/noticiarioregional.com.br\/index.php?rest_route=%2Fwp%2Fv2%2Fmedia&parent=6405"}],"wp:term":[{"taxonomy":"category","embeddable":true,"href":"https:\/\/noticiarioregional.com.br\/index.php?rest_route=%2Fwp%2Fv2%2Fcategories&post=6405"},{"taxonomy":"post_tag","embeddable":true,"href":"https:\/\/noticiarioregional.com.br\/index.php?rest_route=%2Fwp%2Fv2%2Ftags&post=6405"}],"curies":[{"name":"wp","href":"https:\/\/api.w.org\/{rel}","templated":true}]}}