{"id":6486,"date":"2025-06-17T07:30:00","date_gmt":"2025-06-17T10:30:00","guid":{"rendered":"https:\/\/noticiarioregional.com.br\/?p=6486"},"modified":"2025-06-16T14:53:33","modified_gmt":"2025-06-16T17:53:33","slug":"cadela-vitima-de-maus-tratos-e-encaminhada-para-adocao","status":"publish","type":"post","link":"https:\/\/noticiarioregional.com.br\/?p=6486","title":{"rendered":"Cadela v\u00edtima de maus-tratos \u00e9 encaminhada para ado\u00e7\u00e3o"},"content":{"rendered":"\n<p>A presidente da Associa\u00e7\u00e3o Causa Animal, Priscila Bernardi, confirmou, nesta semana, que a cadela Camila, v\u00edtima de maus-tratos, foi definitivamente afastada do antigo tutor e encaminhada para ado\u00e7\u00e3o respons\u00e1vel. O animal, uma vira-lata idosa com problemas de sa\u00fade, foi resgatada em novembro do ano passado, ap\u00f3s uma opera\u00e7\u00e3o de busca e apreens\u00e3o solicitada pelo Minist\u00e9rio P\u00fablico de Santa Catarina (MPSC).<\/p>\n\n\n\n<p>Segundo Priscila, o caso iniciou com den\u00fancias an\u00f4nimas que relataram maus-tratos contra o animal na \u00e1rea rural de Monda\u00ed. Durante a dilig\u00eancia, al\u00e9m de carne de ca\u00e7a e uma arma de fogo, foi encontrada a cadela em situa\u00e7\u00e3o cr\u00edtica: debilitada, com feridas no corpo e dentes cortados. <em>\u201cA Camila chegou at\u00e9 n\u00f3s muito fragilizada, mas desde ent\u00e3o temos oferecido todo o suporte necess\u00e1rio para sua recupera\u00e7\u00e3o\u201d, <\/em>explica Priscila Bernardi. A cadela foi acolhida pela Associa\u00e7\u00e3o Causa Animal, de Monda\u00ed, e passou a receber cuidados veterin\u00e1rios constantes, os quais, identificaram doen\u00e7as de pele, tumores mam\u00e1rios e ind\u00edcios de que teria sido utilizada para ca\u00e7a.<\/p>\n\n\n\n<p>Ap\u00f3s autoriza\u00e7\u00e3o judicial, Camila foi submetida a diversos procedimentos cir\u00fargicos, incluindo a castra\u00e7\u00e3o e a retirada parcial dos tumores mam\u00e1rios, e desde ent\u00e3o vinha sendo cuidada em um lar tempor\u00e1rio, onde permaneceu por cerca de seis meses<em>. \u201cFoi um processo longo, mas conseguimos garantir qualidade de vida e bem-estar para ela<\/em>\u201d, conta a presidente.<\/p>\n\n\n\n<p>Diante da constata\u00e7\u00e3o dos maus-tratos e da evidente melhora no estado de sa\u00fade da cadela sob os cuidados da entidade, o MPSC se manifestou favor\u00e1vel ao afastamento definitivo da guarda anterior e o judici\u00e1rio catarinense autorizou a ado\u00e7\u00e3o respons\u00e1vel, destinando a cadela \u00e0 entidade protetora, que agora poder\u00e1 repass\u00e1-la oficialmente \u00e0 fam\u00edlia adotante. <em>\u201cA Camila est\u00e1 6 meses no lar tempor\u00e1rio e muito apegada com a fam\u00edlia. Ela merece ter qualidade de vida, respeito e tranquilidade\u201d.<\/em><\/p>\n\n\n\n<p><strong>BOX: <\/strong><strong>CAMPANHA DE INVERNO<\/strong><\/p>\n\n\n\n<p>Com a chegada das baixas temperaturas, a Associa\u00e7\u00e3o Causa Animal deu in\u00edcio \u00e0 Campanha de Inverno, que busca arrecadar doa\u00e7\u00f5es para proteger c\u00e3es e gatos em situa\u00e7\u00e3o de vulnerabilidade.&nbsp; \u201cEstamos iniciando nossa campanha de inverno. Algu\u00e9m pode nos ajudar?\u201d, convida Priscila. Segundo ela, a associa\u00e7\u00e3o est\u00e1 recebendo doa\u00e7\u00f5es de casinhas, cobertores, caminhas, roupas, potes de comida, coleiras e quaisquer itens que possam ajudar a tornar menos dif\u00edcil a vida dos animais desprotegidos.<\/p>\n\n\n\n<p>As doa\u00e7\u00f5es arrecadadas ser\u00e3o distribu\u00eddas a animais que vivem em condi\u00e7\u00f5es extremamente prec\u00e1rias, expostos ao frio e \u00e0 chuva. \u201cTemos muitos animais nessa situa\u00e7\u00e3o. A inten\u00e7\u00e3o \u00e9, pelo menos, proteger um pouco do frio e amenizar o sofrimento\u201d,. Quem quiser contribuir com a campanha pode entrar em contato com a associa\u00e7\u00e3o atrav\u00e9s das redes sociais @causaanimal_mondaisc.<\/p>\n\n\n\n<p>\u201cCada ajuda faz uma enorme diferen\u00e7a na vida desses animais\u201d, refor\u00e7a a presidente.<\/p>\n","protected":false},"excerpt":{"rendered":"<p>A presidente da Associa\u00e7\u00e3o Causa Animal, Priscila Bernardi, confirmou, nesta semana, que a cadela Camila, v\u00edtima de maus-tratos, foi definitivamente afastada do antigo tutor e encaminhada para ado\u00e7\u00e3o respons\u00e1vel. O animal, uma vira-lata idosa com problemas de sa\u00fade, foi resgatada em novembro do ano passado, ap\u00f3s uma opera\u00e7\u00e3o de busca e apreens\u00e3o solicitada pelo Minist\u00e9rio<\/p>\n","protected":false},"author":1,"featured_media":6487,"comment_status":"open","ping_status":"open","sticky":false,"template":"","format":"standard","meta":{"footnotes":""},"categories":[41],"tags":[],"class_list":{"0":"post-6486","1":"post","2":"type-post","3":"status-publish","4":"format-standard","5":"has-post-thumbnail","7":"category-noticias"},"_links":{"self":[{"href":"https:\/\/noticiarioregional.com.br\/index.php?rest_route=\/wp\/v2\/posts\/6486","targetHints":{"allow":["GET"]}}],"collection":[{"href":"https:\/\/noticiarioregional.com.br\/index.php?rest_route=\/wp\/v2\/posts"}],"about":[{"href":"https:\/\/noticiarioregional.com.br\/index.php?rest_route=\/wp\/v2\/types\/post"}],"author":[{"embeddable":true,"href":"https:\/\/noticiarioregional.com.br\/index.php?rest_route=\/wp\/v2\/users\/1"}],"replies":[{"embeddable":true,"href":"https:\/\/noticiarioregional.com.br\/index.php?rest_route=%2Fwp%2Fv2%2Fcomments&post=6486"}],"version-history":[{"count":1,"href":"https:\/\/noticiarioregional.com.br\/index.php?rest_route=\/wp\/v2\/posts\/6486\/revisions"}],"predecessor-version":[{"id":6488,"href":"https:\/\/noticiarioregional.com.br\/index.php?rest_route=\/wp\/v2\/posts\/6486\/revisions\/6488"}],"wp:featuredmedia":[{"embeddable":true,"href":"https:\/\/noticiarioregional.com.br\/index.php?rest_route=\/wp\/v2\/media\/6487"}],"wp:attachment":[{"href":"https:\/\/noticiarioregional.com.br\/index.php?rest_route=%2Fwp%2Fv2%2Fmedia&parent=6486"}],"wp:term":[{"taxonomy":"category","embeddable":true,"href":"https:\/\/noticiarioregional.com.br\/index.php?rest_route=%2Fwp%2Fv2%2Fcategories&post=6486"},{"taxonomy":"post_tag","embeddable":true,"href":"https:\/\/noticiarioregional.com.br\/index.php?rest_route=%2Fwp%2Fv2%2Ftags&post=6486"}],"curies":[{"name":"wp","href":"https:\/\/api.w.org\/{rel}","templated":true}]}}