{"id":6572,"date":"2025-06-27T10:14:51","date_gmt":"2025-06-27T13:14:51","guid":{"rendered":"https:\/\/noticiarioregional.com.br\/?p=6572"},"modified":"2025-06-26T10:16:59","modified_gmt":"2025-06-26T13:16:59","slug":"paciente-que-faltar-a-consulta-com-especialista-sem-justificativa-ira-perder-a-vaga","status":"publish","type":"post","link":"https:\/\/noticiarioregional.com.br\/?p=6572","title":{"rendered":"Paciente que faltar a consulta com especialista sem justificativa ir\u00e1 perder a vaga"},"content":{"rendered":"\n<p><em>Decis\u00e3o foi discutida e definida em reuni\u00e3o pelo Conselho Municipal de Sa\u00fade<\/em><\/p>\n\n\n\n<p>Em fun\u00e7\u00e3o do grande n\u00famero de pacientes faltosos nos atendimentos agendados com psic\u00f3logo, fisioterapeuta e nutricionista, a secretaria de Sa\u00fade, ap\u00f3s reuni\u00e3o com o Conselho Municipal de Sa\u00fade, definiu que estes pacientes ir\u00e3o perder a vaga caso n\u00e3o apresentem justificativa para a falta.<\/p>\n\n\n\n<p>O secret\u00e1rio, Oldair Schmitz, destaca que os atendimentos destes profissionais s\u00e3o prestados no pr\u00f3prio munic\u00edpio, no Espa\u00e7o Sa\u00fade. Comenta que devido ao alto n\u00famero de faltas sem justificativas, o assunto foi levado para discuss\u00e3o no Conselho Municipal de Sa\u00fade, e este deliberou que pacientes que n\u00e3o comunicarem previamente que n\u00e3o ir\u00e3o conseguir comparecer ao atendimento, ou que n\u00e3o apresentarem justificativa logo ap\u00f3s a falta, perdem a vaga e retornam para o final da fila.<\/p>\n\n\n\n<p>Para o secret\u00e1rio, imprevistos podem acontecer, e a pessoa realmente pode ter alguma dificuldade em comparecer a consulta. Mas n\u00e3o comunicar o motivo da falta \u00e9 inadmiss\u00edvel diante da grande fila que h\u00e1 em todas as especialidades.<\/p>\n\n\n\n<p>Oldair cita que um n\u00famero que chama aten\u00e7\u00e3o \u00e9 que somente na \u00e1rea da psicologia nos primeiros quatro meses deste ano foram mais de 250 pacientes que n\u00e3o compareceram as sess\u00f5es. Na consulta com nutricionista foram 83 faltosos. Afirma que essa falta n\u00e3o justificada tem v\u00e1rias consequ\u00eancias: atrasa o atendimento dos demais que est\u00e3o precisando da consulta, representa gasto desnecess\u00e1rio do recurso p\u00fablico e prejudica o atendimento do pr\u00f3prio paciente que n\u00e3o d\u00e1 sequ\u00eancia ao seu tratamento.<\/p>\n\n\n\n<p>O secret\u00e1rio lamenta que essa situa\u00e7\u00e3o se repete tamb\u00e9m nos atendimentos agendados para outras cidades, em que o transporte \u00e9 feito com um ve\u00edculo maior, sendo que pelo n\u00e3o comparecimento podia ter sido feito com um carro pequeno.<\/p>\n\n\n\n<p>A atual gest\u00e3o implantou a partir deste ano o agendamento eletr\u00f4nico, em que o paciente \u00e9 comunicado por mensagem de celular, refor\u00e7ando o dia e hor\u00e1rio do seu atendimento, na tentativa de reduzir o n\u00famero de faltas. O secretario ressalta que no pr\u00f3ximo m\u00eas ser\u00e1 feita uma avalia\u00e7\u00e3o desse sistema e do seu funcionamento.<\/p>\n\n\n\n<p>A secretaria de Sa\u00fade tamb\u00e9m ir\u00e1 confeccionar um quadro em que ser\u00e1 exposto o n\u00famero de faltas em todas as especialidades, para que as pessoas em geral tenham uma no\u00e7\u00e3o do que os dados representam. Oldair lembra que o setor est\u00e1 aberto para sugest\u00f5es da popula\u00e7\u00e3o, com o objetivo de sempre melhor, agilizar e aperfei\u00e7oar os atendimentos.<\/p>\n\n\n\n<p>Ainda referente as filas, o secret\u00e1rio comenta que recentemente o setor perdeu o acesso ao sistema do SUS para consultar em que posi\u00e7\u00e3o da fila o paciente estava aguardando atendimento. Isso porque os dados estavam sendo usados de uma forma que prejudicavam alguns pacientes, a exemplo de empresas que consultavam a lista e deixavam de contratar pessoas que aguardavam por procedimentos que pudessem impossibilitar o trabalho por certo per\u00edodo posteriormente.<\/p>\n\n\n\n<p>Com isso, agora somente o pr\u00f3prio paciente pode acessar e conferir a sua posi\u00e7\u00e3o na fila, por meio do aplicativo e-SUS Digital, que pode ser baixado no celular, e acessado com login e senha.<\/p>\n\n\n\n<figure class=\"wp-block-image size-large\"><img fetchpriority=\"high\" decoding=\"async\" width=\"1024\" height=\"683\" src=\"http:\/\/noticiarioregional.com.br\/wp-content\/uploads\/2025\/06\/O-secretario-de-Saude-Oldair-Schmitz-pede-que-o-paciente-comunique-o-setor-quando-nao-puder-comparecer-ao-atendimento-ou-que-justifique-sua-falta-1024x683.jpg\" alt=\"\" class=\"wp-image-6573\" srcset=\"https:\/\/noticiarioregional.com.br\/wp-content\/uploads\/2025\/06\/O-secretario-de-Saude-Oldair-Schmitz-pede-que-o-paciente-comunique-o-setor-quando-nao-puder-comparecer-ao-atendimento-ou-que-justifique-sua-falta-1024x683.jpg 1024w, https:\/\/noticiarioregional.com.br\/wp-content\/uploads\/2025\/06\/O-secretario-de-Saude-Oldair-Schmitz-pede-que-o-paciente-comunique-o-setor-quando-nao-puder-comparecer-ao-atendimento-ou-que-justifique-sua-falta-300x200.jpg 300w, https:\/\/noticiarioregional.com.br\/wp-content\/uploads\/2025\/06\/O-secretario-de-Saude-Oldair-Schmitz-pede-que-o-paciente-comunique-o-setor-quando-nao-puder-comparecer-ao-atendimento-ou-que-justifique-sua-falta-768x512.jpg 768w, https:\/\/noticiarioregional.com.br\/wp-content\/uploads\/2025\/06\/O-secretario-de-Saude-Oldair-Schmitz-pede-que-o-paciente-comunique-o-setor-quando-nao-puder-comparecer-ao-atendimento-ou-que-justifique-sua-falta-1536x1024.jpg 1536w, https:\/\/noticiarioregional.com.br\/wp-content\/uploads\/2025\/06\/O-secretario-de-Saude-Oldair-Schmitz-pede-que-o-paciente-comunique-o-setor-quando-nao-puder-comparecer-ao-atendimento-ou-que-justifique-sua-falta-2048x1365.jpg 2048w, https:\/\/noticiarioregional.com.br\/wp-content\/uploads\/2025\/06\/O-secretario-de-Saude-Oldair-Schmitz-pede-que-o-paciente-comunique-o-setor-quando-nao-puder-comparecer-ao-atendimento-ou-que-justifique-sua-falta-150x100.jpg 150w, https:\/\/noticiarioregional.com.br\/wp-content\/uploads\/2025\/06\/O-secretario-de-Saude-Oldair-Schmitz-pede-que-o-paciente-comunique-o-setor-quando-nao-puder-comparecer-ao-atendimento-ou-que-justifique-sua-falta-450x300.jpg 450w, https:\/\/noticiarioregional.com.br\/wp-content\/uploads\/2025\/06\/O-secretario-de-Saude-Oldair-Schmitz-pede-que-o-paciente-comunique-o-setor-quando-nao-puder-comparecer-ao-atendimento-ou-que-justifique-sua-falta-1200x800.jpg 1200w\" sizes=\"(max-width: 1024px) 100vw, 1024px\" \/><\/figure>\n","protected":false},"excerpt":{"rendered":"<p>Decis\u00e3o foi discutida e definida em reuni\u00e3o pelo Conselho Municipal de Sa\u00fade Em fun\u00e7\u00e3o do grande n\u00famero de pacientes faltosos nos atendimentos agendados com psic\u00f3logo, fisioterapeuta e nutricionista, a secretaria de Sa\u00fade, ap\u00f3s reuni\u00e3o com o Conselho Municipal de Sa\u00fade, definiu que estes pacientes ir\u00e3o perder a vaga caso n\u00e3o apresentem justificativa para a falta.<\/p>\n","protected":false},"author":1,"featured_media":6573,"comment_status":"open","ping_status":"open","sticky":false,"template":"","format":"standard","meta":{"footnotes":""},"categories":[41],"tags":[],"class_list":{"0":"post-6572","1":"post","2":"type-post","3":"status-publish","4":"format-standard","5":"has-post-thumbnail","7":"category-noticias"},"_links":{"self":[{"href":"https:\/\/noticiarioregional.com.br\/index.php?rest_route=\/wp\/v2\/posts\/6572","targetHints":{"allow":["GET"]}}],"collection":[{"href":"https:\/\/noticiarioregional.com.br\/index.php?rest_route=\/wp\/v2\/posts"}],"about":[{"href":"https:\/\/noticiarioregional.com.br\/index.php?rest_route=\/wp\/v2\/types\/post"}],"author":[{"embeddable":true,"href":"https:\/\/noticiarioregional.com.br\/index.php?rest_route=\/wp\/v2\/users\/1"}],"replies":[{"embeddable":true,"href":"https:\/\/noticiarioregional.com.br\/index.php?rest_route=%2Fwp%2Fv2%2Fcomments&post=6572"}],"version-history":[{"count":1,"href":"https:\/\/noticiarioregional.com.br\/index.php?rest_route=\/wp\/v2\/posts\/6572\/revisions"}],"predecessor-version":[{"id":6574,"href":"https:\/\/noticiarioregional.com.br\/index.php?rest_route=\/wp\/v2\/posts\/6572\/revisions\/6574"}],"wp:featuredmedia":[{"embeddable":true,"href":"https:\/\/noticiarioregional.com.br\/index.php?rest_route=\/wp\/v2\/media\/6573"}],"wp:attachment":[{"href":"https:\/\/noticiarioregional.com.br\/index.php?rest_route=%2Fwp%2Fv2%2Fmedia&parent=6572"}],"wp:term":[{"taxonomy":"category","embeddable":true,"href":"https:\/\/noticiarioregional.com.br\/index.php?rest_route=%2Fwp%2Fv2%2Fcategories&post=6572"},{"taxonomy":"post_tag","embeddable":true,"href":"https:\/\/noticiarioregional.com.br\/index.php?rest_route=%2Fwp%2Fv2%2Ftags&post=6572"}],"curies":[{"name":"wp","href":"https:\/\/api.w.org\/{rel}","templated":true}]}}