{"id":6612,"date":"2025-06-28T07:30:00","date_gmt":"2025-06-28T10:30:00","guid":{"rendered":"https:\/\/noticiarioregional.com.br\/?p=6612"},"modified":"2025-06-27T10:21:48","modified_gmt":"2025-06-27T13:21:48","slug":"municipio-amplia-rede-de-agua-em-la-ervalzinho","status":"publish","type":"post","link":"https:\/\/noticiarioregional.com.br\/?p=6612","title":{"rendered":"Munic\u00edpio amplia rede de \u00e1gua em L\u00aa Ervalzinho"},"content":{"rendered":"\n<p><strong>S\u00e3o Jo\u00e3o do Oeste &#8211; <\/strong>O setor de \u00e1gua est\u00e1 ampliando a rede de \u00e1gua em trecho de 1.500 metros de extens\u00e3o na comunidade de La. Ervalzinho, atendendo uma antiga reinvindica\u00e7\u00e3o de moradores. Os servi\u00e7os iniciaram na segunda-feira, 09.<\/p>\n\n\n\n<p>Conforme o diretor de \u00e1gua, Eg\u00eddio Simon, essa amplia\u00e7\u00e3o faz parte do planejamento do setor que visa continuar esse trabalho de amplia\u00e7\u00e3o de redes por todas as localidades.&nbsp; A rede mestre em La. Ervalzinho segue o trecho da estrada da propriedade de Tarc\u00edsio Hofer at\u00e9 Sim\u00e3o Schneiders.&nbsp; \u201cSabemos que \u00e9 um pedido antigo desses moradores, mas talvez um e outro n\u00e3o tem interesse de instalar essa \u00e1gua logo, mas deixaremos a rede mestre pronta para que esteja \u00e0 disposi\u00e7\u00e3o dos moradores dessa linha\u201d.<\/p>\n\n\n\n<figure class=\"wp-block-image size-large\"><img fetchpriority=\"high\" decoding=\"async\" width=\"1024\" height=\"768\" src=\"https:\/\/noticiarioregional.com.br\/wp-content\/uploads\/2025\/06\/Egidio-Simon-diretor-de-agua-de-Sao-Joao-do-Oeste-1024x768.jpg\" alt=\"\" class=\"wp-image-6614\" srcset=\"https:\/\/noticiarioregional.com.br\/wp-content\/uploads\/2025\/06\/Egidio-Simon-diretor-de-agua-de-Sao-Joao-do-Oeste-1024x768.jpg 1024w, https:\/\/noticiarioregional.com.br\/wp-content\/uploads\/2025\/06\/Egidio-Simon-diretor-de-agua-de-Sao-Joao-do-Oeste-300x225.jpg 300w, https:\/\/noticiarioregional.com.br\/wp-content\/uploads\/2025\/06\/Egidio-Simon-diretor-de-agua-de-Sao-Joao-do-Oeste-768x576.jpg 768w, https:\/\/noticiarioregional.com.br\/wp-content\/uploads\/2025\/06\/Egidio-Simon-diretor-de-agua-de-Sao-Joao-do-Oeste-150x113.jpg 150w, https:\/\/noticiarioregional.com.br\/wp-content\/uploads\/2025\/06\/Egidio-Simon-diretor-de-agua-de-Sao-Joao-do-Oeste-450x338.jpg 450w, https:\/\/noticiarioregional.com.br\/wp-content\/uploads\/2025\/06\/Egidio-Simon-diretor-de-agua-de-Sao-Joao-do-Oeste-1200x900.jpg 1200w, https:\/\/noticiarioregional.com.br\/wp-content\/uploads\/2025\/06\/Egidio-Simon-diretor-de-agua-de-Sao-Joao-do-Oeste.jpg 1280w\" sizes=\"(max-width: 1024px) 100vw, 1024px\" \/><figcaption class=\"wp-element-caption\">Eg\u00eddio Simon, diretor de \u00e1gua de S\u00e3o Jo\u00e3o do Oeste<\/figcaption><\/figure>\n\n\n\n<p>Eg\u00eddio Simon lembra que est\u00e1 em fase avan\u00e7ada de estudos e negocia\u00e7\u00e3o a formaliza\u00e7\u00e3o de uma parceria com o munic\u00edpio de Itapiranga para atender mais quatro moradores de La. Ervalzinho, que residem na divisa com aquele munic\u00edpio. <em>\u201cEssa \u00e1gua que estamos colocando \u00e0 disposi\u00e7\u00e3o dos moradores \u00e9 captada no Rio Uruguai em La. Sede Capela e est\u00e1 sendo tratada na Esta\u00e7\u00e3o de Tratamento (ETA) em La. Jaboticaba, sendo que por meio dessa ETA s\u00e3o atendidos moradores de La. Jaboticaba, La. Fortaleza, parte de La. Ervalzinho e parte da cidade\u201d, <\/em>informa.<\/p>\n\n\n\n<p>Simon adianta que o setor dever\u00e1 em breve atender mais moradores de La. Beato Roque, nas proximidades de El\u00f3i Theisen e Bl\u00e1sio Schoeninger.<\/p>\n","protected":false},"excerpt":{"rendered":"<p>S\u00e3o Jo\u00e3o do Oeste &#8211; O setor de \u00e1gua est\u00e1 ampliando a rede de \u00e1gua em trecho de 1.500 metros de extens\u00e3o na comunidade de La. Ervalzinho, atendendo uma antiga reinvindica\u00e7\u00e3o de moradores. Os servi\u00e7os iniciaram na segunda-feira, 09. Conforme o diretor de \u00e1gua, Eg\u00eddio Simon, essa amplia\u00e7\u00e3o faz parte do planejamento do setor que<\/p>\n","protected":false},"author":1,"featured_media":6613,"comment_status":"open","ping_status":"open","sticky":false,"template":"","format":"standard","meta":{"footnotes":""},"categories":[41],"tags":[],"class_list":{"0":"post-6612","1":"post","2":"type-post","3":"status-publish","4":"format-standard","5":"has-post-thumbnail","7":"category-noticias"},"_links":{"self":[{"href":"https:\/\/noticiarioregional.com.br\/index.php?rest_route=\/wp\/v2\/posts\/6612","targetHints":{"allow":["GET"]}}],"collection":[{"href":"https:\/\/noticiarioregional.com.br\/index.php?rest_route=\/wp\/v2\/posts"}],"about":[{"href":"https:\/\/noticiarioregional.com.br\/index.php?rest_route=\/wp\/v2\/types\/post"}],"author":[{"embeddable":true,"href":"https:\/\/noticiarioregional.com.br\/index.php?rest_route=\/wp\/v2\/users\/1"}],"replies":[{"embeddable":true,"href":"https:\/\/noticiarioregional.com.br\/index.php?rest_route=%2Fwp%2Fv2%2Fcomments&post=6612"}],"version-history":[{"count":1,"href":"https:\/\/noticiarioregional.com.br\/index.php?rest_route=\/wp\/v2\/posts\/6612\/revisions"}],"predecessor-version":[{"id":6615,"href":"https:\/\/noticiarioregional.com.br\/index.php?rest_route=\/wp\/v2\/posts\/6612\/revisions\/6615"}],"wp:featuredmedia":[{"embeddable":true,"href":"https:\/\/noticiarioregional.com.br\/index.php?rest_route=\/wp\/v2\/media\/6613"}],"wp:attachment":[{"href":"https:\/\/noticiarioregional.com.br\/index.php?rest_route=%2Fwp%2Fv2%2Fmedia&parent=6612"}],"wp:term":[{"taxonomy":"category","embeddable":true,"href":"https:\/\/noticiarioregional.com.br\/index.php?rest_route=%2Fwp%2Fv2%2Fcategories&post=6612"},{"taxonomy":"post_tag","embeddable":true,"href":"https:\/\/noticiarioregional.com.br\/index.php?rest_route=%2Fwp%2Fv2%2Ftags&post=6612"}],"curies":[{"name":"wp","href":"https:\/\/api.w.org\/{rel}","templated":true}]}}