{"id":6616,"date":"2025-06-29T11:30:00","date_gmt":"2025-06-29T14:30:00","guid":{"rendered":"https:\/\/noticiarioregional.com.br\/?p=6616"},"modified":"2025-06-27T10:26:03","modified_gmt":"2025-06-27T13:26:03","slug":"camara-de-caibi-institui-tribuna-do-povo","status":"publish","type":"post","link":"https:\/\/noticiarioregional.com.br\/?p=6616","title":{"rendered":"C\u00e2mara de Caibi institui \u201cTribuna do Povo\u201d"},"content":{"rendered":"\n<div class=\"wp-block-buttons is-layout-flex wp-block-buttons-is-layout-flex\">\n<div class=\"wp-block-button\"><a class=\"wp-block-button__link wp-element-button\">Por Jocel\u00e2yne Bauer<\/a><\/div>\n<\/div>\n\n\n\n<p>A C\u00e2mara Municipal de Caibi est\u00e1 prestes a dar um importante passo em dire\u00e7\u00e3o \u00e0 amplia\u00e7\u00e3o da participa\u00e7\u00e3o cidad\u00e3 com a cria\u00e7\u00e3o da \u201cTribuna do Povo\u201d. A iniciativa ser\u00e1 formalizada com a aprova\u00e7\u00e3o do Projeto de Resolu\u00e7\u00e3o n\u00ba 06\/2025, de autoria da Mesa Diretora, que regulamenta o uso do Plen\u00e1rio e das \u00e1reas administrativas do Poder Legislativo para atividades de interesse coletivo.<\/p>\n\n\n\n<p>De acordo com a presidente da C\u00e2mara, vereadora Edimara Terezinha Conte Portes, a proposta tem como objetivo fortalecer os la\u00e7os entre o Legislativo e a comunidade. \u201c<em>A cria\u00e7\u00e3o da Tribuna do Povo reafirma o compromisso da C\u00e2mara de Caibi com a transpar\u00eancia e o di\u00e1logo com a sociedade. Este espa\u00e7o ser\u00e1 aberto a a\u00e7\u00f5es educativas, culturais e institucionais, promovendo a cidadania e o engajamento social de forma respons\u00e1vel<\/em>\u201d, destaca a presidente.<\/p>\n\n\n\n<p>O projeto permite que o Plen\u00e1rio seja utilizado, de forma excepcional, por entidades devidamente constitu\u00eddas ou partidos pol\u00edticos para a realiza\u00e7\u00e3o de atividades como congressos, semin\u00e1rios, jornadas, cursos, palestras, confer\u00eancias, reuni\u00f5es, solenidades e eventos culturais, desde que n\u00e3o interfiram nas atividades legislativas regulares.<\/p>\n\n\n\n<p>A cess\u00e3o do espa\u00e7o deve ser solicitada com, no m\u00ednimo, sete dias \u00fateis de anteced\u00eancia, mediante protocolo contendo informa\u00e7\u00f5es detalhadas sobre o evento, seus respons\u00e1veis e a previs\u00e3o de p\u00fablico. Tamb\u00e9m \u00e9 exigida uma declara\u00e7\u00e3o de responsabilidade por eventuais danos ao patrim\u00f4nio. Al\u00e9m disso, o uso poder\u00e1 ser autorizado de forma recorrente, seja diariamente, semanalmente ou por tempo indeterminado, desde que devidamente justificado e sem comprometer o calend\u00e1rio institucional da C\u00e2mara.<\/p>\n\n\n\n<p>O projeto refor\u00e7a o zelo pelo patrim\u00f4nio p\u00fablico e o respeito ao funcionamento da institui\u00e7\u00e3o. Fica expressamente vedado o uso do Plen\u00e1rio nos tr\u00eas meses que antecedem as elei\u00e7\u00f5es, bem como para atividades com fins lucrativos ou de promo\u00e7\u00e3o pessoal. Tamb\u00e9m ficam restritas ao uso exclusivo da C\u00e2mara as \u00e1reas administrativas, como a secretaria legislativa, setor jur\u00eddico, contabilidade, arquivos, gabinetes dos vereadores e a sala da presid\u00eancia.<\/p>\n\n\n\n<p>Segundo Edimara Conte Portes, a regulamenta\u00e7\u00e3o garante seguran\u00e7a jur\u00eddica e organiza\u00e7\u00e3o institucional, sem abrir m\u00e3o da legalidade e da boa gest\u00e3o dos bens p\u00fablicos. \u201c<em>Queremos que a popula\u00e7\u00e3o se aproxime do Legislativo, mas com crit\u00e9rios claros e responsabilidade<\/em>\u201d. A autoriza\u00e7\u00e3o para o uso poder\u00e1 ser revogada a qualquer momento em caso de necessidade institucional, interesse p\u00fablico ou descumprimento das regras. Ap\u00f3s cada evento, o espa\u00e7o dever\u00e1 ser vistoriado por representante da C\u00e2mara e do organizador, a fim de assegurar sua preserva\u00e7\u00e3o.<\/p>\n\n\n\n<p>A medida prev\u00ea ainda que o descumprimento de qualquer norma implicar\u00e1 na suspens\u00e3o do direito de uso do espa\u00e7o por tempo indeterminado, refor\u00e7ando a seriedade da proposta.<\/p>\n","protected":false},"excerpt":{"rendered":"<p>A C\u00e2mara Municipal de Caibi est\u00e1 prestes a dar um importante passo em dire\u00e7\u00e3o \u00e0 amplia\u00e7\u00e3o da participa\u00e7\u00e3o cidad\u00e3 com a cria\u00e7\u00e3o da \u201cTribuna do Povo\u201d. A iniciativa ser\u00e1 formalizada com a aprova\u00e7\u00e3o do Projeto de Resolu\u00e7\u00e3o n\u00ba 06\/2025, de autoria da Mesa Diretora, que regulamenta o uso do Plen\u00e1rio e das \u00e1reas administrativas do<\/p>\n","protected":false},"author":1,"featured_media":6617,"comment_status":"open","ping_status":"open","sticky":false,"template":"","format":"standard","meta":{"footnotes":""},"categories":[41],"tags":[],"class_list":{"0":"post-6616","1":"post","2":"type-post","3":"status-publish","4":"format-standard","5":"has-post-thumbnail","7":"category-noticias"},"_links":{"self":[{"href":"https:\/\/noticiarioregional.com.br\/index.php?rest_route=\/wp\/v2\/posts\/6616","targetHints":{"allow":["GET"]}}],"collection":[{"href":"https:\/\/noticiarioregional.com.br\/index.php?rest_route=\/wp\/v2\/posts"}],"about":[{"href":"https:\/\/noticiarioregional.com.br\/index.php?rest_route=\/wp\/v2\/types\/post"}],"author":[{"embeddable":true,"href":"https:\/\/noticiarioregional.com.br\/index.php?rest_route=\/wp\/v2\/users\/1"}],"replies":[{"embeddable":true,"href":"https:\/\/noticiarioregional.com.br\/index.php?rest_route=%2Fwp%2Fv2%2Fcomments&post=6616"}],"version-history":[{"count":1,"href":"https:\/\/noticiarioregional.com.br\/index.php?rest_route=\/wp\/v2\/posts\/6616\/revisions"}],"predecessor-version":[{"id":6618,"href":"https:\/\/noticiarioregional.com.br\/index.php?rest_route=\/wp\/v2\/posts\/6616\/revisions\/6618"}],"wp:featuredmedia":[{"embeddable":true,"href":"https:\/\/noticiarioregional.com.br\/index.php?rest_route=\/wp\/v2\/media\/6617"}],"wp:attachment":[{"href":"https:\/\/noticiarioregional.com.br\/index.php?rest_route=%2Fwp%2Fv2%2Fmedia&parent=6616"}],"wp:term":[{"taxonomy":"category","embeddable":true,"href":"https:\/\/noticiarioregional.com.br\/index.php?rest_route=%2Fwp%2Fv2%2Fcategories&post=6616"},{"taxonomy":"post_tag","embeddable":true,"href":"https:\/\/noticiarioregional.com.br\/index.php?rest_route=%2Fwp%2Fv2%2Ftags&post=6616"}],"curies":[{"name":"wp","href":"https:\/\/api.w.org\/{rel}","templated":true}]}}