{"id":6619,"date":"2025-06-30T12:00:00","date_gmt":"2025-06-30T15:00:00","guid":{"rendered":"https:\/\/noticiarioregional.com.br\/?p=6619"},"modified":"2025-06-27T10:29:41","modified_gmt":"2025-06-27T13:29:41","slug":"aumento-de-casos-de-influenza-em-mondai","status":"publish","type":"post","link":"https:\/\/noticiarioregional.com.br\/?p=6619","title":{"rendered":"Aumento de casos de Influenza em Monda\u00ed"},"content":{"rendered":"\n<div class=\"wp-block-buttons is-layout-flex wp-block-buttons-is-layout-flex\">\n<div class=\"wp-block-button\"><a class=\"wp-block-button__link wp-element-button\">Por Jocel\u00e2yne Bauer<\/a><\/div>\n<\/div>\n\n\n\n<p>O munic\u00edpio de Monda\u00ed enfrenta um expressivo aumento nos casos de Influenza, doen\u00e7a viral que tem gerado preocupa\u00e7\u00e3o aos profissionais da sa\u00fade. At\u00e9 o momento, j\u00e1 foram registrados 1.090 atendimentos relacionados \u00e0 Influenza na rede municipal de sa\u00fade, n\u00famero que refor\u00e7a o alerta sobre a circula\u00e7\u00e3o intensa do v\u00edrus na regi\u00e3o.<\/p>\n\n\n\n<p>Conforme a diretora de sa\u00fade, N\u00faria In\u00eas Karling Rodrigues, al\u00e9m do elevado n\u00famero de atendimentos, a baixa cobertura vacinal \u00e9 um fator que contribui para o agravamento do cen\u00e1rio. Segundo dados da Secretaria Municipal de Sa\u00fade, apenas 49,20% do p\u00fablico-alvo foi vacinado at\u00e9 agora, bem abaixo da meta estabelecida que \u00e9 de 90%. O p\u00fablico priorit\u00e1rio inclui idosos, gestantes e crian\u00e7as, grupos considerados mais vulner\u00e1veis \u00e0s complica\u00e7\u00f5es da doen\u00e7a.<\/p>\n\n\n\n<p>De acordo com Carlise Krein, enfermeira da vigil\u00e2ncia epidemiol\u00f3gica, a vacina contra a Influenza \u00e9 atualizada anualmente para proteger contra as cepas mais comuns em circula\u00e7\u00e3o. Ela n\u00e3o causa gripe e \u00e9 segura e eficaz, reduzindo significativamente as chances de desenvolver formas graves da doen\u00e7a, interna\u00e7\u00f5es e at\u00e9 \u00f3bitos. \u201c<em>A vacina\u00e7\u00e3o \u00e9 a principal forma de preven\u00e7\u00e3o e, especialmente para os grupos de risco, ela pode ser decisiva para evitar complica\u00e7\u00f5es respirat\u00f3rias s\u00e9rias, como pneumonia ou agravamento de doen\u00e7as cr\u00f4nicas<\/em>\u201d.<\/p>\n\n\n\n<p><strong> Sobre a Influenza<\/strong><\/p>\n\n\n\n<p>A influenza, conhecida como gripe, \u00e9 uma doen\u00e7a grave que causa danos \u00e0 sa\u00fade das pessoas. Existem tr\u00eas tipos de v\u00edrus influenza: A, B e C. Os v\u00edrus A e B apresentam maior import\u00e2ncia cl\u00ednica. Estima-se que, em m\u00e9dia, o tipo A causa 75% das infec\u00e7\u00f5es, mas em algumas temporadas, ocorre predom\u00ednio do tipo B. Os tipos A e B sofrem frequentes muta\u00e7\u00f5es e s\u00e3o respons\u00e1veis pelas epidemias sazonais e, tamb\u00e9m, por doen\u00e7as respirat\u00f3rias com dura\u00e7\u00e3o de quatro a seis semanas. Em geral, essas s\u00e3o associadas ao aumento das taxas de hospitaliza\u00e7\u00e3o e de mortes por pneumonia, especialmente em pacientes que apresentam doen\u00e7as cr\u00f4nicas e fatores de risco. O v\u00edrus C raramente causa doen\u00e7a grave.<\/p>\n\n\n\n<p>O v\u00edrus \u00e9 transmitido a partir das secre\u00e7\u00f5es respirat\u00f3rias, podendo tamb\u00e9m sobreviver algumas horas em diversas superf\u00edcies tocadas frequentemente, de madeira, a\u00e7o e tecidos. A partir do contato com um doente ou com uma superf\u00edcie contaminada, o v\u00edrus pode penetrar pelas vias respirat\u00f3rias, causando les\u00f5es pulmonares, que podem ser graves e at\u00e9 fatais, se n\u00e3o tratadas a tempo. Os v\u00edrus influenza circulam durante todo o ano, intensificando-se principalmente no per\u00edodo de inverno, quando as pessoas buscam se abrigar do frio em ambientes fechados, o que favorece a transmiss\u00e3o. A transmiss\u00e3o ocorre principalmente em ambiente domiciliar, creches, escolas e em ambientes fechados ou semifechados. Estima-se que uma pessoa infectada seja capaz de transmitir o v\u00edrus para at\u00e9 dois contatos n\u00e3o imunes.<\/p>\n\n\n\n<p><strong>Sinais e Sintomas<\/strong><\/p>\n\n\n\n<p>Febre alta, calafrios, tosse, que pode ser seca ou com expectora\u00e7\u00e3o, dor de cabe\u00e7a, Dor de garganta, cansa\u00e7o, dor muscular e coriza.&nbsp; Pessoas de todas as idades s\u00e3o suscept\u00edveis \u00e0 infec\u00e7\u00e3o pelo v\u00edrus influenza. Por\u00e9m, a evolu\u00e7\u00e3o geralmente tem resolu\u00e7\u00e3o espont\u00e2nea em sete dias, embora a tosse, o mal-estar e a fadiga possam permanecer por algumas semanas. Alguns casos podem evoluir com complica\u00e7\u00f5es. As complica\u00e7\u00f5es mais comuns s\u00e3o: pneumonia bacteriana e por outros v\u00edrus, sinusite, otite e desidrata\u00e7\u00e3o. Alguns indiv\u00edduos est\u00e3o mais propensos a desenvolverem complica\u00e7\u00f5es graves, especialmente aqueles com condi\u00e7\u00f5es e fatores de risco para agravamento, entre esses: gestantes, adultos com idade maior que 60 anos, crian\u00e7as com idade menor que dois anos e indiv\u00edduos que apresentem doen\u00e7a cr\u00f4nica, especialmente doen\u00e7a respirat\u00f3ria cr\u00f4nica, cardiopatia, obesidade, diabetes descompensada, S\u00edndrome de Down e imunossupress\u00e3o e imunodepress\u00e3o.<\/p>\n","protected":false},"excerpt":{"rendered":"<p>O munic\u00edpio de Monda\u00ed enfrenta um expressivo aumento nos casos de Influenza, doen\u00e7a viral que tem gerado preocupa\u00e7\u00e3o aos profissionais da sa\u00fade. At\u00e9 o momento, j\u00e1 foram registrados 1.090 atendimentos relacionados \u00e0 Influenza na rede municipal de sa\u00fade, n\u00famero que refor\u00e7a o alerta sobre a circula\u00e7\u00e3o intensa do v\u00edrus na regi\u00e3o. Conforme a diretora de<\/p>\n","protected":false},"author":1,"featured_media":6620,"comment_status":"open","ping_status":"open","sticky":false,"template":"","format":"standard","meta":{"footnotes":""},"categories":[41],"tags":[],"class_list":{"0":"post-6619","1":"post","2":"type-post","3":"status-publish","4":"format-standard","5":"has-post-thumbnail","7":"category-noticias"},"_links":{"self":[{"href":"https:\/\/noticiarioregional.com.br\/index.php?rest_route=\/wp\/v2\/posts\/6619","targetHints":{"allow":["GET"]}}],"collection":[{"href":"https:\/\/noticiarioregional.com.br\/index.php?rest_route=\/wp\/v2\/posts"}],"about":[{"href":"https:\/\/noticiarioregional.com.br\/index.php?rest_route=\/wp\/v2\/types\/post"}],"author":[{"embeddable":true,"href":"https:\/\/noticiarioregional.com.br\/index.php?rest_route=\/wp\/v2\/users\/1"}],"replies":[{"embeddable":true,"href":"https:\/\/noticiarioregional.com.br\/index.php?rest_route=%2Fwp%2Fv2%2Fcomments&post=6619"}],"version-history":[{"count":1,"href":"https:\/\/noticiarioregional.com.br\/index.php?rest_route=\/wp\/v2\/posts\/6619\/revisions"}],"predecessor-version":[{"id":6621,"href":"https:\/\/noticiarioregional.com.br\/index.php?rest_route=\/wp\/v2\/posts\/6619\/revisions\/6621"}],"wp:featuredmedia":[{"embeddable":true,"href":"https:\/\/noticiarioregional.com.br\/index.php?rest_route=\/wp\/v2\/media\/6620"}],"wp:attachment":[{"href":"https:\/\/noticiarioregional.com.br\/index.php?rest_route=%2Fwp%2Fv2%2Fmedia&parent=6619"}],"wp:term":[{"taxonomy":"category","embeddable":true,"href":"https:\/\/noticiarioregional.com.br\/index.php?rest_route=%2Fwp%2Fv2%2Fcategories&post=6619"},{"taxonomy":"post_tag","embeddable":true,"href":"https:\/\/noticiarioregional.com.br\/index.php?rest_route=%2Fwp%2Fv2%2Ftags&post=6619"}],"curies":[{"name":"wp","href":"https:\/\/api.w.org\/{rel}","templated":true}]}}