{"id":6622,"date":"2025-06-27T10:42:26","date_gmt":"2025-06-27T13:42:26","guid":{"rendered":"https:\/\/noticiarioregional.com.br\/?p=6622"},"modified":"2025-06-27T10:42:27","modified_gmt":"2025-06-27T13:42:27","slug":"23o-seminario-regional-da-suinocultura","status":"publish","type":"post","link":"https:\/\/noticiarioregional.com.br\/?p=6622","title":{"rendered":"23\u00ba Semin\u00e1rio Regional da Suinocultura"},"content":{"rendered":"\n<div class=\"wp-block-buttons is-layout-flex wp-block-buttons-is-layout-flex\">\n<div class=\"wp-block-button\"><a class=\"wp-block-button__link wp-element-button\">Por Joana Reichert<\/a><\/div>\n<\/div>\n\n\n\n<p><strong>Ipor\u00e3 do Oeste \u2013 <\/strong>A comunidade de Linha Aparecida sediou no s\u00e1bado, 14, o 23\u00ba Semin\u00e1rio Regional da Suinocultura. O evento contou com a presen\u00e7a de produtores, empresas do setor, autoridades e demais participantes do munic\u00edpio sede de Ipor\u00e3 do Oeste e cidades vizinhas de Guaraciaba, Descanso, Tun\u00e1polis, S\u00e3o Jo\u00e3o do Oeste, Itapiranga e Monda\u00ed. O semin\u00e1rio fez parte da programa\u00e7\u00e3o do 36\u00ba anivers\u00e1rio de Ipor\u00e3 do Oeste.<\/p>\n\n\n\n<figure class=\"wp-block-image size-large\"><img fetchpriority=\"high\" decoding=\"async\" width=\"1024\" height=\"683\" src=\"https:\/\/noticiarioregional.com.br\/wp-content\/uploads\/2025\/06\/Presidente-da-Associacao-Municipal-e-tambem-do-Nucleo-Regional-da-Suinocultura-Tiago-Kroetz-1024x683.jpg\" alt=\"\" class=\"wp-image-6624\" srcset=\"https:\/\/noticiarioregional.com.br\/wp-content\/uploads\/2025\/06\/Presidente-da-Associacao-Municipal-e-tambem-do-Nucleo-Regional-da-Suinocultura-Tiago-Kroetz-1024x683.jpg 1024w, https:\/\/noticiarioregional.com.br\/wp-content\/uploads\/2025\/06\/Presidente-da-Associacao-Municipal-e-tambem-do-Nucleo-Regional-da-Suinocultura-Tiago-Kroetz-300x200.jpg 300w, https:\/\/noticiarioregional.com.br\/wp-content\/uploads\/2025\/06\/Presidente-da-Associacao-Municipal-e-tambem-do-Nucleo-Regional-da-Suinocultura-Tiago-Kroetz-768x512.jpg 768w, https:\/\/noticiarioregional.com.br\/wp-content\/uploads\/2025\/06\/Presidente-da-Associacao-Municipal-e-tambem-do-Nucleo-Regional-da-Suinocultura-Tiago-Kroetz-1536x1024.jpg 1536w, https:\/\/noticiarioregional.com.br\/wp-content\/uploads\/2025\/06\/Presidente-da-Associacao-Municipal-e-tambem-do-Nucleo-Regional-da-Suinocultura-Tiago-Kroetz-2048x1365.jpg 2048w, https:\/\/noticiarioregional.com.br\/wp-content\/uploads\/2025\/06\/Presidente-da-Associacao-Municipal-e-tambem-do-Nucleo-Regional-da-Suinocultura-Tiago-Kroetz-150x100.jpg 150w, https:\/\/noticiarioregional.com.br\/wp-content\/uploads\/2025\/06\/Presidente-da-Associacao-Municipal-e-tambem-do-Nucleo-Regional-da-Suinocultura-Tiago-Kroetz-450x300.jpg 450w, https:\/\/noticiarioregional.com.br\/wp-content\/uploads\/2025\/06\/Presidente-da-Associacao-Municipal-e-tambem-do-Nucleo-Regional-da-Suinocultura-Tiago-Kroetz-1200x800.jpg 1200w\" sizes=\"(max-width: 1024px) 100vw, 1024px\" \/><figcaption class=\"wp-element-caption\">Presidente da Associa\u00e7\u00e3o Municipal e tamb\u00e9m do N\u00facleo Regional da Suinocultura, Tiago Kroetz<\/figcaption><\/figure>\n\n\n\n<p>A programa\u00e7\u00e3o iniciou com recep\u00e7\u00e3o e caf\u00e9 da manh\u00e3, oportunidade em que os participantes tamb\u00e9m puderam conferir a exposi\u00e7\u00e3o de diversas empresas do setor e que foram patrocinadoras do semin\u00e1rio. Na abertura oficial o presidente da Associa\u00e7\u00e3o Municipal e tamb\u00e9m do N\u00facleo Regional da Suinocultura, Tiago Kroetz, e o vice-presidente da Associa\u00e7\u00e3o Municipal, Natal\u00edcio Schutz, deram as boas-vindas aos presentes e desejaram a todos um bom semin\u00e1rio.<\/p>\n\n\n\n<figure class=\"wp-block-image size-large\"><img decoding=\"async\" width=\"1024\" height=\"683\" src=\"https:\/\/noticiarioregional.com.br\/wp-content\/uploads\/2025\/06\/Vice-presidente-da-Associacao-Municipal-Natalicio-Schutz-1024x683.jpg\" alt=\"\" class=\"wp-image-6625\" srcset=\"https:\/\/noticiarioregional.com.br\/wp-content\/uploads\/2025\/06\/Vice-presidente-da-Associacao-Municipal-Natalicio-Schutz-1024x683.jpg 1024w, https:\/\/noticiarioregional.com.br\/wp-content\/uploads\/2025\/06\/Vice-presidente-da-Associacao-Municipal-Natalicio-Schutz-300x200.jpg 300w, https:\/\/noticiarioregional.com.br\/wp-content\/uploads\/2025\/06\/Vice-presidente-da-Associacao-Municipal-Natalicio-Schutz-768x512.jpg 768w, https:\/\/noticiarioregional.com.br\/wp-content\/uploads\/2025\/06\/Vice-presidente-da-Associacao-Municipal-Natalicio-Schutz-1536x1024.jpg 1536w, https:\/\/noticiarioregional.com.br\/wp-content\/uploads\/2025\/06\/Vice-presidente-da-Associacao-Municipal-Natalicio-Schutz-2048x1365.jpg 2048w, https:\/\/noticiarioregional.com.br\/wp-content\/uploads\/2025\/06\/Vice-presidente-da-Associacao-Municipal-Natalicio-Schutz-150x100.jpg 150w, https:\/\/noticiarioregional.com.br\/wp-content\/uploads\/2025\/06\/Vice-presidente-da-Associacao-Municipal-Natalicio-Schutz-450x300.jpg 450w, https:\/\/noticiarioregional.com.br\/wp-content\/uploads\/2025\/06\/Vice-presidente-da-Associacao-Municipal-Natalicio-Schutz-1200x800.jpg 1200w\" sizes=\"(max-width: 1024px) 100vw, 1024px\" \/><figcaption class=\"wp-element-caption\">Vice-presidente da Associa\u00e7\u00e3o Municipal, Natal\u00edcio Schutz<\/figcaption><\/figure>\n\n\n\n<p>O presidente da Associa\u00e7\u00e3o Catarinense dos Criadores de Su\u00ednos, ACCS, Losivanio de Lorenzi, destacou em sua fala a preocupa\u00e7\u00e3o que h\u00e1 no estado referente a sanidade, em fun\u00e7\u00e3o de v\u00e1rios casos de doen\u00e7as identificadas em regi\u00f5es distintas do pa\u00eds, e que trouxeram problemas na exporta\u00e7\u00e3o de carne su\u00edna. Santa Catarina exporta 57% do total da carne su\u00edna brasileira. Por conta disso, ressalta que a ACCS est\u00e1 empenhada junto ao governo do Estado e Cidasc para garantir que todas as propriedades rurais que trabalham com a suinocultura sejam cercadas. Para isso, Losivanio comenta que est\u00e1 sendo pleiteado com o governo do estado um subs\u00eddio de 40% para investimentos de at\u00e9 R$ 30 mil, de 30% para valores at\u00e9 R$ 50 mil, e de 20% para at\u00e9 R$ 70 mil. O valor que poder\u00e1 ser financiado pelos produtores para cercar os arredores das granjas pode ser pago em at\u00e9 cinco anos sem juros. O presidente da ACCS refor\u00e7ou que n\u00e3o \u00e9 hora de pensar em produtividade, e sim, de garantir a sanidade dos animais.<\/p>\n\n\n\n<figure class=\"wp-block-image size-large\"><img decoding=\"async\" width=\"1024\" height=\"683\" src=\"https:\/\/noticiarioregional.com.br\/wp-content\/uploads\/2025\/06\/Presidente-da-Associacao-Catarinense-dos-Criadores-de-Suinos-ACCS-Losivanio-de-Lorenzi-1-1024x683.jpg\" alt=\"\" class=\"wp-image-6627\" srcset=\"https:\/\/noticiarioregional.com.br\/wp-content\/uploads\/2025\/06\/Presidente-da-Associacao-Catarinense-dos-Criadores-de-Suinos-ACCS-Losivanio-de-Lorenzi-1-1024x683.jpg 1024w, https:\/\/noticiarioregional.com.br\/wp-content\/uploads\/2025\/06\/Presidente-da-Associacao-Catarinense-dos-Criadores-de-Suinos-ACCS-Losivanio-de-Lorenzi-1-300x200.jpg 300w, https:\/\/noticiarioregional.com.br\/wp-content\/uploads\/2025\/06\/Presidente-da-Associacao-Catarinense-dos-Criadores-de-Suinos-ACCS-Losivanio-de-Lorenzi-1-768x512.jpg 768w, https:\/\/noticiarioregional.com.br\/wp-content\/uploads\/2025\/06\/Presidente-da-Associacao-Catarinense-dos-Criadores-de-Suinos-ACCS-Losivanio-de-Lorenzi-1-1536x1024.jpg 1536w, https:\/\/noticiarioregional.com.br\/wp-content\/uploads\/2025\/06\/Presidente-da-Associacao-Catarinense-dos-Criadores-de-Suinos-ACCS-Losivanio-de-Lorenzi-1-2048x1365.jpg 2048w, https:\/\/noticiarioregional.com.br\/wp-content\/uploads\/2025\/06\/Presidente-da-Associacao-Catarinense-dos-Criadores-de-Suinos-ACCS-Losivanio-de-Lorenzi-1-150x100.jpg 150w, https:\/\/noticiarioregional.com.br\/wp-content\/uploads\/2025\/06\/Presidente-da-Associacao-Catarinense-dos-Criadores-de-Suinos-ACCS-Losivanio-de-Lorenzi-1-450x300.jpg 450w, https:\/\/noticiarioregional.com.br\/wp-content\/uploads\/2025\/06\/Presidente-da-Associacao-Catarinense-dos-Criadores-de-Suinos-ACCS-Losivanio-de-Lorenzi-1-1200x800.jpg 1200w\" sizes=\"(max-width: 1024px) 100vw, 1024px\" \/><figcaption class=\"wp-element-caption\">Presidente da Associa\u00e7\u00e3o Catarinense dos Criadores de Su\u00ednos, ACCS, Losivanio de Lorenzi<\/figcaption><\/figure>\n\n\n\n<p>Na sequ\u00eancia fez uso da palavra o prefeito Michel Barth, destacando inicialmente os desejos de boas-vindas a todos para o semin\u00e1rio deste setor t\u00e3o importante para o munic\u00edpio e regi\u00e3o. O prefeito ressaltou que a suinocultura representa hoje mais de 40% do movimento econ\u00f4mico de Ipor\u00e3 do Oeste, o que justifica a import\u00e2ncia de promover eventos como o semin\u00e1rio para fortalecer o setor.<\/p>\n\n\n\n<figure class=\"wp-block-image size-large\"><img loading=\"lazy\" decoding=\"async\" width=\"1024\" height=\"683\" src=\"https:\/\/noticiarioregional.com.br\/wp-content\/uploads\/2025\/06\/Prefeito-de-Ipora-do-Oeste-Michel-Barth-1024x683.jpg\" alt=\"\" class=\"wp-image-6628\" srcset=\"https:\/\/noticiarioregional.com.br\/wp-content\/uploads\/2025\/06\/Prefeito-de-Ipora-do-Oeste-Michel-Barth-1024x683.jpg 1024w, https:\/\/noticiarioregional.com.br\/wp-content\/uploads\/2025\/06\/Prefeito-de-Ipora-do-Oeste-Michel-Barth-300x200.jpg 300w, https:\/\/noticiarioregional.com.br\/wp-content\/uploads\/2025\/06\/Prefeito-de-Ipora-do-Oeste-Michel-Barth-768x512.jpg 768w, https:\/\/noticiarioregional.com.br\/wp-content\/uploads\/2025\/06\/Prefeito-de-Ipora-do-Oeste-Michel-Barth-1536x1024.jpg 1536w, https:\/\/noticiarioregional.com.br\/wp-content\/uploads\/2025\/06\/Prefeito-de-Ipora-do-Oeste-Michel-Barth-2048x1365.jpg 2048w, https:\/\/noticiarioregional.com.br\/wp-content\/uploads\/2025\/06\/Prefeito-de-Ipora-do-Oeste-Michel-Barth-150x100.jpg 150w, https:\/\/noticiarioregional.com.br\/wp-content\/uploads\/2025\/06\/Prefeito-de-Ipora-do-Oeste-Michel-Barth-450x300.jpg 450w, https:\/\/noticiarioregional.com.br\/wp-content\/uploads\/2025\/06\/Prefeito-de-Ipora-do-Oeste-Michel-Barth-1200x800.jpg 1200w\" sizes=\"(max-width: 1024px) 100vw, 1024px\" \/><figcaption class=\"wp-element-caption\">Prefeito de Ipor\u00e3 do Oeste, Michel Barth<\/figcaption><\/figure>\n\n\n\n<p>Em um formato diferente de palestra, foi realizado um painel para o qual foram convidados o professor universit\u00e1rio, especialista em v\u00e1rias \u00e1reas, doutorando e tamb\u00e9m suinocultor Milton Melz; o veterin\u00e1rio com especializa\u00e7\u00e3o em reprodu\u00e7\u00e3o de su\u00ednos, Gilson Fr\u00fclling e o t\u00e9cnico em agropecu\u00e1ria, empres\u00e1rio, s\u00f3cio gerente nas unidades de suinocultura, transportes e unidades de gr\u00e3os, Mariocir Serafini. Os tr\u00eas, que atuam tanto no ramo empresarial como no dia a dia da suinocultura, falaram sobre temas como&nbsp; sucess\u00e3o familiar, a profissionaliza\u00e7\u00e3o do produtor, a necessidade e a import\u00e2ncia da maior inclus\u00e3o da mulher na atividade, manejos para melhorar a produtividade, melhoramento gen\u00e9tico e sua evolu\u00e7\u00e3o e o controle sanit\u00e1rio. A discuss\u00e3o promoveu uma reflex\u00e3o sobre o passado da suinocultura, a trajet\u00f3ria dos tr\u00eas profissionais e expectativas do setor para o futuro. A media\u00e7\u00e3o do painel foi conduzida pelo secret\u00e1rio de Agricultura, Roque Marx.<\/p>\n\n\n\n<p>Sobre o maior envolvimento das mulheres na atividade rural, o professor e suinocultor, Milton Melz, defende a conversa aberta em rela\u00e7\u00e3o a situa\u00e7\u00e3o financeira das propriedades para que sejam tratadas e vistas como empresas rurais e que todos os envolvidos fa\u00e7am parte da sua gest\u00e3o. Complementa que as empresas devem incluir a mulher como associada, junto com o marido.<\/p>\n\n\n\n<p>No encerramento do painel, em que o tema foi o futuro da suinocultura, Milton Melz afirmou que o suinocultor ir\u00e1 se tornar cada vez mais profissional, tanto na parte produtiva como na parte de gest\u00e3o da atividade. <em>\u201cTemos que ter muito orgulho dessa \u00e1rea em que atuamos. A regi\u00e3o Oeste de Santa Catarina \u00e9 um destaque em desenvolvimento no pa\u00eds. E o destaque se deve principalmente por movimentos como este do semin\u00e1rio, na busca por conhecimento. Acredito que a suinocultura ainda vai expandir, mas temos que ter ci\u00eancia da falta de m\u00e3o de obra, e achar alternativas de produ\u00e7\u00e3o, como as novas tecnologias, rever manejos que s\u00e3o ou n\u00e3o essenciais. Nossa suinocultura est\u00e1 forte, estamos em uma regi\u00e3o muito boa, nosso produtor \u00e9 bom, apenas temos que lapidar. Temos que ser cada vez mais profissionais\u201d.<\/em> Para finalizar, antes do almo\u00e7o teve ainda a palestra motivacional com Greice Rohr, que abordou o tema \u201cSuinocultura de Alta Performance: O Fator Humano como Diferencial\u201d.<\/p>\n\n\n\n<figure class=\"wp-block-image size-large\"><img loading=\"lazy\" decoding=\"async\" width=\"1024\" height=\"683\" src=\"https:\/\/noticiarioregional.com.br\/wp-content\/uploads\/2025\/06\/Painel-com-a-participacao-de-Milton-Melz-Gilson-Frulling-e-Mariocir-Serafini-1024x683.jpg\" alt=\"\" class=\"wp-image-6629\" srcset=\"https:\/\/noticiarioregional.com.br\/wp-content\/uploads\/2025\/06\/Painel-com-a-participacao-de-Milton-Melz-Gilson-Frulling-e-Mariocir-Serafini-1024x683.jpg 1024w, https:\/\/noticiarioregional.com.br\/wp-content\/uploads\/2025\/06\/Painel-com-a-participacao-de-Milton-Melz-Gilson-Frulling-e-Mariocir-Serafini-300x200.jpg 300w, https:\/\/noticiarioregional.com.br\/wp-content\/uploads\/2025\/06\/Painel-com-a-participacao-de-Milton-Melz-Gilson-Frulling-e-Mariocir-Serafini-768x512.jpg 768w, https:\/\/noticiarioregional.com.br\/wp-content\/uploads\/2025\/06\/Painel-com-a-participacao-de-Milton-Melz-Gilson-Frulling-e-Mariocir-Serafini-1536x1024.jpg 1536w, https:\/\/noticiarioregional.com.br\/wp-content\/uploads\/2025\/06\/Painel-com-a-participacao-de-Milton-Melz-Gilson-Frulling-e-Mariocir-Serafini-2048x1365.jpg 2048w, https:\/\/noticiarioregional.com.br\/wp-content\/uploads\/2025\/06\/Painel-com-a-participacao-de-Milton-Melz-Gilson-Frulling-e-Mariocir-Serafini-150x100.jpg 150w, https:\/\/noticiarioregional.com.br\/wp-content\/uploads\/2025\/06\/Painel-com-a-participacao-de-Milton-Melz-Gilson-Frulling-e-Mariocir-Serafini-450x300.jpg 450w, https:\/\/noticiarioregional.com.br\/wp-content\/uploads\/2025\/06\/Painel-com-a-participacao-de-Milton-Melz-Gilson-Frulling-e-Mariocir-Serafini-1200x800.jpg 1200w\" sizes=\"(max-width: 1024px) 100vw, 1024px\" \/><figcaption class=\"wp-element-caption\">Painel com a participa\u00e7\u00e3o de Milton Melz, Gilson Fr\u00fclling e Mariocir Serafini<\/figcaption><\/figure>\n\n\n\n<p>Para o presidente da Associa\u00e7\u00e3o Municipal e tamb\u00e9m do N\u00facleo Regional da Suinocultura, Tiago Kroetz, a avalia\u00e7\u00e3o do semin\u00e1rio, recebida ap\u00f3s o evento pelos participantes, \u00e9 muito positiva em rela\u00e7\u00e3o ao painel, os temas abordados e a forma precisa e t\u00e9cnica como foi conduzido pelo secret\u00e1rio Roque Marx. Da mesma forma, foram muitos elogios referente a palestra de Greice Rohr, com informa\u00e7\u00f5es precisas e que levaram conhecimento e motiva\u00e7\u00e3o necess\u00e1rios no dia a dia dos produtores e profissionais da \u00e1rea.<\/p>\n\n\n\n<figure class=\"wp-block-image size-large\"><img loading=\"lazy\" decoding=\"async\" width=\"1024\" height=\"683\" src=\"https:\/\/noticiarioregional.com.br\/wp-content\/uploads\/2025\/06\/Palestra-motivacional-com-Greice-Rohr-1024x683.jpg\" alt=\"\" class=\"wp-image-6630\" srcset=\"https:\/\/noticiarioregional.com.br\/wp-content\/uploads\/2025\/06\/Palestra-motivacional-com-Greice-Rohr-1024x683.jpg 1024w, https:\/\/noticiarioregional.com.br\/wp-content\/uploads\/2025\/06\/Palestra-motivacional-com-Greice-Rohr-300x200.jpg 300w, https:\/\/noticiarioregional.com.br\/wp-content\/uploads\/2025\/06\/Palestra-motivacional-com-Greice-Rohr-768x512.jpg 768w, https:\/\/noticiarioregional.com.br\/wp-content\/uploads\/2025\/06\/Palestra-motivacional-com-Greice-Rohr-1536x1024.jpg 1536w, https:\/\/noticiarioregional.com.br\/wp-content\/uploads\/2025\/06\/Palestra-motivacional-com-Greice-Rohr-2048x1365.jpg 2048w, https:\/\/noticiarioregional.com.br\/wp-content\/uploads\/2025\/06\/Palestra-motivacional-com-Greice-Rohr-150x100.jpg 150w, https:\/\/noticiarioregional.com.br\/wp-content\/uploads\/2025\/06\/Palestra-motivacional-com-Greice-Rohr-450x300.jpg 450w, https:\/\/noticiarioregional.com.br\/wp-content\/uploads\/2025\/06\/Palestra-motivacional-com-Greice-Rohr-1200x800.jpg 1200w\" sizes=\"(max-width: 1024px) 100vw, 1024px\" \/><figcaption class=\"wp-element-caption\">Palestra motivacional com Greice Rohr<\/figcaption><\/figure>\n\n\n\n<p>Tiago Kroetz ressalta que o almo\u00e7o de confraterniza\u00e7\u00e3o tamb\u00e9m teve como card\u00e1pio principal o churrasco a base de carne su\u00edna, como forma de valorizar a atividade. O presidente agradece ao munic\u00edpio de Ipor\u00e3 do Oeste pelo apoio na organiza\u00e7\u00e3o do evento, ao secret\u00e1rio de Agricultura Roque Marx pela importante condu\u00e7\u00e3o do painel, a comunidade de Aparecida sede do evento, aos palestrantes, empresas patrocinadoras e a todos que participaram enriquecendo o semin\u00e1rio deste ano.<\/p>\n\n\n\n<p>O local do 24\u00ba Semin\u00e1rio Regional da Cultura de 2026 foi definido como o munic\u00edpio de Monda\u00ed, com data a ser confirmada.<\/p>\n","protected":false},"excerpt":{"rendered":"<p>Ipor\u00e3 do Oeste \u2013 A comunidade de Linha Aparecida sediou no s\u00e1bado, 14, o 23\u00ba Semin\u00e1rio Regional da Suinocultura. O evento contou com a presen\u00e7a de produtores, empresas do setor, autoridades e demais participantes do munic\u00edpio sede de Ipor\u00e3 do Oeste e cidades vizinhas de Guaraciaba, Descanso, Tun\u00e1polis, S\u00e3o Jo\u00e3o do Oeste, Itapiranga e Monda\u00ed.<\/p>\n","protected":false},"author":1,"featured_media":6623,"comment_status":"open","ping_status":"open","sticky":false,"template":"","format":"standard","meta":{"footnotes":""},"categories":[41],"tags":[],"class_list":{"0":"post-6622","1":"post","2":"type-post","3":"status-publish","4":"format-standard","5":"has-post-thumbnail","7":"category-noticias"},"_links":{"self":[{"href":"https:\/\/noticiarioregional.com.br\/index.php?rest_route=\/wp\/v2\/posts\/6622","targetHints":{"allow":["GET"]}}],"collection":[{"href":"https:\/\/noticiarioregional.com.br\/index.php?rest_route=\/wp\/v2\/posts"}],"about":[{"href":"https:\/\/noticiarioregional.com.br\/index.php?rest_route=\/wp\/v2\/types\/post"}],"author":[{"embeddable":true,"href":"https:\/\/noticiarioregional.com.br\/index.php?rest_route=\/wp\/v2\/users\/1"}],"replies":[{"embeddable":true,"href":"https:\/\/noticiarioregional.com.br\/index.php?rest_route=%2Fwp%2Fv2%2Fcomments&post=6622"}],"version-history":[{"count":1,"href":"https:\/\/noticiarioregional.com.br\/index.php?rest_route=\/wp\/v2\/posts\/6622\/revisions"}],"predecessor-version":[{"id":6631,"href":"https:\/\/noticiarioregional.com.br\/index.php?rest_route=\/wp\/v2\/posts\/6622\/revisions\/6631"}],"wp:featuredmedia":[{"embeddable":true,"href":"https:\/\/noticiarioregional.com.br\/index.php?rest_route=\/wp\/v2\/media\/6623"}],"wp:attachment":[{"href":"https:\/\/noticiarioregional.com.br\/index.php?rest_route=%2Fwp%2Fv2%2Fmedia&parent=6622"}],"wp:term":[{"taxonomy":"category","embeddable":true,"href":"https:\/\/noticiarioregional.com.br\/index.php?rest_route=%2Fwp%2Fv2%2Fcategories&post=6622"},{"taxonomy":"post_tag","embeddable":true,"href":"https:\/\/noticiarioregional.com.br\/index.php?rest_route=%2Fwp%2Fv2%2Ftags&post=6622"}],"curies":[{"name":"wp","href":"https:\/\/api.w.org\/{rel}","templated":true}]}}