{"id":6650,"date":"2025-07-03T09:35:16","date_gmt":"2025-07-03T12:35:16","guid":{"rendered":"https:\/\/noticiarioregional.com.br\/?p=6650"},"modified":"2025-07-03T09:36:03","modified_gmt":"2025-07-03T12:36:03","slug":"casal-da-comunidade-de-laju-aposta-na-producao-de-tomates-em-vasos","status":"publish","type":"post","link":"https:\/\/noticiarioregional.com.br\/?p=6650","title":{"rendered":"Casal da comunidade de Laju aposta na produ\u00e7\u00e3o de tomates em vasos"},"content":{"rendered":"\n<p><strong>Monda\u00ed &#8211;<\/strong> Em meio \u00e0s paisagens tranquilas da comunidade de Laju, um casal vem se destacando por uma iniciativa simples, por\u00e9m promissora, no cultivo de alimentos. Elesia Klement e Otmar Klement decidiram investir na produ\u00e7\u00e3o de tomates em vasos, apostando em uma abordagem diferente da tradicional agricultura em solo. E os resultados j\u00e1 come\u00e7am a chamar aten\u00e7\u00e3o.<\/p>\n\n\n\n<p>Com o plantio de 200 p\u00e9s da variedade de tomate Petros, conhecida pela boa produtividade e resist\u00eancia, o casal optou por utilizar apenas substrato nos recipientes, sem o uso de terra convencional. A t\u00e9cnica tem se mostrado eficaz, e a expectativa \u00e9 animadora: cada p\u00e9 pode render entre 5 a 6 quilos de tomate, o que pode resultar em at\u00e9 1.200 quilos na colheita total. \u201c<em>Escolhemos cultivar em vasos porque facilita o controle de pragas e permite um melhor manejo dos nutrientes. Al\u00e9m disso, o substrato garante uma boa drenagem e desenvolvimento das ra\u00edzes<\/em>\u201d, explica Otmar.<\/p>\n\n\n\n<p>A escolha da variedade Petros tamb\u00e9m foi estrat\u00e9gica. Este tipo de tomate se destaca pelo sabor e durabilidade, sendo bastante procurado tanto para consumo in natura quanto para uso em molhos e saladas. Elesia conta que, al\u00e9m do retorno financeiro, o cultivo tem proporcionado uma nova rotina ao casal. \u201c<em>\u00c9 gratificante ver o crescimento das plantas e saber que estamos produzindo um alimento saud\u00e1vel, com o nosso pr\u00f3prio cuidado em cada etapa<\/em>\u201d, afirma.<\/p>\n\n\n\n<figure class=\"wp-block-image size-large\"><img fetchpriority=\"high\" decoding=\"async\" width=\"1024\" height=\"683\" src=\"https:\/\/noticiarioregional.com.br\/wp-content\/uploads\/2025\/07\/Cada-pe-pode-render-entre-5-a-6-quilos-de-tomate-1024x683.jpg\" alt=\"\" class=\"wp-image-6652\" srcset=\"https:\/\/noticiarioregional.com.br\/wp-content\/uploads\/2025\/07\/Cada-pe-pode-render-entre-5-a-6-quilos-de-tomate-1024x683.jpg 1024w, https:\/\/noticiarioregional.com.br\/wp-content\/uploads\/2025\/07\/Cada-pe-pode-render-entre-5-a-6-quilos-de-tomate-300x200.jpg 300w, https:\/\/noticiarioregional.com.br\/wp-content\/uploads\/2025\/07\/Cada-pe-pode-render-entre-5-a-6-quilos-de-tomate-768x512.jpg 768w, https:\/\/noticiarioregional.com.br\/wp-content\/uploads\/2025\/07\/Cada-pe-pode-render-entre-5-a-6-quilos-de-tomate-1536x1024.jpg 1536w, https:\/\/noticiarioregional.com.br\/wp-content\/uploads\/2025\/07\/Cada-pe-pode-render-entre-5-a-6-quilos-de-tomate-2048x1365.jpg 2048w, https:\/\/noticiarioregional.com.br\/wp-content\/uploads\/2025\/07\/Cada-pe-pode-render-entre-5-a-6-quilos-de-tomate-150x100.jpg 150w, https:\/\/noticiarioregional.com.br\/wp-content\/uploads\/2025\/07\/Cada-pe-pode-render-entre-5-a-6-quilos-de-tomate-450x300.jpg 450w, https:\/\/noticiarioregional.com.br\/wp-content\/uploads\/2025\/07\/Cada-pe-pode-render-entre-5-a-6-quilos-de-tomate-1200x800.jpg 1200w\" sizes=\"(max-width: 1024px) 100vw, 1024px\" \/><figcaption class=\"wp-element-caption\">Cada p\u00e9 pode render entre 5 a 6 quilos de tomate<\/figcaption><\/figure>\n\n\n\n<p>Com essa experi\u00eancia, o casal mostra que inova\u00e7\u00e3o e dedica\u00e7\u00e3o no campo podem andar juntas, mesmo em pequena escala, e inspirar outros produtores da regi\u00e3o a explorar m\u00e9todos alternativos de cultivo. A colheita dos tomates j\u00e1 est\u00e1 acontecendo, e a produ\u00e7\u00e3o n\u00e3o apenas atende o consumo familiar, mas tamb\u00e9m est\u00e1 sendo comercializada a R$ 8,00 o quilo, na Feira que acontece todas as manh\u00e3s de s\u00e1bado, na Rua Coberta.<\/p>\n","protected":false},"excerpt":{"rendered":"<p>Monda\u00ed &#8211; Em meio \u00e0s paisagens tranquilas da comunidade de Laju, um casal vem se destacando por uma iniciativa simples, por\u00e9m promissora, no cultivo de alimentos. Elesia Klement e Otmar Klement decidiram investir na produ\u00e7\u00e3o de tomates em vasos, apostando em uma abordagem diferente da tradicional agricultura em solo. E os resultados j\u00e1 come\u00e7am a<\/p>\n","protected":false},"author":1,"featured_media":6651,"comment_status":"open","ping_status":"open","sticky":false,"template":"","format":"standard","meta":{"footnotes":""},"categories":[41],"tags":[],"class_list":{"0":"post-6650","1":"post","2":"type-post","3":"status-publish","4":"format-standard","5":"has-post-thumbnail","7":"category-noticias"},"_links":{"self":[{"href":"https:\/\/noticiarioregional.com.br\/index.php?rest_route=\/wp\/v2\/posts\/6650","targetHints":{"allow":["GET"]}}],"collection":[{"href":"https:\/\/noticiarioregional.com.br\/index.php?rest_route=\/wp\/v2\/posts"}],"about":[{"href":"https:\/\/noticiarioregional.com.br\/index.php?rest_route=\/wp\/v2\/types\/post"}],"author":[{"embeddable":true,"href":"https:\/\/noticiarioregional.com.br\/index.php?rest_route=\/wp\/v2\/users\/1"}],"replies":[{"embeddable":true,"href":"https:\/\/noticiarioregional.com.br\/index.php?rest_route=%2Fwp%2Fv2%2Fcomments&post=6650"}],"version-history":[{"count":1,"href":"https:\/\/noticiarioregional.com.br\/index.php?rest_route=\/wp\/v2\/posts\/6650\/revisions"}],"predecessor-version":[{"id":6653,"href":"https:\/\/noticiarioregional.com.br\/index.php?rest_route=\/wp\/v2\/posts\/6650\/revisions\/6653"}],"wp:featuredmedia":[{"embeddable":true,"href":"https:\/\/noticiarioregional.com.br\/index.php?rest_route=\/wp\/v2\/media\/6651"}],"wp:attachment":[{"href":"https:\/\/noticiarioregional.com.br\/index.php?rest_route=%2Fwp%2Fv2%2Fmedia&parent=6650"}],"wp:term":[{"taxonomy":"category","embeddable":true,"href":"https:\/\/noticiarioregional.com.br\/index.php?rest_route=%2Fwp%2Fv2%2Fcategories&post=6650"},{"taxonomy":"post_tag","embeddable":true,"href":"https:\/\/noticiarioregional.com.br\/index.php?rest_route=%2Fwp%2Fv2%2Ftags&post=6650"}],"curies":[{"name":"wp","href":"https:\/\/api.w.org\/{rel}","templated":true}]}}