{"id":6664,"date":"2025-07-04T10:40:31","date_gmt":"2025-07-04T13:40:31","guid":{"rendered":"https:\/\/noticiarioregional.com.br\/?p=6664"},"modified":"2025-07-04T10:40:33","modified_gmt":"2025-07-04T13:40:33","slug":"o-perigo-silencioso-de-um-dente-inflamado","status":"publish","type":"post","link":"https:\/\/noticiarioregional.com.br\/?p=6664","title":{"rendered":"O perigo silencioso de um dente inflamado"},"content":{"rendered":"\n<figure class=\"wp-block-pullquote\"><blockquote><p><strong>\u00a0\u201c\u00c9 s\u00f3 uma dor de dente, logo passa.\u201d<br>Quantas vezes voc\u00ea j\u00e1 ouviu (ou disse) essa frase? O problema \u00e9 que, muitas vezes, essa \u201cdor passageira\u201d pode ser o sinal de algo muito mais grave. Uma infec\u00e7\u00e3o dent\u00e1ria ignorada pode se transformar rapidamente em um risco real \u00e0 sa\u00fade \u2014 e at\u00e9 \u00e0 vida.<\/strong><\/p><\/blockquote><\/figure>\n\n\n\n<p>Se a pergunta \u00e9 devo ir logo ver, a resposta \u00e9 sim, \u00e9 crucial cuidar de um dente inflamado.&nbsp;<\/p>\n\n\n\n<p>A inflama\u00e7\u00e3o dent\u00e1ria pode ser causada por diversas raz\u00f5es, desde c\u00e1ries at\u00e9 infec\u00e7\u00f5es, e pode levar a complica\u00e7\u00f5es graves se n\u00e3o for tratada a tempo. Quando a infec\u00e7\u00e3o atinge a raiz do dente e se espalha, ela pode alcan\u00e7ar o osso, os m\u00fasculos do rosto e at\u00e9 a corrente sangu\u00ednea. Isso pode levar a quadros graves, como:<\/p>\n\n\n\n<ul class=\"wp-block-list\">\n<li>Incha\u00e7o no rosto e pesco\u00e7o<\/li>\n\n\n\n<li>Infec\u00e7\u00f5es que dificultam a respira\u00e7\u00e3o<\/li>\n\n\n\n<li>Endocardite bacteriana (infec\u00e7\u00e3o no cora\u00e7\u00e3o)<\/li>\n\n\n\n<li>Sepse (infec\u00e7\u00e3o generalizada)<\/li>\n\n\n\n<li>Risco de \u00f3bito<\/li>\n<\/ul>\n\n\n\n<p>N\u00e3o \u00e9 exagero, e esses casos n\u00e3o s\u00e3o apenas teoria, infelizmente, j\u00e1 aconteceram com pacientes jovens e aparentemente saud\u00e1veis. O que come\u00e7a como uma dorzinha pode virar uma urg\u00eancia m\u00e9dica, explica a Dra. Rita Kieling, Cirurgi\u00e3 Dentista \u2013 Respons\u00e1vel pelos tratamentos de canal da Giroldi.<\/p>\n\n\n\n<p>Segundo Rita, nem toda dor de dente indica algo grave, mas, alguns sintomas s\u00e3o claros sinais de que voc\u00ea deve procurar o dentista, dentre os quais:<\/p>\n\n\n\n<ul class=\"wp-block-list\">\n<li>Dor constante, pulsante ou que piora \u00e0 noite<\/li>\n\n\n\n<li>Sensibilidade exagerada ao quente ou frio<\/li>\n\n\n\n<li>Dente escurecido<\/li>\n\n\n\n<li>Mau h\u00e1lito persistente<\/li>\n\n\n\n<li>Incha\u00e7o na gengiva ou no rosto<\/li>\n<\/ul>\n\n\n\n<p><em>\u201cSe voc\u00ea sente um ou mais desses sintomas, n\u00e3o espere. Quanto antes o problema for tratado, menor o risco de complica\u00e7\u00f5es\u201d,<\/em> pontua.<br><\/p>\n\n\n\n<p><strong><u>E o tratamento d\u00f3i?<\/u><\/strong><\/p>\n\n\n\n<figure class=\"wp-block-image size-large\"><img fetchpriority=\"high\" decoding=\"async\" width=\"682\" height=\"1024\" src=\"https:\/\/noticiarioregional.com.br\/wp-content\/uploads\/2025\/07\/WhatsApp-Image-2025-05-23-at-14.24.06-682x1024.jpeg\" alt=\"\" class=\"wp-image-6666\" srcset=\"https:\/\/noticiarioregional.com.br\/wp-content\/uploads\/2025\/07\/WhatsApp-Image-2025-05-23-at-14.24.06-682x1024.jpeg 682w, https:\/\/noticiarioregional.com.br\/wp-content\/uploads\/2025\/07\/WhatsApp-Image-2025-05-23-at-14.24.06-200x300.jpeg 200w, https:\/\/noticiarioregional.com.br\/wp-content\/uploads\/2025\/07\/WhatsApp-Image-2025-05-23-at-14.24.06-768x1152.jpeg 768w, https:\/\/noticiarioregional.com.br\/wp-content\/uploads\/2025\/07\/WhatsApp-Image-2025-05-23-at-14.24.06-150x225.jpeg 150w, https:\/\/noticiarioregional.com.br\/wp-content\/uploads\/2025\/07\/WhatsApp-Image-2025-05-23-at-14.24.06-450x675.jpeg 450w, https:\/\/noticiarioregional.com.br\/wp-content\/uploads\/2025\/07\/WhatsApp-Image-2025-05-23-at-14.24.06.jpeg 853w\" sizes=\"(max-width: 682px) 100vw, 682px\" \/><\/figure>\n\n\n\n<p>Essa \u00e9 uma d\u00favida comum, explica a Dra. Rita Kieling, cuja resposta, felizmente \u00e9 n\u00e3o. <em>\u201cCom as t\u00e9cnicas atuais, o tratamento \u00e9 feito com anestesia local e equipamentos modernos. \u00c9 um procedimento seguro, eficaz e, na maioria das vezes, indolor\u201d.<\/em><\/p>\n\n\n\n<p>Adiar o tratamento por medo ou descuido pode custar caro, tanto no bolso quanto na sa\u00fade. Infec\u00e7\u00f5es dent\u00e1rias n\u00e3o tratadas s\u00e3o portas de entrada para problemas s\u00e9rios no corpo inteiro. N\u00e3o espere a dor virar um problema maior. Seu corpo agradece. Seu sorriso tamb\u00e9m. A preven\u00e7\u00e3o come\u00e7a com aten\u00e7\u00e3o aos sinais e visitas regulares ao dentista. Na Giroldi Espa\u00e7o Odontol\u00f3gico, os pacientes contam com uma estrutura moderna, equipe multidisciplinar e tecnologia de ponta para cuidar da sa\u00fade bucal e do seu sorriso com seguran\u00e7a e acolhimento.<\/p>\n\n\n\n<p>A Giroldi est\u00e1 localizada na Rua Palmeiras, 54, Bairro Uruguai, pr\u00f3ximo a Igreja Cat\u00f3lica Matriz, em Monda\u00ed.<\/p>\n","protected":false},"excerpt":{"rendered":"<p>\u00a0\u201c\u00c9 s\u00f3 uma dor de dente, logo passa.\u201dQuantas vezes voc\u00ea j\u00e1 ouviu (ou disse) essa frase? O problema \u00e9 que, muitas vezes, essa \u201cdor passageira\u201d pode ser o sinal de algo muito mais grave. Uma infec\u00e7\u00e3o dent\u00e1ria ignorada pode se transformar rapidamente em um risco real \u00e0 sa\u00fade \u2014 e at\u00e9 \u00e0 vida. Se a<\/p>\n","protected":false},"author":1,"featured_media":6665,"comment_status":"open","ping_status":"open","sticky":false,"template":"","format":"standard","meta":{"footnotes":""},"categories":[41],"tags":[],"class_list":{"0":"post-6664","1":"post","2":"type-post","3":"status-publish","4":"format-standard","5":"has-post-thumbnail","7":"category-noticias"},"_links":{"self":[{"href":"https:\/\/noticiarioregional.com.br\/index.php?rest_route=\/wp\/v2\/posts\/6664","targetHints":{"allow":["GET"]}}],"collection":[{"href":"https:\/\/noticiarioregional.com.br\/index.php?rest_route=\/wp\/v2\/posts"}],"about":[{"href":"https:\/\/noticiarioregional.com.br\/index.php?rest_route=\/wp\/v2\/types\/post"}],"author":[{"embeddable":true,"href":"https:\/\/noticiarioregional.com.br\/index.php?rest_route=\/wp\/v2\/users\/1"}],"replies":[{"embeddable":true,"href":"https:\/\/noticiarioregional.com.br\/index.php?rest_route=%2Fwp%2Fv2%2Fcomments&post=6664"}],"version-history":[{"count":1,"href":"https:\/\/noticiarioregional.com.br\/index.php?rest_route=\/wp\/v2\/posts\/6664\/revisions"}],"predecessor-version":[{"id":6667,"href":"https:\/\/noticiarioregional.com.br\/index.php?rest_route=\/wp\/v2\/posts\/6664\/revisions\/6667"}],"wp:featuredmedia":[{"embeddable":true,"href":"https:\/\/noticiarioregional.com.br\/index.php?rest_route=\/wp\/v2\/media\/6665"}],"wp:attachment":[{"href":"https:\/\/noticiarioregional.com.br\/index.php?rest_route=%2Fwp%2Fv2%2Fmedia&parent=6664"}],"wp:term":[{"taxonomy":"category","embeddable":true,"href":"https:\/\/noticiarioregional.com.br\/index.php?rest_route=%2Fwp%2Fv2%2Fcategories&post=6664"},{"taxonomy":"post_tag","embeddable":true,"href":"https:\/\/noticiarioregional.com.br\/index.php?rest_route=%2Fwp%2Fv2%2Ftags&post=6664"}],"curies":[{"name":"wp","href":"https:\/\/api.w.org\/{rel}","templated":true}]}}