{"id":6671,"date":"2025-07-05T10:44:29","date_gmt":"2025-07-05T13:44:29","guid":{"rendered":"https:\/\/noticiarioregional.com.br\/?p=6671"},"modified":"2025-07-04T10:50:28","modified_gmt":"2025-07-04T13:50:28","slug":"pedra-vermelha-grande-publico-prestigia-estreia-do-documentario","status":"publish","type":"post","link":"https:\/\/noticiarioregional.com.br\/?p=6671","title":{"rendered":"Pedra Vermelha: grande p\u00fablico prestigia estreia do document\u00e1rio"},"content":{"rendered":"\n<p><strong>Monda\u00ed \u2013<\/strong> Na sexta-feira, 13, a comunidade de Catres, foi sede de um evento hist\u00f3rico: a pr\u00e9-estreia gratuita do document\u00e1rio <strong>Pedra Vermelha<\/strong><strong>,<\/strong> longa-metragem da Margot Filmes que retrata quatro d\u00e9cadas de resist\u00eancia popular contra a constru\u00e7\u00e3o da Usina Hidrel\u00e9trica de Itapiranga, no Rio Uruguai.&nbsp;&nbsp;&nbsp;&nbsp;&nbsp;&nbsp;&nbsp;<\/p>\n\n\n\n<p>O document\u00e1rio foi dirigido por Ilka Goldschmidt e Cassemiro Vitorino, o filme mergulha na hist\u00f3ria de luta das comunidades ribeirinhas e dos povos origin\u00e1rios da regi\u00e3o, amea\u00e7ados desde a d\u00e9cada de 1980 pelo projeto hidroenerg\u00e9tico que, se concretizado, alagaria terras, apagaria mem\u00f3rias e destruiria modos de vida ancestrais.<\/p>\n\n\n\n<p>Na oportunidade da estreia, Francine Kuffel, ativista atuante do MAB, leu uma poesia, e destacou os s\u00edmbolos da luta contra as barragens: \u201cTerra, \u00e1gua, B\u00edblia e o ter\u00e7o, frutas, ferramentas, Bandeira, a Pedra Vermelha, e o mapa do Dil\u00favio\u201d. Antes de iniciarem o filme, realizaram seu grito de resist\u00eancia: \u201c\u00c1gua para a vida, e n\u00e3o para a morte\u201d. O restante do evento tamb\u00e9m foi conduzido pelo coordenador do MAB, Pedro Eloir Nelchior.<\/p>\n\n\n\n<p>Tiveram a oportunidade de se manifestar os diretores do filme, Ilka e Cassemiro, Lu\u00eds Mallmann, representando a comunidade do Catres e Roque Theobald, representando o MAB, e a deputada estadual, Luciane Carminatti. Aproximadamente, 150 pessoas presigiaram a estreia do filme.<\/p>\n\n\n\n<p><strong>Sobre o filme<\/strong><\/p>\n\n\n\n<p>Com 97 minutos de dura\u00e7\u00e3o e depoimentos de 37 personagens, <strong>Pedra Vermelha<\/strong> se debru\u00e7a sobre os impactos do <em>Invent\u00e1rio Hidroenerg\u00e9tico da Eletrobr\u00e1s<\/em> \u2014 plano tra\u00e7ado ainda nos anos 1960 para a constru\u00e7\u00e3o de 25 grandes barragens no Rio Uruguai. O filme evidencia a resist\u00eancia organizada por agricultores, lideran\u00e7as religiosas, sindicatos, ambientalistas e movimentos sociais como o MAB (Movimento dos Atingidos por Barragens),<strong> <\/strong>o<strong> <\/strong>MST (Movimento dos Trabalhadores Rurais Sem Terra)<strong> <\/strong>e o MMC (Movimento das Mulheres Camponesas).<\/p>\n\n\n\n<p>O trabalho \u00e9 fruto de quatro anos de intensa pesquisa, com acesso a acervos do MAB, da Arquidiocese de Chapec\u00f3, do Centro de Mem\u00f3rias do Oeste de Santa Catarina (CEOM), al\u00e9m de documentos e registros hist\u00f3ricos da pr\u00f3pria comunidade. <strong>Pedra Vermelha<\/strong> foi viabilizado com recursos do Pr\u00eamio Catarinense de Cinema, promovido pela Funda\u00e7\u00e3o Catarinense de Cultura (FCC).<\/p>\n","protected":false},"excerpt":{"rendered":"<p>Monda\u00ed \u2013 Na sexta-feira, 13, a comunidade de Catres, foi sede de um evento hist\u00f3rico: a pr\u00e9-estreia gratuita do document\u00e1rio Pedra Vermelha, longa-metragem da Margot Filmes que retrata quatro d\u00e9cadas de resist\u00eancia popular contra a constru\u00e7\u00e3o da Usina Hidrel\u00e9trica de Itapiranga, no Rio Uruguai.&nbsp;&nbsp;&nbsp;&nbsp;&nbsp;&nbsp;&nbsp; O document\u00e1rio foi dirigido por Ilka Goldschmidt e Cassemiro Vitorino, o<\/p>\n","protected":false},"author":1,"featured_media":6672,"comment_status":"open","ping_status":"open","sticky":false,"template":"","format":"standard","meta":{"footnotes":""},"categories":[41],"tags":[],"class_list":{"0":"post-6671","1":"post","2":"type-post","3":"status-publish","4":"format-standard","5":"has-post-thumbnail","7":"category-noticias"},"_links":{"self":[{"href":"https:\/\/noticiarioregional.com.br\/index.php?rest_route=\/wp\/v2\/posts\/6671","targetHints":{"allow":["GET"]}}],"collection":[{"href":"https:\/\/noticiarioregional.com.br\/index.php?rest_route=\/wp\/v2\/posts"}],"about":[{"href":"https:\/\/noticiarioregional.com.br\/index.php?rest_route=\/wp\/v2\/types\/post"}],"author":[{"embeddable":true,"href":"https:\/\/noticiarioregional.com.br\/index.php?rest_route=\/wp\/v2\/users\/1"}],"replies":[{"embeddable":true,"href":"https:\/\/noticiarioregional.com.br\/index.php?rest_route=%2Fwp%2Fv2%2Fcomments&post=6671"}],"version-history":[{"count":1,"href":"https:\/\/noticiarioregional.com.br\/index.php?rest_route=\/wp\/v2\/posts\/6671\/revisions"}],"predecessor-version":[{"id":6673,"href":"https:\/\/noticiarioregional.com.br\/index.php?rest_route=\/wp\/v2\/posts\/6671\/revisions\/6673"}],"wp:featuredmedia":[{"embeddable":true,"href":"https:\/\/noticiarioregional.com.br\/index.php?rest_route=\/wp\/v2\/media\/6672"}],"wp:attachment":[{"href":"https:\/\/noticiarioregional.com.br\/index.php?rest_route=%2Fwp%2Fv2%2Fmedia&parent=6671"}],"wp:term":[{"taxonomy":"category","embeddable":true,"href":"https:\/\/noticiarioregional.com.br\/index.php?rest_route=%2Fwp%2Fv2%2Fcategories&post=6671"},{"taxonomy":"post_tag","embeddable":true,"href":"https:\/\/noticiarioregional.com.br\/index.php?rest_route=%2Fwp%2Fv2%2Ftags&post=6671"}],"curies":[{"name":"wp","href":"https:\/\/api.w.org\/{rel}","templated":true}]}}