{"id":6688,"date":"2025-07-06T11:33:31","date_gmt":"2025-07-06T14:33:31","guid":{"rendered":"https:\/\/noticiarioregional.com.br\/?p=6688"},"modified":"2025-07-04T11:36:53","modified_gmt":"2025-07-04T14:36:53","slug":"municipio-valoriza-funcionalismo-publico-com-reajuste-de-4763-no-vale-alimentacao","status":"publish","type":"post","link":"https:\/\/noticiarioregional.com.br\/?p=6688","title":{"rendered":"Munic\u00edpio valoriza funcionalismo p\u00fablico com reajuste de 47,63% no vale-alimenta\u00e7\u00e3o"},"content":{"rendered":"\n<div class=\"wp-block-buttons is-layout-flex wp-block-buttons-is-layout-flex\">\n<div class=\"wp-block-button\"><a class=\"wp-block-button__link wp-element-button\">Por Fernando Biesdorf<\/a><\/div>\n<\/div>\n\n\n\n<p><strong>Ipor\u00e3 do Oeste <\/strong>\u2013 Como gesto de valoriza\u00e7\u00e3o dos servidores p\u00fablicos municipais do Poder Executivo, a Administra\u00e7\u00e3o Municipal vai conceder reajuste de 47,63% no vale-alimenta\u00e7\u00e3o, passando de R$ 20,32 para R$ 30,00 por dia. O valor proposto totaliza cerca de R$ 660,00\/mensal para o servidor p\u00fablico com carga hor\u00e1ria de 40 horas\/semanais. O Projeto de Lei n\u00ba 17\/2025 foi aprovado, por unanimidade, em segunda vota\u00e7\u00e3o, pelos vereadores, na sess\u00e3o ordin\u00e1ria de segunda-feira, 23. Al\u00e9m do reajuste, a nova legisla\u00e7\u00e3o amplia o benef\u00edcio para os estagi\u00e1rios e os agentes pol\u00edticos: &nbsp;prefeito, vice-prefeito e secret\u00e1rios municipais.<\/p>\n\n\n\n<figure class=\"wp-block-image size-large\"><img fetchpriority=\"high\" decoding=\"async\" width=\"1024\" height=\"683\" src=\"https:\/\/noticiarioregional.com.br\/wp-content\/uploads\/2025\/07\/Osni-Simon-1024x683.jpg\" alt=\"\" class=\"wp-image-6690\" srcset=\"https:\/\/noticiarioregional.com.br\/wp-content\/uploads\/2025\/07\/Osni-Simon-1024x683.jpg 1024w, https:\/\/noticiarioregional.com.br\/wp-content\/uploads\/2025\/07\/Osni-Simon-300x200.jpg 300w, https:\/\/noticiarioregional.com.br\/wp-content\/uploads\/2025\/07\/Osni-Simon-768x512.jpg 768w, https:\/\/noticiarioregional.com.br\/wp-content\/uploads\/2025\/07\/Osni-Simon-1536x1024.jpg 1536w, https:\/\/noticiarioregional.com.br\/wp-content\/uploads\/2025\/07\/Osni-Simon-2048x1365.jpg 2048w, https:\/\/noticiarioregional.com.br\/wp-content\/uploads\/2025\/07\/Osni-Simon-150x100.jpg 150w, https:\/\/noticiarioregional.com.br\/wp-content\/uploads\/2025\/07\/Osni-Simon-450x300.jpg 450w, https:\/\/noticiarioregional.com.br\/wp-content\/uploads\/2025\/07\/Osni-Simon-1200x800.jpg 1200w\" sizes=\"(max-width: 1024px) 100vw, 1024px\" \/><figcaption class=\"wp-element-caption\">Osni Simon<\/figcaption><\/figure>\n\n\n\n<p>\u00a0\u00a0\u00a0\u00a0\u00a0\u00a0\u00a0\u00a0\u00a0\u00a0\u00a0 Na discuss\u00e3o do projeto do novo vale-alimenta\u00e7\u00e3o na C\u00e2mara de Vereadores, o vereador Osni Simon, do MDB, se colocou favor\u00e1vel ao reajuste e considerou justa a inclus\u00e3o do benef\u00edcio aos agentes pol\u00edticos, prefeito, vice-prefeito e secret\u00e1rios municipais, uma vez que <em>\u201cassim com os servidores efetivos, eles tamb\u00e9m est\u00e3o a servi\u00e7o do povo de Ipor\u00e3 do Oeste\u201d. <\/em>Ressaltou a import\u00e2ncia da concess\u00e3o do vale-alimenta\u00e7\u00e3o aos estagi\u00e1rios, como forma de valoriza\u00e7\u00e3o, pela import\u00e2ncia do trabalho que desenvolvem em todos os setores da Administra\u00e7\u00e3o P\u00fablica Municipal. <em>\u201cAli [com os estagi\u00e1rios] est\u00e1 acontecendo uma economia muito grande para o Munic\u00edpio, porque os estagi\u00e1rios fazem um servi\u00e7o espetacular, auxiliando os servidores efetivos de maneira muito eficiente&#8230;\u201d, <\/em>destaca. <em>\u201cHoje t\u00eam estagi\u00e1rios recebendo nem R$ 600,00 por m\u00eas para meio per\u00edodo, ent\u00e3o nada mais justo que os incluir no vale-alimenta\u00e7\u00e3o&#8230;\u201d.<\/em><\/p>\n\n\n\n<p>De acordo com o prefeito Michel Barth, o reajuste no valor do vale-alimenta\u00e7\u00e3o tem como objetivo recompor o poder de compra dos servidores, considerando a defasagem frente \u00e0 infla\u00e7\u00e3o acumulada ao longo dos anos e o custo atual da alimenta\u00e7\u00e3o.<em> \u201cConsideramos que R$ 30,00 por dia seja um valor m\u00e9dio de um almo\u00e7o hoje, por isso, optamos em promover este reajuste, como forma de valoriza\u00e7\u00e3o dos nossos servidores municipais\u201d, <\/em>avalia o prefeito. Ele tamb\u00e9m cita a equidade do valor entre todos os servidores, inclusive os agentes pol\u00edticos e valoriza a inclus\u00e3o do benef\u00edcio aos estagi\u00e1rios, que prestam um servi\u00e7o muito importante ao Munic\u00edpio.<\/p>\n\n\n\n<p>Com a aprova\u00e7\u00e3o na C\u00e2mara de Vereadores, o Projeto de Lei n\u00ba 17\/2025 segue para sans\u00e3o do prefeito Michel Barth. O novo valor do vale-alimenta\u00e7\u00e3o ser\u00e1 pago aos servidores a partir da folha de pagamento deste m\u00eas.<\/p>\n","protected":false},"excerpt":{"rendered":"<p>Ipor\u00e3 do Oeste \u2013 Como gesto de valoriza\u00e7\u00e3o dos servidores p\u00fablicos municipais do Poder Executivo, a Administra\u00e7\u00e3o Municipal vai conceder reajuste de 47,63% no vale-alimenta\u00e7\u00e3o, passando de R$ 20,32 para R$ 30,00 por dia. O valor proposto totaliza cerca de R$ 660,00\/mensal para o servidor p\u00fablico com carga hor\u00e1ria de 40 horas\/semanais. O Projeto de<\/p>\n","protected":false},"author":1,"featured_media":6689,"comment_status":"open","ping_status":"open","sticky":false,"template":"","format":"standard","meta":{"footnotes":""},"categories":[41],"tags":[],"class_list":{"0":"post-6688","1":"post","2":"type-post","3":"status-publish","4":"format-standard","5":"has-post-thumbnail","7":"category-noticias"},"_links":{"self":[{"href":"https:\/\/noticiarioregional.com.br\/index.php?rest_route=\/wp\/v2\/posts\/6688","targetHints":{"allow":["GET"]}}],"collection":[{"href":"https:\/\/noticiarioregional.com.br\/index.php?rest_route=\/wp\/v2\/posts"}],"about":[{"href":"https:\/\/noticiarioregional.com.br\/index.php?rest_route=\/wp\/v2\/types\/post"}],"author":[{"embeddable":true,"href":"https:\/\/noticiarioregional.com.br\/index.php?rest_route=\/wp\/v2\/users\/1"}],"replies":[{"embeddable":true,"href":"https:\/\/noticiarioregional.com.br\/index.php?rest_route=%2Fwp%2Fv2%2Fcomments&post=6688"}],"version-history":[{"count":1,"href":"https:\/\/noticiarioregional.com.br\/index.php?rest_route=\/wp\/v2\/posts\/6688\/revisions"}],"predecessor-version":[{"id":6691,"href":"https:\/\/noticiarioregional.com.br\/index.php?rest_route=\/wp\/v2\/posts\/6688\/revisions\/6691"}],"wp:featuredmedia":[{"embeddable":true,"href":"https:\/\/noticiarioregional.com.br\/index.php?rest_route=\/wp\/v2\/media\/6689"}],"wp:attachment":[{"href":"https:\/\/noticiarioregional.com.br\/index.php?rest_route=%2Fwp%2Fv2%2Fmedia&parent=6688"}],"wp:term":[{"taxonomy":"category","embeddable":true,"href":"https:\/\/noticiarioregional.com.br\/index.php?rest_route=%2Fwp%2Fv2%2Fcategories&post=6688"},{"taxonomy":"post_tag","embeddable":true,"href":"https:\/\/noticiarioregional.com.br\/index.php?rest_route=%2Fwp%2Fv2%2Ftags&post=6688"}],"curies":[{"name":"wp","href":"https:\/\/api.w.org\/{rel}","templated":true}]}}