{"id":6692,"date":"2025-07-07T07:46:00","date_gmt":"2025-07-07T10:46:00","guid":{"rendered":"https:\/\/noticiarioregional.com.br\/?p=6692"},"modified":"2025-07-04T11:48:21","modified_gmt":"2025-07-04T14:48:21","slug":"administracao-municipal-inicia-obra-de-reestruturacao-da-estrada-de-acesso-ao-campo-do-juventude-ctg-e-ponte-de-pedras","status":"publish","type":"post","link":"https:\/\/noticiarioregional.com.br\/?p=6692","title":{"rendered":"Administra\u00e7\u00e3o Municipal inicia obra de reestrutura\u00e7\u00e3o da estrada de acesso ao Campo do Juventude, CTG e Ponte de Pedras"},"content":{"rendered":"\n<p>Caibi &#8211; No in\u00edcio de junho, a Administra\u00e7\u00e3o Municipal deu in\u00edcio a mais uma obra de infraestrutura urbana: o novo alinhamento e pavimenta\u00e7\u00e3o da estrada que d\u00e1 acesso ao Campo do Juventude, ao CTG e \u00e0 comunidade de Ponte de Pedras. A iniciativa representa um marco no desenvolvimento local e atende a uma antiga demanda da popula\u00e7\u00e3o.<\/p>\n\n\n\n<figure class=\"wp-block-image size-large\"><img fetchpriority=\"high\" decoding=\"async\" width=\"576\" height=\"1024\" src=\"https:\/\/noticiarioregional.com.br\/wp-content\/uploads\/2025\/07\/Prefeito-Eder-acompanhando-as-obras-da-nova-estrada-576x1024.jpeg\" alt=\"\" class=\"wp-image-6694\" srcset=\"https:\/\/noticiarioregional.com.br\/wp-content\/uploads\/2025\/07\/Prefeito-Eder-acompanhando-as-obras-da-nova-estrada-576x1024.jpeg 576w, https:\/\/noticiarioregional.com.br\/wp-content\/uploads\/2025\/07\/Prefeito-Eder-acompanhando-as-obras-da-nova-estrada-169x300.jpeg 169w, https:\/\/noticiarioregional.com.br\/wp-content\/uploads\/2025\/07\/Prefeito-Eder-acompanhando-as-obras-da-nova-estrada-768x1365.jpeg 768w, https:\/\/noticiarioregional.com.br\/wp-content\/uploads\/2025\/07\/Prefeito-Eder-acompanhando-as-obras-da-nova-estrada-864x1536.jpeg 864w, https:\/\/noticiarioregional.com.br\/wp-content\/uploads\/2025\/07\/Prefeito-Eder-acompanhando-as-obras-da-nova-estrada-150x267.jpeg 150w, https:\/\/noticiarioregional.com.br\/wp-content\/uploads\/2025\/07\/Prefeito-Eder-acompanhando-as-obras-da-nova-estrada-450x800.jpeg 450w, https:\/\/noticiarioregional.com.br\/wp-content\/uploads\/2025\/07\/Prefeito-Eder-acompanhando-as-obras-da-nova-estrada.jpeg 900w\" sizes=\"(max-width: 576px) 100vw, 576px\" \/><figcaption class=\"wp-element-caption\">Prefeito \u00c9der acompanhando as obras da nova estrada<\/figcaption><\/figure>\n\n\n\n<p>Conforme detalhado pelo prefeito \u00c9der Picoli, trata-se de uma obra de grande porte, que envolve elevado investimento e apresenta desafios t\u00e9cnicos significativos. A interven\u00e7\u00e3o vai muito al\u00e9m de uma simples melhoria na via atual, sendo realizada a reestrutura\u00e7\u00e3o completa do tra\u00e7ado, com nova base e prepara\u00e7\u00e3o para pavimenta\u00e7\u00e3o asf\u00e1ltica. \u201c<em>\u00c9 uma obra grande, com recursos importantes e que exige muito do nosso maquin\u00e1rio e das equipes envolvidas. Estamos fazendo uma base s\u00f3lida com pedr\u00f5es e rach\u00f5es, extra\u00eddos da Pedreira, para garantir a durabilidade da pavimenta\u00e7\u00e3o<\/em>\u201d, explicou o prefeito.<\/p>\n\n\n\n<p>A terraplanagem est\u00e1 em andamento, com maquin\u00e1rios trabalhando intensamente para preparar o solo. A nova estrada ter\u00e1 seis metros de largura, contemplando ainda cal\u00e7ada para pedestres, canteiros centrais e uma ciclofaixa, o que garantir\u00e1 seguran\u00e7a e acessibilidade a todos os usu\u00e1rios da via, incluindo ciclistas, pedestres e ve\u00edculos.<\/p>\n\n\n\n<p>O investimento total da obra gira em torno de R$ 1 milh\u00e3o, sendo R$ 700 mil destinados \u00e0 pavimenta\u00e7\u00e3o asf\u00e1ltica e outros R$ 200 mil para a constru\u00e7\u00e3o da cal\u00e7ada. Os recursos foram viabilizados por meio de repasses do Governo do Estado, com contrapartida e execu\u00e7\u00e3o por parte da Administra\u00e7\u00e3o Municipal.<\/p>\n\n\n\n<p>A expectativa \u00e9 que, ap\u00f3s finalizada, a nova estrada represente n\u00e3o apenas uma via de acesso mais segura e moderna, mas tamb\u00e9m um impulso para o desenvolvimento da regi\u00e3o, valorizando os espa\u00e7os de conviv\u00eancia comunit\u00e1ria e fomentando atividades culturais, esportivas e tur\u00edsticas.<\/p>\n","protected":false},"excerpt":{"rendered":"<p>Caibi &#8211; No in\u00edcio de junho, a Administra\u00e7\u00e3o Municipal deu in\u00edcio a mais uma obra de infraestrutura urbana: o novo alinhamento e pavimenta\u00e7\u00e3o da estrada que d\u00e1 acesso ao Campo do Juventude, ao CTG e \u00e0 comunidade de Ponte de Pedras. A iniciativa representa um marco no desenvolvimento local e atende a uma antiga demanda<\/p>\n","protected":false},"author":1,"featured_media":6693,"comment_status":"open","ping_status":"open","sticky":false,"template":"","format":"standard","meta":{"footnotes":""},"categories":[41],"tags":[],"class_list":{"0":"post-6692","1":"post","2":"type-post","3":"status-publish","4":"format-standard","5":"has-post-thumbnail","7":"category-noticias"},"_links":{"self":[{"href":"https:\/\/noticiarioregional.com.br\/index.php?rest_route=\/wp\/v2\/posts\/6692","targetHints":{"allow":["GET"]}}],"collection":[{"href":"https:\/\/noticiarioregional.com.br\/index.php?rest_route=\/wp\/v2\/posts"}],"about":[{"href":"https:\/\/noticiarioregional.com.br\/index.php?rest_route=\/wp\/v2\/types\/post"}],"author":[{"embeddable":true,"href":"https:\/\/noticiarioregional.com.br\/index.php?rest_route=\/wp\/v2\/users\/1"}],"replies":[{"embeddable":true,"href":"https:\/\/noticiarioregional.com.br\/index.php?rest_route=%2Fwp%2Fv2%2Fcomments&post=6692"}],"version-history":[{"count":1,"href":"https:\/\/noticiarioregional.com.br\/index.php?rest_route=\/wp\/v2\/posts\/6692\/revisions"}],"predecessor-version":[{"id":6695,"href":"https:\/\/noticiarioregional.com.br\/index.php?rest_route=\/wp\/v2\/posts\/6692\/revisions\/6695"}],"wp:featuredmedia":[{"embeddable":true,"href":"https:\/\/noticiarioregional.com.br\/index.php?rest_route=\/wp\/v2\/media\/6693"}],"wp:attachment":[{"href":"https:\/\/noticiarioregional.com.br\/index.php?rest_route=%2Fwp%2Fv2%2Fmedia&parent=6692"}],"wp:term":[{"taxonomy":"category","embeddable":true,"href":"https:\/\/noticiarioregional.com.br\/index.php?rest_route=%2Fwp%2Fv2%2Fcategories&post=6692"},{"taxonomy":"post_tag","embeddable":true,"href":"https:\/\/noticiarioregional.com.br\/index.php?rest_route=%2Fwp%2Fv2%2Ftags&post=6692"}],"curies":[{"name":"wp","href":"https:\/\/api.w.org\/{rel}","templated":true}]}}