{"id":6704,"date":"2025-07-06T17:25:28","date_gmt":"2025-07-06T20:25:28","guid":{"rendered":"https:\/\/noticiarioregional.com.br\/?p=6704"},"modified":"2025-07-04T17:32:43","modified_gmt":"2025-07-04T20:32:43","slug":"e-hora-de-cultivar-frutiferas","status":"publish","type":"post","link":"https:\/\/noticiarioregional.com.br\/?p=6704","title":{"rendered":"\u00c9 hora de cultivar frut\u00edferas!"},"content":{"rendered":"\n<p><strong>Inverno oferece as condi\u00e7\u00f5es ideais para o plantio<\/strong><\/p>\n\n\n\n<p>Joana Reichert<\/p>\n\n\n\n<p>A esta\u00e7\u00e3o do inverno, que iniciamos oficialmente no dia 20 de junho, \u00e9 a mais recomendada para quem deseja renovar ou iniciar um pomar, pois \u00e9 o per\u00edodo certo para garantir o melhor desenvolvimento das plantas. A propriet\u00e1ria da Floricultura Gabriela, Juliana Piaseski, explica que no per\u00edodo de maio a agosto, durante o outono e inverno, as temperaturas s\u00e3o mais amenas e h\u00e1 uma boa quantidade de chuva.<\/p>\n\n\n\n<p>Juliana ressalta que nestes meses as temperaturas s\u00e3o mais baixas, o que garante menos perda de \u00e1gua pelas folhas; as chuvas s\u00e3o mais frequentes, o que exige menos irriga\u00e7\u00e3o manual; o solo est\u00e1 com uma boa umidade o que \u00e9 ideal para a melhor forma\u00e7\u00e3o das ra\u00edzes, al\u00e9m de que o plantio nestes meses \u00e9 um preparo antecipado para o crescimento das plantas na primavera.<\/p>\n\n\n\n<p>Mesmo com o clima favor\u00e1vel, lembra que \u00e9 preciso cuidar do preparo do solo e da aduba\u00e7\u00e3o, pois isso faz a diferen\u00e7a no crescimento das frut\u00edferas. Juliana acrescenta que as covas para o plantio devem ser feitas pelo menos dez dias antes, com uso de adubo org\u00e2nico ou qu\u00edmico de qualidade e adequado para frut\u00edferas.<\/p>\n\n\n\n<p>Ainda ap\u00f3s o plantio, \u00e9 importante fazer uma nova aplica\u00e7\u00e3o de adubo para proporcionar os nutrientes necess\u00e1rios no desenvolvimento da planta. Posteriormente, \u00e9 importante se atentar para a correta poda, conduzindo o crescimento das plantas com frutos bonitos e sadios.<\/p>\n\n\n\n<figure class=\"wp-block-gallery has-nested-images columns-default is-cropped wp-block-gallery-1 is-layout-flex wp-block-gallery-is-layout-flex\">\n<figure class=\"wp-block-image size-large\"><img fetchpriority=\"high\" decoding=\"async\" width=\"1024\" height=\"683\" data-id=\"6705\" src=\"https:\/\/noticiarioregional.com.br\/wp-content\/uploads\/2025\/07\/IMG_8341-1024x683.jpg\" alt=\"\" class=\"wp-image-6705\" srcset=\"https:\/\/noticiarioregional.com.br\/wp-content\/uploads\/2025\/07\/IMG_8341-1024x683.jpg 1024w, https:\/\/noticiarioregional.com.br\/wp-content\/uploads\/2025\/07\/IMG_8341-300x200.jpg 300w, https:\/\/noticiarioregional.com.br\/wp-content\/uploads\/2025\/07\/IMG_8341-768x512.jpg 768w, https:\/\/noticiarioregional.com.br\/wp-content\/uploads\/2025\/07\/IMG_8341-1536x1024.jpg 1536w, https:\/\/noticiarioregional.com.br\/wp-content\/uploads\/2025\/07\/IMG_8341-2048x1365.jpg 2048w, https:\/\/noticiarioregional.com.br\/wp-content\/uploads\/2025\/07\/IMG_8341-150x100.jpg 150w, https:\/\/noticiarioregional.com.br\/wp-content\/uploads\/2025\/07\/IMG_8341-450x300.jpg 450w, https:\/\/noticiarioregional.com.br\/wp-content\/uploads\/2025\/07\/IMG_8341-1200x800.jpg 1200w\" sizes=\"(max-width: 1024px) 100vw, 1024px\" \/><\/figure>\n\n\n\n<figure class=\"wp-block-image size-large\"><img decoding=\"async\" width=\"1024\" height=\"683\" data-id=\"6706\" src=\"https:\/\/noticiarioregional.com.br\/wp-content\/uploads\/2025\/07\/IMG_8349-1024x683.jpg\" alt=\"\" class=\"wp-image-6706\" srcset=\"https:\/\/noticiarioregional.com.br\/wp-content\/uploads\/2025\/07\/IMG_8349-1024x683.jpg 1024w, https:\/\/noticiarioregional.com.br\/wp-content\/uploads\/2025\/07\/IMG_8349-300x200.jpg 300w, https:\/\/noticiarioregional.com.br\/wp-content\/uploads\/2025\/07\/IMG_8349-768x512.jpg 768w, https:\/\/noticiarioregional.com.br\/wp-content\/uploads\/2025\/07\/IMG_8349-1536x1024.jpg 1536w, https:\/\/noticiarioregional.com.br\/wp-content\/uploads\/2025\/07\/IMG_8349-2048x1365.jpg 2048w, https:\/\/noticiarioregional.com.br\/wp-content\/uploads\/2025\/07\/IMG_8349-150x100.jpg 150w, https:\/\/noticiarioregional.com.br\/wp-content\/uploads\/2025\/07\/IMG_8349-450x300.jpg 450w, https:\/\/noticiarioregional.com.br\/wp-content\/uploads\/2025\/07\/IMG_8349-1200x800.jpg 1200w\" sizes=\"(max-width: 1024px) 100vw, 1024px\" \/><\/figure>\n<\/figure>\n","protected":false},"excerpt":{"rendered":"<p>Inverno oferece as condi\u00e7\u00f5es ideais para o plantio Joana Reichert A esta\u00e7\u00e3o do inverno, que iniciamos oficialmente no dia 20 de junho, \u00e9 a mais recomendada para quem deseja renovar ou iniciar um pomar, pois \u00e9 o per\u00edodo certo para garantir o melhor desenvolvimento das plantas. A propriet\u00e1ria da Floricultura Gabriela, Juliana Piaseski, explica que<\/p>\n","protected":false},"author":1,"featured_media":6706,"comment_status":"open","ping_status":"open","sticky":false,"template":"","format":"standard","meta":{"footnotes":""},"categories":[41],"tags":[],"class_list":{"0":"post-6704","1":"post","2":"type-post","3":"status-publish","4":"format-standard","5":"has-post-thumbnail","7":"category-noticias"},"_links":{"self":[{"href":"https:\/\/noticiarioregional.com.br\/index.php?rest_route=\/wp\/v2\/posts\/6704","targetHints":{"allow":["GET"]}}],"collection":[{"href":"https:\/\/noticiarioregional.com.br\/index.php?rest_route=\/wp\/v2\/posts"}],"about":[{"href":"https:\/\/noticiarioregional.com.br\/index.php?rest_route=\/wp\/v2\/types\/post"}],"author":[{"embeddable":true,"href":"https:\/\/noticiarioregional.com.br\/index.php?rest_route=\/wp\/v2\/users\/1"}],"replies":[{"embeddable":true,"href":"https:\/\/noticiarioregional.com.br\/index.php?rest_route=%2Fwp%2Fv2%2Fcomments&post=6704"}],"version-history":[{"count":1,"href":"https:\/\/noticiarioregional.com.br\/index.php?rest_route=\/wp\/v2\/posts\/6704\/revisions"}],"predecessor-version":[{"id":6707,"href":"https:\/\/noticiarioregional.com.br\/index.php?rest_route=\/wp\/v2\/posts\/6704\/revisions\/6707"}],"wp:featuredmedia":[{"embeddable":true,"href":"https:\/\/noticiarioregional.com.br\/index.php?rest_route=\/wp\/v2\/media\/6706"}],"wp:attachment":[{"href":"https:\/\/noticiarioregional.com.br\/index.php?rest_route=%2Fwp%2Fv2%2Fmedia&parent=6704"}],"wp:term":[{"taxonomy":"category","embeddable":true,"href":"https:\/\/noticiarioregional.com.br\/index.php?rest_route=%2Fwp%2Fv2%2Fcategories&post=6704"},{"taxonomy":"post_tag","embeddable":true,"href":"https:\/\/noticiarioregional.com.br\/index.php?rest_route=%2Fwp%2Fv2%2Ftags&post=6704"}],"curies":[{"name":"wp","href":"https:\/\/api.w.org\/{rel}","templated":true}]}}