{"id":6752,"date":"2025-07-09T11:00:30","date_gmt":"2025-07-09T14:00:30","guid":{"rendered":"https:\/\/noticiarioregional.com.br\/?p=6752"},"modified":"2025-07-08T11:31:39","modified_gmt":"2025-07-08T14:31:39","slug":"terapia-de-reprocessamento-generativo","status":"publish","type":"post","link":"https:\/\/noticiarioregional.com.br\/?p=6752","title":{"rendered":"Terapia de Reprocessamento Generativo"},"content":{"rendered":"\n<p><strong>Uma terapia aliada no tratamento do medo, ansiedade, depress\u00e3o e doen\u00e7as emocionais<\/strong><\/p>\n\n\n\n<p><strong> <\/strong>Foi em an\u00fancios veiculados nas redes sociais, que a cerca de tr\u00eas anos, Noeli Gross teve conhecimento pela primeira vez sobre a TRG, a Terapia de Reprocessamento Generativo. Como era algo que falava muito sobre ansiedade e depress\u00e3o, se interessou em buscar mais informa\u00e7\u00f5es para auxiliar inicialmente o seu filho, Pablo, que tem problemas relacionados.<\/p>\n\n\n\n<p>Noeli realizou primeiramente um curso gratuito, e depois se aprofundou e fez um curso completo que lhe concedeu um certificado que permite abrir consult\u00f3rio no Brasil, e em alguns locais da Am\u00e9rica Latina e da Europa. \u00c9 um curso reconhecido pelo Minist\u00e9rio da Educa\u00e7\u00e3o, MEC, e possui selo internacional de terapeutas.<\/p>\n\n\n\n<p>H\u00e1 cerca de dois anos Noeli iniciou os atendimentos, tanto de forma presencial em seu consult\u00f3rio, na Linha Piraj\u00fa, como de forma online, j\u00e1 que muitos pacientes s\u00e3o de outras cidades e at\u00e9 estados. Atualmente mais de 90% dos atendimentos s\u00e3o de forma online.<\/p>\n\n\n\n<p>Em resumo, Noeli define que a TRG \u00e9 uma terapia que ajuda as pessoas a viverem livre de suas dores emocionais, e a terem uma vida mais leve. Nesse atendimento, lembra que a pessoa n\u00e3o precisa falar da sua vida e dos fatos que lhe incomodam, se n\u00e3o tiver essa vontade, pois a terapia faz o reprocessamento do inconsciente, em que os \u201cneur\u00f4nios limpam as dores e buscam novos caminhos\u201d.<\/p>\n\n\n\n<p>Diferente de uma sess\u00e3o com psic\u00f3logo, em que o profissional ouve o paciente e o direciona para um olhar diferente diante da situa\u00e7\u00e3o apresentada, Noeli explica que a TRG atua diretamente na raiz do problema, fazendo a limpeza das dores emocionais de uma forma em que n\u00e3o h\u00e1 reca\u00edda.<\/p>\n\n\n\n<p><em>\u201cReprocessar \u00e9 limpar todas as dores emocionais que a gente carrega ao longo da vida. A parte regenerativa vai gerar uma nova vis\u00e3o da mesma situa\u00e7\u00e3o, sem dor e sem peso\u201d.<\/em><\/p>\n\n\n\n<p>A terapeuta complementa que nosso inconsciente \u00e9 atemporal, ou seja, para ele n\u00e3o tem passado ou futuro, somente presente. Por isso, as dores emocionais, mesmo que de um passado distante, s\u00e3o sentidas como se estivessem acontecendo no exato momento. Noeli comenta que sempre que essa dor for acessada, por meio de lembran\u00e7as e fatos que remetem a isso, a dor e o desconforto ser\u00e3o sentidos como se fosse do momento.<\/p>\n\n\n\n<p>Ao longo dos anos, Noeli ressalta que as dores, inseguran\u00e7as e traumas v\u00e3o se acumulando, e com a TRG, s\u00e3o acionados os neur\u00f4nios que por conta pr\u00f3pria buscam meios de felicidade.<\/p>\n\n\n\n<p>Conforme a terapeuta, o tempo e reprocessamento \u00e9 diferente em cada pessoa, pois nisso influenciam fatores como idade e a carga de dores e traumas que cada um carrega. O protocolo seguido na terapia reestrutura toda a vida, desde a inf\u00e2ncia at\u00e9 os dias atuais, em alguns casos j\u00e1 desde o ventre da m\u00e3e. Noeli esclarece que esse protocolo contempla cinco fases, que como terapeuta conduz junto a pessoa. As fases s\u00e3o: a idade cronol\u00f3gica da inf\u00e2ncia aos dias atuais; o som\u00e1tico que s\u00e3o as dores e sentimentos que o corpo manifesta; o tem\u00e1tico relacionado as maiores dores que a pessoa relata de suas viv\u00eancias; e as duas \u00faltimas fases que s\u00e3o o futuro e a potencializa\u00e7\u00e3o. Em cada fase, a pessoa segue os comandos da terapeuta, o que tamb\u00e9m exige da parte do atendido concentra\u00e7\u00e3o e ci\u00eancia do processo.<\/p>\n\n\n\n<p>Noeli comenta que a TRG lhe ajudou muito a melhorar como pessoa, entendendo melhor os outros ao seu redor, pois cada um expressa e reage conforme o que carrega dentro de si. Quem tiver interesse em conhecer mais sobre a terapia e agendar um atendimento pode entrar em contato com Noeli pelo (49) 99123-3643.<\/p>\n\n\n\n<figure class=\"wp-block-image size-large\"><img fetchpriority=\"high\" decoding=\"async\" width=\"1024\" height=\"683\" src=\"http:\/\/noticiarioregional.com.br\/wp-content\/uploads\/2025\/07\/Noeli-realiza-atendimentos-tanto-de-forma-presencial-em-seu-consultorio-na-Linha-Piraju-como-de-forma-online-1024x683.jpg\" alt=\"\" class=\"wp-image-6753\" srcset=\"https:\/\/noticiarioregional.com.br\/wp-content\/uploads\/2025\/07\/Noeli-realiza-atendimentos-tanto-de-forma-presencial-em-seu-consultorio-na-Linha-Piraju-como-de-forma-online-1024x683.jpg 1024w, https:\/\/noticiarioregional.com.br\/wp-content\/uploads\/2025\/07\/Noeli-realiza-atendimentos-tanto-de-forma-presencial-em-seu-consultorio-na-Linha-Piraju-como-de-forma-online-300x200.jpg 300w, https:\/\/noticiarioregional.com.br\/wp-content\/uploads\/2025\/07\/Noeli-realiza-atendimentos-tanto-de-forma-presencial-em-seu-consultorio-na-Linha-Piraju-como-de-forma-online-768x512.jpg 768w, https:\/\/noticiarioregional.com.br\/wp-content\/uploads\/2025\/07\/Noeli-realiza-atendimentos-tanto-de-forma-presencial-em-seu-consultorio-na-Linha-Piraju-como-de-forma-online-1536x1024.jpg 1536w, https:\/\/noticiarioregional.com.br\/wp-content\/uploads\/2025\/07\/Noeli-realiza-atendimentos-tanto-de-forma-presencial-em-seu-consultorio-na-Linha-Piraju-como-de-forma-online-2048x1365.jpg 2048w, https:\/\/noticiarioregional.com.br\/wp-content\/uploads\/2025\/07\/Noeli-realiza-atendimentos-tanto-de-forma-presencial-em-seu-consultorio-na-Linha-Piraju-como-de-forma-online-150x100.jpg 150w, https:\/\/noticiarioregional.com.br\/wp-content\/uploads\/2025\/07\/Noeli-realiza-atendimentos-tanto-de-forma-presencial-em-seu-consultorio-na-Linha-Piraju-como-de-forma-online-450x300.jpg 450w, https:\/\/noticiarioregional.com.br\/wp-content\/uploads\/2025\/07\/Noeli-realiza-atendimentos-tanto-de-forma-presencial-em-seu-consultorio-na-Linha-Piraju-como-de-forma-online-1200x800.jpg 1200w\" sizes=\"(max-width: 1024px) 100vw, 1024px\" \/><\/figure>\n","protected":false},"excerpt":{"rendered":"<p>Uma terapia aliada no tratamento do medo, ansiedade, depress\u00e3o e doen\u00e7as emocionais Foi em an\u00fancios veiculados nas redes sociais, que a cerca de tr\u00eas anos, Noeli Gross teve conhecimento pela primeira vez sobre a TRG, a Terapia de Reprocessamento Generativo. Como era algo que falava muito sobre ansiedade e depress\u00e3o, se interessou em buscar mais<\/p>\n","protected":false},"author":1,"featured_media":6753,"comment_status":"open","ping_status":"open","sticky":false,"template":"","format":"standard","meta":{"footnotes":""},"categories":[41],"tags":[],"class_list":{"0":"post-6752","1":"post","2":"type-post","3":"status-publish","4":"format-standard","5":"has-post-thumbnail","7":"category-noticias"},"_links":{"self":[{"href":"https:\/\/noticiarioregional.com.br\/index.php?rest_route=\/wp\/v2\/posts\/6752","targetHints":{"allow":["GET"]}}],"collection":[{"href":"https:\/\/noticiarioregional.com.br\/index.php?rest_route=\/wp\/v2\/posts"}],"about":[{"href":"https:\/\/noticiarioregional.com.br\/index.php?rest_route=\/wp\/v2\/types\/post"}],"author":[{"embeddable":true,"href":"https:\/\/noticiarioregional.com.br\/index.php?rest_route=\/wp\/v2\/users\/1"}],"replies":[{"embeddable":true,"href":"https:\/\/noticiarioregional.com.br\/index.php?rest_route=%2Fwp%2Fv2%2Fcomments&post=6752"}],"version-history":[{"count":1,"href":"https:\/\/noticiarioregional.com.br\/index.php?rest_route=\/wp\/v2\/posts\/6752\/revisions"}],"predecessor-version":[{"id":6754,"href":"https:\/\/noticiarioregional.com.br\/index.php?rest_route=\/wp\/v2\/posts\/6752\/revisions\/6754"}],"wp:featuredmedia":[{"embeddable":true,"href":"https:\/\/noticiarioregional.com.br\/index.php?rest_route=\/wp\/v2\/media\/6753"}],"wp:attachment":[{"href":"https:\/\/noticiarioregional.com.br\/index.php?rest_route=%2Fwp%2Fv2%2Fmedia&parent=6752"}],"wp:term":[{"taxonomy":"category","embeddable":true,"href":"https:\/\/noticiarioregional.com.br\/index.php?rest_route=%2Fwp%2Fv2%2Fcategories&post=6752"},{"taxonomy":"post_tag","embeddable":true,"href":"https:\/\/noticiarioregional.com.br\/index.php?rest_route=%2Fwp%2Fv2%2Ftags&post=6752"}],"curies":[{"name":"wp","href":"https:\/\/api.w.org\/{rel}","templated":true}]}}