{"id":6759,"date":"2025-07-08T11:34:03","date_gmt":"2025-07-08T14:34:03","guid":{"rendered":"https:\/\/noticiarioregional.com.br\/?p=6759"},"modified":"2025-07-08T11:34:05","modified_gmt":"2025-07-08T14:34:05","slug":"o-estudo-do-jornal-em-sala-de-aula","status":"publish","type":"post","link":"https:\/\/noticiarioregional.com.br\/?p=6759","title":{"rendered":"O estudo do jornal em sala de aula"},"content":{"rendered":"\n<p><strong>Turmas do 4\u00ba no do CESJO realizam atividade sobre o g\u00eanero textual da not\u00edcia<\/strong><\/p>\n\n\n\n<p>No m\u00eas de junho o jornal Notici\u00e1rio Regional, atrav\u00e9s da jornalista Joana Reichert, foi convidado a participar e compartilhar sua forma de trabalho, rotina e organiza\u00e7\u00e3o com os alunos das turmas de 4\u00ba ano do Centro Educacional S\u00e3o Jo\u00e3o, CESJO.<\/p>\n\n\n\n<p>A atividade foi conduzida pelas professoras das turmas, Naiara Colliselli e Vanessa Mueller Welchen, envolvendo diferentes disciplinas. Na disciplina de ci\u00eancias, ap\u00f3s o estudo sobre fungos, os alunos realizaram um experimento e a partir disso tiveram que produzir uma not\u00edcia sobre o assunto. Para complementar o trabalho, na disciplina de portugu\u00eas, foi feito o estudo do g\u00eanero textual da not\u00edcia. O estudo dos meios de comunica\u00e7\u00e3o tamb\u00e9m envolveu a disciplina de hist\u00f3ria, em que as turmas pesquisaram sobre as origens dos diferentes meios.<\/p>\n\n\n\n<p>Na atividade pr\u00e1tica, a jornalista Joana Reichert conversou com os estudantes inicialmente sobre forma\u00e7\u00e3o e trajet\u00f3ria profissional, a organiza\u00e7\u00e3o do meio de comunica\u00e7\u00e3o, a elabora\u00e7\u00e3o das not\u00edcias, a rotina como jornalista, desafios, pontos positivos e dificuldades e demais curiosidades apontadas pelos alunos. Para finalizar, as turmas ter\u00e3o que elaborar um relat\u00f3rio sobre a conversa com a profissional, e tamb\u00e9m v\u00e3o fazer parte da not\u00edcia atrav\u00e9s desta mat\u00e9ria de jornal.<\/p>\n\n\n\n<p>A diretora do CESJO, Carline Mueller, complementa que este \u00e9 o primeiro ano que a atividade \u00e9 realizada, contemplando conte\u00fados das diversas disciplinas trabalhadas pelas professoras das turmas, atendendo ao que prev\u00ea a Base Nacional Comum Curricular, a BNCC. Comenta que todos os anos o objetivo \u00e9 inovar, por meio do di\u00e1logo com os professores sobre as demandas e atividades planejadas em sala de aula, trazendo formas diferentes e prazerosas para o aprendizado dos estudantes.<\/p>\n\n\n\n<figure class=\"wp-block-image size-large\"><img fetchpriority=\"high\" decoding=\"async\" width=\"1024\" height=\"683\" src=\"http:\/\/noticiarioregional.com.br\/wp-content\/uploads\/2025\/07\/Turma-do-4o-ano-da-manha-1024x683.jpg\" alt=\"\" class=\"wp-image-6760\" srcset=\"https:\/\/noticiarioregional.com.br\/wp-content\/uploads\/2025\/07\/Turma-do-4o-ano-da-manha-1024x683.jpg 1024w, https:\/\/noticiarioregional.com.br\/wp-content\/uploads\/2025\/07\/Turma-do-4o-ano-da-manha-300x200.jpg 300w, https:\/\/noticiarioregional.com.br\/wp-content\/uploads\/2025\/07\/Turma-do-4o-ano-da-manha-768x512.jpg 768w, https:\/\/noticiarioregional.com.br\/wp-content\/uploads\/2025\/07\/Turma-do-4o-ano-da-manha-1536x1024.jpg 1536w, https:\/\/noticiarioregional.com.br\/wp-content\/uploads\/2025\/07\/Turma-do-4o-ano-da-manha-2048x1365.jpg 2048w, https:\/\/noticiarioregional.com.br\/wp-content\/uploads\/2025\/07\/Turma-do-4o-ano-da-manha-150x100.jpg 150w, https:\/\/noticiarioregional.com.br\/wp-content\/uploads\/2025\/07\/Turma-do-4o-ano-da-manha-450x300.jpg 450w, https:\/\/noticiarioregional.com.br\/wp-content\/uploads\/2025\/07\/Turma-do-4o-ano-da-manha-1200x800.jpg 1200w\" sizes=\"(max-width: 1024px) 100vw, 1024px\" \/><\/figure>\n\n\n\n<figure class=\"wp-block-image size-large\"><img decoding=\"async\" width=\"1024\" height=\"768\" src=\"http:\/\/noticiarioregional.com.br\/wp-content\/uploads\/2025\/07\/Turmas-de-4o-ano-da-tarde-1024x768.jpg\" alt=\"\" class=\"wp-image-6761\" srcset=\"https:\/\/noticiarioregional.com.br\/wp-content\/uploads\/2025\/07\/Turmas-de-4o-ano-da-tarde-1024x768.jpg 1024w, https:\/\/noticiarioregional.com.br\/wp-content\/uploads\/2025\/07\/Turmas-de-4o-ano-da-tarde-300x225.jpg 300w, https:\/\/noticiarioregional.com.br\/wp-content\/uploads\/2025\/07\/Turmas-de-4o-ano-da-tarde-768x576.jpg 768w, https:\/\/noticiarioregional.com.br\/wp-content\/uploads\/2025\/07\/Turmas-de-4o-ano-da-tarde-1536x1152.jpg 1536w, https:\/\/noticiarioregional.com.br\/wp-content\/uploads\/2025\/07\/Turmas-de-4o-ano-da-tarde-150x113.jpg 150w, https:\/\/noticiarioregional.com.br\/wp-content\/uploads\/2025\/07\/Turmas-de-4o-ano-da-tarde-450x338.jpg 450w, https:\/\/noticiarioregional.com.br\/wp-content\/uploads\/2025\/07\/Turmas-de-4o-ano-da-tarde-1200x900.jpg 1200w, https:\/\/noticiarioregional.com.br\/wp-content\/uploads\/2025\/07\/Turmas-de-4o-ano-da-tarde.jpg 1600w\" sizes=\"(max-width: 1024px) 100vw, 1024px\" \/><\/figure>\n","protected":false},"excerpt":{"rendered":"<p>Turmas do 4\u00ba no do CESJO realizam atividade sobre o g\u00eanero textual da not\u00edcia No m\u00eas de junho o jornal Notici\u00e1rio Regional, atrav\u00e9s da jornalista Joana Reichert, foi convidado a participar e compartilhar sua forma de trabalho, rotina e organiza\u00e7\u00e3o com os alunos das turmas de 4\u00ba ano do Centro Educacional S\u00e3o Jo\u00e3o, CESJO. A<\/p>\n","protected":false},"author":1,"featured_media":6761,"comment_status":"open","ping_status":"open","sticky":false,"template":"","format":"standard","meta":{"footnotes":""},"categories":[41],"tags":[],"class_list":{"0":"post-6759","1":"post","2":"type-post","3":"status-publish","4":"format-standard","5":"has-post-thumbnail","7":"category-noticias"},"_links":{"self":[{"href":"https:\/\/noticiarioregional.com.br\/index.php?rest_route=\/wp\/v2\/posts\/6759","targetHints":{"allow":["GET"]}}],"collection":[{"href":"https:\/\/noticiarioregional.com.br\/index.php?rest_route=\/wp\/v2\/posts"}],"about":[{"href":"https:\/\/noticiarioregional.com.br\/index.php?rest_route=\/wp\/v2\/types\/post"}],"author":[{"embeddable":true,"href":"https:\/\/noticiarioregional.com.br\/index.php?rest_route=\/wp\/v2\/users\/1"}],"replies":[{"embeddable":true,"href":"https:\/\/noticiarioregional.com.br\/index.php?rest_route=%2Fwp%2Fv2%2Fcomments&post=6759"}],"version-history":[{"count":1,"href":"https:\/\/noticiarioregional.com.br\/index.php?rest_route=\/wp\/v2\/posts\/6759\/revisions"}],"predecessor-version":[{"id":6762,"href":"https:\/\/noticiarioregional.com.br\/index.php?rest_route=\/wp\/v2\/posts\/6759\/revisions\/6762"}],"wp:featuredmedia":[{"embeddable":true,"href":"https:\/\/noticiarioregional.com.br\/index.php?rest_route=\/wp\/v2\/media\/6761"}],"wp:attachment":[{"href":"https:\/\/noticiarioregional.com.br\/index.php?rest_route=%2Fwp%2Fv2%2Fmedia&parent=6759"}],"wp:term":[{"taxonomy":"category","embeddable":true,"href":"https:\/\/noticiarioregional.com.br\/index.php?rest_route=%2Fwp%2Fv2%2Fcategories&post=6759"},{"taxonomy":"post_tag","embeddable":true,"href":"https:\/\/noticiarioregional.com.br\/index.php?rest_route=%2Fwp%2Fv2%2Ftags&post=6759"}],"curies":[{"name":"wp","href":"https:\/\/api.w.org\/{rel}","templated":true}]}}