{"id":6807,"date":"2025-07-10T09:32:42","date_gmt":"2025-07-10T12:32:42","guid":{"rendered":"https:\/\/noticiarioregional.com.br\/?p=6807"},"modified":"2025-07-10T09:32:44","modified_gmt":"2025-07-10T12:32:44","slug":"riqueza-recebe-equipamentos-da-defesa-civil-para-reforco-na-estrutura-de-abastecimento-e-prevencao","status":"publish","type":"post","link":"https:\/\/noticiarioregional.com.br\/?p=6807","title":{"rendered":"Riqueza recebe equipamentos da Defesa Civil para refor\u00e7o na estrutura de abastecimento e preven\u00e7\u00e3o"},"content":{"rendered":"\n<p>Na segunda-feira, 16, a Administra\u00e7\u00e3o Municipal de Riqueza recebeu a visita do coordenador regional da Defesa Civil, Diego Weschenfelder, em um importante momento de refor\u00e7o \u00e0s a\u00e7\u00f5es de preven\u00e7\u00e3o e estrutura\u00e7\u00e3o no munic\u00edpio. Durante o encontro, realizado no gabinete do prefeito Juliano Bortolanza, foi entregue oficialmente o Manual para Estrutura\u00e7\u00e3o das Coordenadorias Municipais de Prote\u00e7\u00e3o e Defesa Civil.<\/p>\n\n\n\n<p>O prefeito esteve acompanhado do coordenador municipal da Defesa Civil, Ederson Secchi, que destacou a import\u00e2ncia do material. \u201c<em>O manual re\u00fane todas as legisla\u00e7\u00f5es necess\u00e1rias que o munic\u00edpio deve cumprir, e posso afirmar que Riqueza est\u00e1 em dia com todas as exig\u00eancias<\/em>\u201d, afirmou Ederson.<\/p>\n\n\n\n<p>Al\u00e9m da entrega do manual, a Defesa Civil Regional tamb\u00e9m realizou a entrega simb\u00f3lica de quatro caixas d\u2019\u00e1gua com capacidade de 20 mil litros cada, que ser\u00e3o utilizadas para ampliar a rede de abastecimento nas comunidades de Po\u00e7o Torto, S\u00e3o Pedro e Linha 43. Com a amplia\u00e7\u00e3o, a capacidade atual da rede, que \u00e9 de 10 mil litros, saltar\u00e1 para 40 mil litros.<\/p>\n\n\n\n<figure class=\"wp-block-image size-large\"><img fetchpriority=\"high\" decoding=\"async\" width=\"1024\" height=\"768\" src=\"https:\/\/noticiarioregional.com.br\/wp-content\/uploads\/2025\/07\/Municipio-recebeu-quatro-caixas-dagua-com-capacidade-de-20-mil-litros-cada-1024x768.jpeg\" alt=\"\" class=\"wp-image-6809\" srcset=\"https:\/\/noticiarioregional.com.br\/wp-content\/uploads\/2025\/07\/Municipio-recebeu-quatro-caixas-dagua-com-capacidade-de-20-mil-litros-cada-1024x768.jpeg 1024w, https:\/\/noticiarioregional.com.br\/wp-content\/uploads\/2025\/07\/Municipio-recebeu-quatro-caixas-dagua-com-capacidade-de-20-mil-litros-cada-300x225.jpeg 300w, https:\/\/noticiarioregional.com.br\/wp-content\/uploads\/2025\/07\/Municipio-recebeu-quatro-caixas-dagua-com-capacidade-de-20-mil-litros-cada-768x576.jpeg 768w, https:\/\/noticiarioregional.com.br\/wp-content\/uploads\/2025\/07\/Municipio-recebeu-quatro-caixas-dagua-com-capacidade-de-20-mil-litros-cada-150x113.jpeg 150w, https:\/\/noticiarioregional.com.br\/wp-content\/uploads\/2025\/07\/Municipio-recebeu-quatro-caixas-dagua-com-capacidade-de-20-mil-litros-cada-450x338.jpeg 450w, https:\/\/noticiarioregional.com.br\/wp-content\/uploads\/2025\/07\/Municipio-recebeu-quatro-caixas-dagua-com-capacidade-de-20-mil-litros-cada-1200x900.jpeg 1200w, https:\/\/noticiarioregional.com.br\/wp-content\/uploads\/2025\/07\/Municipio-recebeu-quatro-caixas-dagua-com-capacidade-de-20-mil-litros-cada.jpeg 1280w\" sizes=\"(max-width: 1024px) 100vw, 1024px\" \/><figcaption class=\"wp-element-caption\">Munic\u00edpio recebeu quatro caixas d\u2019\u00e1gua com capacidade de 20 mil litros cada<\/figcaption><\/figure>\n\n\n\n<p>A instala\u00e7\u00e3o das caixas est\u00e1 prevista para acontecer em breve, j\u00e1 que as bases estruturais j\u00e1 foram constru\u00eddas. Conforme planejamento, duas unidades ser\u00e3o instaladas na Linha 43 e as outras duas na rede que atende Po\u00e7o Torto.<\/p>\n\n\n\n<p>Segundo Ederson, todo o processo para a destina\u00e7\u00e3o dessas caixas passou por rigorosa vistoria t\u00e9cnica. \u201c<em>As localidades foram georreferenciadas pela Defesa Civil Regional, que tamb\u00e9m far\u00e1 uma nova inspe\u00e7\u00e3o ap\u00f3s a instala\u00e7\u00e3o, para verificar se tudo est\u00e1 conforme o planejado<\/em>\u201d, explicou.<\/p>\n\n\n\n<p>Al\u00e9m disso, o munic\u00edpio recebeu mais uma bobina de lona, destinada a atender a popula\u00e7\u00e3o em caso de emerg\u00eancias como temporais ou vendavais. Agora, Riqueza disp\u00f5e de tr\u00eas bobinas armazenadas, prontas para uso em situa\u00e7\u00f5es adversas.<\/p>\n","protected":false},"excerpt":{"rendered":"<p>Na segunda-feira, 16, a Administra\u00e7\u00e3o Municipal de Riqueza recebeu a visita do coordenador regional da Defesa Civil, Diego Weschenfelder, em um importante momento de refor\u00e7o \u00e0s a\u00e7\u00f5es de preven\u00e7\u00e3o e estrutura\u00e7\u00e3o no munic\u00edpio. Durante o encontro, realizado no gabinete do prefeito Juliano Bortolanza, foi entregue oficialmente o Manual para Estrutura\u00e7\u00e3o das Coordenadorias Municipais de Prote\u00e7\u00e3o<\/p>\n","protected":false},"author":1,"featured_media":6808,"comment_status":"open","ping_status":"open","sticky":false,"template":"","format":"standard","meta":{"footnotes":""},"categories":[41],"tags":[],"class_list":{"0":"post-6807","1":"post","2":"type-post","3":"status-publish","4":"format-standard","5":"has-post-thumbnail","7":"category-noticias"},"_links":{"self":[{"href":"https:\/\/noticiarioregional.com.br\/index.php?rest_route=\/wp\/v2\/posts\/6807","targetHints":{"allow":["GET"]}}],"collection":[{"href":"https:\/\/noticiarioregional.com.br\/index.php?rest_route=\/wp\/v2\/posts"}],"about":[{"href":"https:\/\/noticiarioregional.com.br\/index.php?rest_route=\/wp\/v2\/types\/post"}],"author":[{"embeddable":true,"href":"https:\/\/noticiarioregional.com.br\/index.php?rest_route=\/wp\/v2\/users\/1"}],"replies":[{"embeddable":true,"href":"https:\/\/noticiarioregional.com.br\/index.php?rest_route=%2Fwp%2Fv2%2Fcomments&post=6807"}],"version-history":[{"count":1,"href":"https:\/\/noticiarioregional.com.br\/index.php?rest_route=\/wp\/v2\/posts\/6807\/revisions"}],"predecessor-version":[{"id":6810,"href":"https:\/\/noticiarioregional.com.br\/index.php?rest_route=\/wp\/v2\/posts\/6807\/revisions\/6810"}],"wp:featuredmedia":[{"embeddable":true,"href":"https:\/\/noticiarioregional.com.br\/index.php?rest_route=\/wp\/v2\/media\/6808"}],"wp:attachment":[{"href":"https:\/\/noticiarioregional.com.br\/index.php?rest_route=%2Fwp%2Fv2%2Fmedia&parent=6807"}],"wp:term":[{"taxonomy":"category","embeddable":true,"href":"https:\/\/noticiarioregional.com.br\/index.php?rest_route=%2Fwp%2Fv2%2Fcategories&post=6807"},{"taxonomy":"post_tag","embeddable":true,"href":"https:\/\/noticiarioregional.com.br\/index.php?rest_route=%2Fwp%2Fv2%2Ftags&post=6807"}],"curies":[{"name":"wp","href":"https:\/\/api.w.org\/{rel}","templated":true}]}}