{"id":6811,"date":"2025-07-10T09:43:42","date_gmt":"2025-07-10T12:43:42","guid":{"rendered":"https:\/\/noticiarioregional.com.br\/?p=6811"},"modified":"2025-07-10T09:43:43","modified_gmt":"2025-07-10T12:43:43","slug":"novo-paroco-inicia-trabalho-de-reestruturacao-pastoral-em-mondai-e-riqueza","status":"publish","type":"post","link":"https:\/\/noticiarioregional.com.br\/?p=6811","title":{"rendered":"Novo p\u00e1roco inicia trabalho de reestrutura\u00e7\u00e3o pastoral em Monda\u00ed e Riqueza"},"content":{"rendered":"\n<p><strong>Monda\u00ed\/Riqueza &#8211;<\/strong> H\u00e1 cerca de quatro meses, a Par\u00f3quia Nossa Senhora dos Navegantes, que abrange os munic\u00edpios de Monda\u00ed e Riqueza, passou a contar com a lideran\u00e7a do padre \u00cdlvio Carlos Rabelo de Oliveira. Natural do Maranh\u00e3o e ordenado h\u00e1 seis anos, o sacerdote traz na bagagem uma experi\u00eancia de cinco anos como p\u00e1roco da Par\u00f3quia de S\u00e3o Geraldo do Araguaia, no estado do Par\u00e1. Agora, assume sua segunda miss\u00e3o pastoral no Sul do pa\u00eds, encarando um novo cen\u00e1rio e desafios distintos.<\/p>\n\n\n\n<p>Motivado pela f\u00e9 e pela voca\u00e7\u00e3o, padre \u00cdlvio afirma que sua escolha pela vida religiosa nasceu de um profundo &#8220;chamado de Deus&#8221;. Apesar das diferen\u00e7as culturais e geogr\u00e1ficas entre o Norte e o Sul do Brasil, ele relata que j\u00e1 superou o per\u00edodo de adapta\u00e7\u00e3o e vem se dedicando intensamente ao trabalho pastoral. \u201c<em>As realidades s\u00e3o bastante diferentes. Aqui, as comunidades s\u00e3o mais pr\u00f3ximas entre si, com acesso facilitado pelas boas condi\u00e7\u00f5es das estradas. No entanto, isso n\u00e3o elimina os desafios<\/em>\u201d \u2014 comenta o p\u00e1roco, que destaca uma preocupa\u00e7\u00e3o com a diminui\u00e7\u00e3o do engajamento religioso na regi\u00e3o.<\/p>\n\n\n\n<p>Entre as principais dificuldades enfrentadas, padre \u00cdlvio aponta a baixa participa\u00e7\u00e3o da comunidade nas atividades da Igreja, a perda de costumes religiosos tradicionais e, sobretudo, a aus\u00eancia dos jovens nos espa\u00e7os de f\u00e9. Segundo ele, a miss\u00e3o atual exige esfor\u00e7os para resgatar e fortalecer a vida religiosa nas comunidades. Apesar do cen\u00e1rio desafiador, o novo p\u00e1roco j\u00e1 iniciou uma s\u00e9rie de a\u00e7\u00f5es voltadas a melhorias da par\u00f3quia. Uma das prioridades tem sido a reorganiza\u00e7\u00e3o das pastorais em Monda\u00ed e Riqueza, promovendo maior envolvimento das lideran\u00e7as locais. Ele tamb\u00e9m est\u00e1 implantando o grupo de coroinhas, com um respons\u00e1vel j\u00e1 mobilizando crian\u00e7as interessadas em participar das atividades lit\u00fargicas, que passar\u00e3o por forma\u00e7\u00e3o adequada.<\/p>\n\n\n\n<p>Outra iniciativa de destaque \u00e9 a cria\u00e7\u00e3o da Pastoral da Comunica\u00e7\u00e3o, com o objetivo de envolver adolescentes e jovens em fase de catequese da crisma. A inten\u00e7\u00e3o \u00e9 utilizar as habilidades dessa nova gera\u00e7\u00e3o em prol da evangeliza\u00e7\u00e3o e, ao mesmo tempo, fortalecer seu v\u00ednculo com a Igreja.&nbsp; Al\u00e9m disso, a Par\u00f3quia j\u00e1 promoveu dois retiros espirituais \u2014 um em Monda\u00ed e outro em Riqueza \u2014, buscando momentos de espiritualidade mais profundos com as comunidades locais. Com disposi\u00e7\u00e3o e f\u00e9, padre \u00cdlvio segue firme na miss\u00e3o de revitalizar a Par\u00f3quia Nossa Senhora dos Navegantes, fortalecendo o esp\u00edrito comunit\u00e1rio e incentivando a renova\u00e7\u00e3o da vida crist\u00e3 no munic\u00edpio<\/p>\n","protected":false},"excerpt":{"rendered":"<p>Monda\u00ed\/Riqueza &#8211; H\u00e1 cerca de quatro meses, a Par\u00f3quia Nossa Senhora dos Navegantes, que abrange os munic\u00edpios de Monda\u00ed e Riqueza, passou a contar com a lideran\u00e7a do padre \u00cdlvio Carlos Rabelo de Oliveira. Natural do Maranh\u00e3o e ordenado h\u00e1 seis anos, o sacerdote traz na bagagem uma experi\u00eancia de cinco anos como p\u00e1roco da<\/p>\n","protected":false},"author":1,"featured_media":6812,"comment_status":"open","ping_status":"open","sticky":false,"template":"","format":"standard","meta":{"footnotes":""},"categories":[41],"tags":[],"class_list":{"0":"post-6811","1":"post","2":"type-post","3":"status-publish","4":"format-standard","5":"has-post-thumbnail","7":"category-noticias"},"_links":{"self":[{"href":"https:\/\/noticiarioregional.com.br\/index.php?rest_route=\/wp\/v2\/posts\/6811","targetHints":{"allow":["GET"]}}],"collection":[{"href":"https:\/\/noticiarioregional.com.br\/index.php?rest_route=\/wp\/v2\/posts"}],"about":[{"href":"https:\/\/noticiarioregional.com.br\/index.php?rest_route=\/wp\/v2\/types\/post"}],"author":[{"embeddable":true,"href":"https:\/\/noticiarioregional.com.br\/index.php?rest_route=\/wp\/v2\/users\/1"}],"replies":[{"embeddable":true,"href":"https:\/\/noticiarioregional.com.br\/index.php?rest_route=%2Fwp%2Fv2%2Fcomments&post=6811"}],"version-history":[{"count":1,"href":"https:\/\/noticiarioregional.com.br\/index.php?rest_route=\/wp\/v2\/posts\/6811\/revisions"}],"predecessor-version":[{"id":6813,"href":"https:\/\/noticiarioregional.com.br\/index.php?rest_route=\/wp\/v2\/posts\/6811\/revisions\/6813"}],"wp:featuredmedia":[{"embeddable":true,"href":"https:\/\/noticiarioregional.com.br\/index.php?rest_route=\/wp\/v2\/media\/6812"}],"wp:attachment":[{"href":"https:\/\/noticiarioregional.com.br\/index.php?rest_route=%2Fwp%2Fv2%2Fmedia&parent=6811"}],"wp:term":[{"taxonomy":"category","embeddable":true,"href":"https:\/\/noticiarioregional.com.br\/index.php?rest_route=%2Fwp%2Fv2%2Fcategories&post=6811"},{"taxonomy":"post_tag","embeddable":true,"href":"https:\/\/noticiarioregional.com.br\/index.php?rest_route=%2Fwp%2Fv2%2Ftags&post=6811"}],"curies":[{"name":"wp","href":"https:\/\/api.w.org\/{rel}","templated":true}]}}