{"id":6814,"date":"2025-07-10T14:00:00","date_gmt":"2025-07-10T17:00:00","guid":{"rendered":"https:\/\/noticiarioregional.com.br\/?p=6814"},"modified":"2025-07-10T10:02:47","modified_gmt":"2025-07-10T13:02:47","slug":"gerente-a1-reforca-convite-para-associados-participarem-das-reunioes-de-avaliacao","status":"publish","type":"post","link":"https:\/\/noticiarioregional.com.br\/?p=6814","title":{"rendered":"Gerente A1 refor\u00e7a convite para associados participarem das reuni\u00f5es de avalia\u00e7\u00e3o"},"content":{"rendered":"\n<figure class=\"wp-block-pullquote\"><blockquote><p><strong><em>Nestas reuni\u00f5es o cooperado fica por dentro das nossas a\u00e7\u00f5es e, daquilo que se projeta para fortalecer cada vez mais a cooperativa e o associado.<\/em><\/strong><br><strong><em>Rog\u00e9rio Thomazoni<\/em><\/strong><\/p><\/blockquote><\/figure>\n\n\n\n<p>Contribuir para o desenvolvimento sustent\u00e1vel das comunidades \u00e9 algo natural ao cooperativismo, nesse contexto, nada mais coerente do que manter os associados informados sobre as a\u00e7\u00f5es que norteiam a entidade da qual fazem parte. Neste sentido, a presid\u00eancia da Cooper A1, deu in\u00edcio a um ciclo de reuni\u00f5es de avalia\u00e7\u00e3o nas unidades no Rio Grande do Sul e Santa Catarina. A proposta \u00e9 apresentar, de forma transparente, os n\u00fameros socioecon\u00f4micos, os investimentos e as a\u00e7\u00f5es realizadas no primeiro semestre de 2025.<\/p>\n\n\n\n<p>Ao todo, est\u00e3o previstas 22 reuni\u00f5es, uma para cada unidade da cooperativa. Nessas ocasi\u00f5es, os cooperados t\u00eam a oportunidade de conhecer os resultados da entidade, questionar decis\u00f5es e sugerir novas iniciativas. Al\u00e9m dos dados gerais da Cooper A1, tamb\u00e9m s\u00e3o apresentados os n\u00fameros espec\u00edficos de cada unidade, promovendo uma abordagem mais pr\u00f3xima e personalizada.<\/p>\n\n\n\n<p>Para o gerente da unidade da Cooperativa A1 de Monda\u00ed, Rog\u00e9rio Thomazoni <strong><em>(foto)<\/em>,<\/strong> esse \u00e9 um momento essencial de transpar\u00eancia da diretoria, o que refor\u00e7a a import\u00e2ncia da participa\u00e7\u00e3o dos associados. <em>\u201cNessas reuni\u00f5es, o nosso associado fica por dentro do planejamento e dos projetos que visam fortalecer ainda mais a cooperativa e o cooperado, diretamente com o nosso presidente Lauri Slomski e vice Paulo Costacurta. Sempre digo que, se existe um momento ideal para acompanhar o que est\u00e1 sendo feito, \u00e9 durante as reuni\u00f5es de avalia\u00e7\u00e3o. Nelas o cooperado fica sabendo dos valores e investimentos em cada unidade e na cooperativa como um todo. Por isso, refor\u00e7o o convite para que todos participem dos encontros organizados pelas unidades em seus munic\u00edpios. Em especial, convido os nossos associados e c\u00f4njuges a estarem presentes na reuni\u00e3o que ser\u00e1 realizada em Monda\u00ed, no dia 24 de julho, encerrando o ciclo de encontros.\u201d<\/em><\/p>\n\n\n\n<p>At\u00e9 o momento j\u00e1 foram realizadas 11 reuni\u00f5es nos dois estados. As demais ocorrem em julho nos munic\u00edpios ga\u00fachos de Erval Seco, Ametista do Sul, Tenente Portela, Pinhal, Alpestre e Planalto. Em Santa Catarina restam cinco reuni\u00f5es sendo:<\/p>\n\n\n\n<p><strong>* Itapiranga &#8211; <\/strong>9h30 do dia 10\/07, na Associa\u00e7\u00e3o dos funcion\u00e1rios da Cooper A1<\/p>\n\n\n\n<p><strong>* S\u00e3o Jo\u00e3o do Oeste<\/strong> &#8211; 9h30 do dia 14\/07, na Sociedade de Cristo Rei<\/p>\n\n\n\n<p><strong>* Belmonte\/B. Uni\u00e3o <\/strong>&#8211; 9h30 do dia 21\/07, local ainda em defini\u00e7\u00e3o<\/p>\n\n\n\n<p><strong>* Tun\u00e1polis &#8211; <\/strong>9h30 do dia 22\/07, no Audit\u00f3rio da Casa da Cultura<\/p>\n\n\n\n<p><strong>* Monda\u00ed &#8211; <\/strong>9h30 do dia 24\/07, no Pavilh\u00e3o Central da \u00c1rea de Lazer<\/p>\n","protected":false},"excerpt":{"rendered":"<p>Nestas reuni\u00f5es o cooperado fica por dentro das nossas a\u00e7\u00f5es e, daquilo que se projeta para fortalecer cada vez mais a cooperativa e o associado.Rog\u00e9rio Thomazoni Contribuir para o desenvolvimento sustent\u00e1vel das comunidades \u00e9 algo natural ao cooperativismo, nesse contexto, nada mais coerente do que manter os associados informados sobre as a\u00e7\u00f5es que norteiam a<\/p>\n","protected":false},"author":1,"featured_media":6815,"comment_status":"open","ping_status":"open","sticky":false,"template":"","format":"standard","meta":{"footnotes":""},"categories":[41],"tags":[],"class_list":{"0":"post-6814","1":"post","2":"type-post","3":"status-publish","4":"format-standard","5":"has-post-thumbnail","7":"category-noticias"},"_links":{"self":[{"href":"https:\/\/noticiarioregional.com.br\/index.php?rest_route=\/wp\/v2\/posts\/6814","targetHints":{"allow":["GET"]}}],"collection":[{"href":"https:\/\/noticiarioregional.com.br\/index.php?rest_route=\/wp\/v2\/posts"}],"about":[{"href":"https:\/\/noticiarioregional.com.br\/index.php?rest_route=\/wp\/v2\/types\/post"}],"author":[{"embeddable":true,"href":"https:\/\/noticiarioregional.com.br\/index.php?rest_route=\/wp\/v2\/users\/1"}],"replies":[{"embeddable":true,"href":"https:\/\/noticiarioregional.com.br\/index.php?rest_route=%2Fwp%2Fv2%2Fcomments&post=6814"}],"version-history":[{"count":1,"href":"https:\/\/noticiarioregional.com.br\/index.php?rest_route=\/wp\/v2\/posts\/6814\/revisions"}],"predecessor-version":[{"id":6816,"href":"https:\/\/noticiarioregional.com.br\/index.php?rest_route=\/wp\/v2\/posts\/6814\/revisions\/6816"}],"wp:featuredmedia":[{"embeddable":true,"href":"https:\/\/noticiarioregional.com.br\/index.php?rest_route=\/wp\/v2\/media\/6815"}],"wp:attachment":[{"href":"https:\/\/noticiarioregional.com.br\/index.php?rest_route=%2Fwp%2Fv2%2Fmedia&parent=6814"}],"wp:term":[{"taxonomy":"category","embeddable":true,"href":"https:\/\/noticiarioregional.com.br\/index.php?rest_route=%2Fwp%2Fv2%2Fcategories&post=6814"},{"taxonomy":"post_tag","embeddable":true,"href":"https:\/\/noticiarioregional.com.br\/index.php?rest_route=%2Fwp%2Fv2%2Ftags&post=6814"}],"curies":[{"name":"wp","href":"https:\/\/api.w.org\/{rel}","templated":true}]}}