{"id":6817,"date":"2025-07-10T17:03:00","date_gmt":"2025-07-10T20:03:00","guid":{"rendered":"https:\/\/noticiarioregional.com.br\/?p=6817"},"modified":"2025-07-11T11:07:39","modified_gmt":"2025-07-11T14:07:39","slug":"uceff-itapiranga-completa-25-anos-de-historia","status":"publish","type":"post","link":"https:\/\/noticiarioregional.com.br\/?p=6817","title":{"rendered":"UCEFF Itapiranga completa 25 anos de hist\u00f3ria"},"content":{"rendered":"\n<p>No dia 17 de junho, a unidade da UCEFF no munic\u00edpio de Itapiranga completou 25 anos de hist\u00f3ria, transformando vidas, impulsionando sonhos e construindo in\u00fameras carreiras de sucesso.<\/p>\n\n\n\n<p>A UCEFF Itapiranga iniciou as atividades em junho 2000, com o nome de FAI (Faculdade de Itapiranga), nas instala\u00e7\u00f5es do Col\u00e9gio Integrado de Itapiranga. As primeiras aulas ocorreram em meados de agosto de 2001 e, inicialmente, foram oferecidos os cursos de Administra\u00e7\u00e3o com habilita\u00e7\u00e3o em Recursos Humanos e Com\u00e9rcio Exterior, Ci\u00eancias Cont\u00e1beis e Normal Superior com habilita\u00e7\u00e3o em Anos Iniciais e Educa\u00e7\u00e3o Infantil.<\/p>\n\n\n\n<p>Como a evolu\u00e7\u00e3o constante faz parte do DNA da UCEFF, a partir de 2002 a institui\u00e7\u00e3o come\u00e7ou a oferecer cursos de especializa\u00e7\u00e3o e aperfei\u00e7oamento, que contribuem bastante com o aprimoramento de egressos e com o crescimento e desenvolvimento da regi\u00e3o. Os anos foram passando, e a institui\u00e7\u00e3o foi adquirindo cada vez mais prest\u00edgio. Em 17 de fevereiro de 2003, foi realizada a inaugura\u00e7\u00e3o do primeiro bloco da sede pr\u00f3pria, com a presen\u00e7a de autoridades, imprensa e membros da comunidade local.<\/p>\n\n\n\n<p>Em agosto de 2005, ocorreu a formatura da primeira turma da institui\u00e7\u00e3o, um momento que ficou marcado na hist\u00f3ria da faculdade e na mem\u00f3ria dos formandos. Com foco total na contribui\u00e7\u00e3o da forma\u00e7\u00e3o profissional dos acad\u00eamicos, a institui\u00e7\u00e3o desenvolveu eventos que, devido ao seu sucesso e import\u00e2ncia para a regi\u00e3o, ocorrem at\u00e9 hoje, como a Jornada das Licenciaturas e a SEAGRO (Semana Acad\u00eamica de Agronomia).<\/p>\n\n\n\n<p>No ano de 2010, a institui\u00e7\u00e3o continuou o seu processo de expans\u00e3o, e inaugurou em setembro o Hospital Veterin\u00e1rio (atual Nupvet). Em apenas dois anos, a UCEFF Itapiranga (ainda chamada de FAI), deu outro passo importante e inaugurou em novembro de 2012 o Bloco B da institui\u00e7\u00e3o.<\/p>\n\n\n\n<p>Ap\u00f3s 18 anos do in\u00edcio das atividades da faculdade, houve a implanta\u00e7\u00e3o do Centro Universit\u00e1rio em mar\u00e7o de 2018 e, a partir de ent\u00e3o, a institui\u00e7\u00e3o come\u00e7ou a ser chamada de UCEFF, marcando um novo momento para a primeira institui\u00e7\u00e3o privada de ensino superior do Oeste de Santa Catarina. No ano seguinte, foi feita a instala\u00e7\u00e3o da Cl\u00ednica Odontol\u00f3gica no m\u00eas de mar\u00e7o. A hist\u00f3ria da UCEFF Itapiranga \u00e9 marcada pelo empreendedorismo, conex\u00e3o com a comunidade e pelo desejo de construir carreiras vencedoras por meio da educa\u00e7\u00e3o de qualidade.<\/p>\n","protected":false},"excerpt":{"rendered":"<p>No dia 17 de junho, a unidade da UCEFF no munic\u00edpio de Itapiranga completou 25 anos de hist\u00f3ria, transformando vidas, impulsionando sonhos e construindo in\u00fameras carreiras de sucesso. A UCEFF Itapiranga iniciou as atividades em junho 2000, com o nome de FAI (Faculdade de Itapiranga), nas instala\u00e7\u00f5es do Col\u00e9gio Integrado de Itapiranga. As primeiras aulas<\/p>\n","protected":false},"author":1,"featured_media":6818,"comment_status":"open","ping_status":"open","sticky":false,"template":"","format":"standard","meta":{"footnotes":""},"categories":[41],"tags":[],"class_list":{"0":"post-6817","1":"post","2":"type-post","3":"status-publish","4":"format-standard","5":"has-post-thumbnail","7":"category-noticias"},"_links":{"self":[{"href":"https:\/\/noticiarioregional.com.br\/index.php?rest_route=\/wp\/v2\/posts\/6817","targetHints":{"allow":["GET"]}}],"collection":[{"href":"https:\/\/noticiarioregional.com.br\/index.php?rest_route=\/wp\/v2\/posts"}],"about":[{"href":"https:\/\/noticiarioregional.com.br\/index.php?rest_route=\/wp\/v2\/types\/post"}],"author":[{"embeddable":true,"href":"https:\/\/noticiarioregional.com.br\/index.php?rest_route=\/wp\/v2\/users\/1"}],"replies":[{"embeddable":true,"href":"https:\/\/noticiarioregional.com.br\/index.php?rest_route=%2Fwp%2Fv2%2Fcomments&post=6817"}],"version-history":[{"count":1,"href":"https:\/\/noticiarioregional.com.br\/index.php?rest_route=\/wp\/v2\/posts\/6817\/revisions"}],"predecessor-version":[{"id":6819,"href":"https:\/\/noticiarioregional.com.br\/index.php?rest_route=\/wp\/v2\/posts\/6817\/revisions\/6819"}],"wp:featuredmedia":[{"embeddable":true,"href":"https:\/\/noticiarioregional.com.br\/index.php?rest_route=\/wp\/v2\/media\/6818"}],"wp:attachment":[{"href":"https:\/\/noticiarioregional.com.br\/index.php?rest_route=%2Fwp%2Fv2%2Fmedia&parent=6817"}],"wp:term":[{"taxonomy":"category","embeddable":true,"href":"https:\/\/noticiarioregional.com.br\/index.php?rest_route=%2Fwp%2Fv2%2Fcategories&post=6817"},{"taxonomy":"post_tag","embeddable":true,"href":"https:\/\/noticiarioregional.com.br\/index.php?rest_route=%2Fwp%2Fv2%2Ftags&post=6817"}],"curies":[{"name":"wp","href":"https:\/\/api.w.org\/{rel}","templated":true}]}}