{"id":6820,"date":"2025-07-10T18:00:00","date_gmt":"2025-07-10T21:00:00","guid":{"rendered":"https:\/\/noticiarioregional.com.br\/?p=6820"},"modified":"2025-07-10T10:11:02","modified_gmt":"2025-07-10T13:11:02","slug":"governo-apresenta-acoes-da-secretaria-municipal-de-esportes-turismo-e-lazer","status":"publish","type":"post","link":"https:\/\/noticiarioregional.com.br\/?p=6820","title":{"rendered":"Governo apresenta a\u00e7\u00f5es da Secretaria Municipal de Esportes, Turismo e Lazer"},"content":{"rendered":"\n<figure class=\"wp-block-table\"><table class=\"has-fixed-layout\"><tbody><tr><td><\/td><\/tr><\/tbody><\/table><\/figure>\n\n\n\n<p>Em coletiva de imprensa realizada na manh\u00e3 da ter\u00e7a-feira, 17, com a participa\u00e7\u00e3o de diversos meios de comunica\u00e7\u00e3o da regi\u00e3o, a Administra\u00e7\u00e3o Municipal de Monda\u00ed apresentou as a\u00e7\u00f5es que a Secretaria de Esportes, Turismo e Lazer ir\u00e1 desenvolver em 2025. As iniciativas fazem parte do Programa Avan\u00e7a Monda\u00ed, que prev\u00ea um investimento de R$ 17 milh\u00f5es ao longo do ano.<\/p>\n\n\n\n<p>Al\u00e9m do prefeito Elizandro Mainardi e do vice-prefeito Guinter Otto Dreher, tamb\u00e9m estiveram presentes os demais secret\u00e1rios do governo. A coletiva foi aberta pelo vice-prefeito Ginther e, na sequ\u00eancia, o prefeito Mainardi deu as boas-vindas. A condu\u00e7\u00e3o ficou a cargo do at\u00e9 ent\u00e3o secret\u00e1rio da Pasta, Jullian Ludke.&nbsp; Com um or\u00e7amento estimado em R$ 1.300,000,00 para 2025, Jullian detalhou diversas a\u00e7\u00f5es da pasta, de valores j\u00e1 investidos e ainda de previs\u00f5es para at\u00e9 o final deste ano.<\/p>\n\n\n\n<p>No turismo e lazer, o valor de investimentos para este ano, \u00e9 de R$ 200.000,00. Investimentos j\u00e1 realizados, foi citada a pintura completa do Centro de Eventos e a pintura interna do Pavilh\u00e3o Central, instala\u00e7\u00e3o el\u00e9trica nova, novos pontos de eletricidade e o fornecimento de rede Wi-fi, para o ambiente. Para o futuro, Jullian informou que a partir deste segundo semestre do ano, ser\u00e1 constru\u00edda novas churrasqueiras e melhorias nos quiosques, aproveitando o fato de ter pouco movimento de pessoas nessa \u00e9poca, para facilitar o trabalho. Ainda complementou sobre a revitaliza\u00e7\u00e3o da Rua Coberta, onde j\u00e1 foram realizados grandes eventos durante esse ano, a exemplo da programa\u00e7\u00e3o de P\u00e1scoa a programa\u00e7\u00e3o de Anivers\u00e1rio do munic\u00edpio, e relata que tamb\u00e9m ser\u00e3o realizados investimentos na Pra\u00e7a Central.&nbsp; &nbsp;Ainda no turismo, Jullian destacou a cria\u00e7\u00e3o do Conselho Municipal de Turismo, no qual fazem parte, v\u00e1rias entidades e representantes do com\u00e9rcio.<\/p>\n\n\n\n<p>Tamb\u00e9m fazendo parte da Pasta, Jullian elencou os investimentos feitos e previstos \u2013 no valor de R$ 700,000,00 \u2013 nos pavilh\u00f5es comunit\u00e1rios, onde relatou a instala\u00e7\u00e3o de nove climatizadores em diversas comunidades. \u201c<em>Pensando no bem-estar da popula\u00e7\u00e3o, fizemos esse direcionamento de climatiza\u00e7\u00f5es, onde algumas comunidades j\u00e1 foram contempladas, e temos um cronograma com outras que tamb\u00e9m ser\u00e3o beneficiadas at\u00e9 o final deste ano\u201d.<\/em> Comentou tamb\u00e9m, sobre reforma e melhoria que est\u00e1 sendo feita atualmente, na cozinha do pavilh\u00e3o comunit\u00e1rio de Linha Tigre. Complementa que a pasta tamb\u00e9m est\u00e1 com dois projetos grandes para sair do papel, com a documenta\u00e7\u00e3o j\u00e1 alinhada, sendo esses: a amplia\u00e7\u00e3o do centro comunit\u00e1rio da La. Antas e a constru\u00e7\u00e3o de novos banheiros para o pavilh\u00e3o comunit\u00e1rio da comunidade de Laju.&nbsp;&nbsp;<\/p>\n\n\n\n<p>No esporte, o valor estimado de investimentos \u00e9 de R$ 400.000,00, onde o secret\u00e1rio destacou a entrega de dois campos de Su\u00ed\u00e7o, com alambrados e ilumina\u00e7\u00e3o, sendo na comunidade de Sabi\u00e1 e na comunidade de Taipa Baixa, nos quais j\u00e1 est\u00e3o em utiliza\u00e7\u00e3o, e j\u00e1 receberam campeonatos municipais.&nbsp;&nbsp;<\/p>\n\n\n\n<p>Jullian comenta que no quesito de participa\u00e7\u00e3o nos esportes, neste ano, est\u00e3o pela primeira vez participando da Liga Catarinense de Futsal, que possui um n\u00edvel t\u00e9cnico maior, onde atualmente, est\u00e3o na metade do campeonato, participando com tr\u00eas categorias, sub-11, sub-13 e sub-17 masculinos, j\u00e1 tendo resultados positivos, o que demonstra a qualidade, interesse e dedica\u00e7\u00e3o, tanto dos professores, como dos atletas, fortalecendo o esporte no munic\u00edpio.<\/p>\n\n\n\n<p>O Secret\u00e1rio comenta sobre os diversos esportes oferecidos pelo munic\u00edpio, entre as modalidades das escolinhas e a previs\u00e3o at\u00e9 o final \u00e9 participar de campeonatos diferentes. Uma novidade, \u00e9 a cria\u00e7\u00e3o de um novo campeonato: o Campeonato Municipal de V\u00f4lei, que j\u00e1 est\u00e1 em processo de inscri\u00e7\u00f5es. Informa tamb\u00e9m que at\u00e9 o momento, j\u00e1 participaram de todas as competi\u00e7\u00f5es de jogos abertos e da Fesporte, em todas as modalidades, bem como o Jasti \u2013 Jogos Abertos da Terceira Idade.&nbsp; Mais uma nova cria\u00e7\u00e3o, \u00e9 o Conselho Municipal de Esporte, no qual o objetivo tamb\u00e9m \u00e9 de com transpar\u00eancia, trabalhar em conjunto com a popula\u00e7\u00e3o, pensando em novas modalidades e novos campeonatos.<\/p>\n\n\n\n<p>Ao finalizar a explana\u00e7\u00e3o dos investimentos, o prefeito Elizandro Mainardi, salientou os investimentos na Pasta. \u201c<em>Estamos sempre executando a\u00e7\u00f5es para a valoriza\u00e7\u00e3o das pessoas, valorizando as entidades, nossas comunidades do interior, trazer a\u00e7\u00f5es que realmente sejam efetivas, com os Conselhos Municipais criados, a tomada de decis\u00f5es \u00e9 mais coerente, e com todo esse trabalho e investimentos, tanto dentro do Programa, como na gest\u00e3o Mainardi e Ginther,&nbsp; \u00e9 o que temos&nbsp; como regra, que \u00e9 cuidar bem do dinheiro do povo, cuidar com muito mais zelo e efetuando a\u00e7\u00f5es que sejam efetivas para que tenhamos bons resultados<\/em>.\u201d Finalizou agradecendo ao trabalho do secret\u00e1rio Jullian, que nesta mesma semana, assumiu como secret\u00e1rio municipal de Sa\u00fade, ap\u00f3s S\u00e9rgio Thomazzoni deixar o cargo por motivos particulares. S\u00e9rgio, que tamb\u00e9m estava presente na coletiva, teve a oportunidade de fala para se despedir do cargo.<\/p>\n\n\n\n<p><strong>Despedida de Jullian da Secretaria de Esportes<\/strong><\/p>\n\n\n\n<figure class=\"wp-block-image size-large\"><img fetchpriority=\"high\" decoding=\"async\" width=\"1024\" height=\"683\" src=\"https:\/\/noticiarioregional.com.br\/wp-content\/uploads\/2025\/07\/Dspedida-do-Jullian-1024x683.jpg\" alt=\"\" class=\"wp-image-6822\" srcset=\"https:\/\/noticiarioregional.com.br\/wp-content\/uploads\/2025\/07\/Dspedida-do-Jullian-1024x683.jpg 1024w, https:\/\/noticiarioregional.com.br\/wp-content\/uploads\/2025\/07\/Dspedida-do-Jullian-300x200.jpg 300w, https:\/\/noticiarioregional.com.br\/wp-content\/uploads\/2025\/07\/Dspedida-do-Jullian-768x512.jpg 768w, https:\/\/noticiarioregional.com.br\/wp-content\/uploads\/2025\/07\/Dspedida-do-Jullian-1536x1024.jpg 1536w, https:\/\/noticiarioregional.com.br\/wp-content\/uploads\/2025\/07\/Dspedida-do-Jullian-2048x1365.jpg 2048w, https:\/\/noticiarioregional.com.br\/wp-content\/uploads\/2025\/07\/Dspedida-do-Jullian-150x100.jpg 150w, https:\/\/noticiarioregional.com.br\/wp-content\/uploads\/2025\/07\/Dspedida-do-Jullian-450x300.jpg 450w, https:\/\/noticiarioregional.com.br\/wp-content\/uploads\/2025\/07\/Dspedida-do-Jullian-1200x800.jpg 1200w\" sizes=\"(max-width: 1024px) 100vw, 1024px\" \/><\/figure>\n\n\n\n<p>\u201c<em>Quero agradecer a Administra\u00e7\u00e3o Municipal, pela oportunidade de at\u00e9 o momento de ser o secret\u00e1rio municipal de Esportes, Turismo e Lazer e agradecer pela nova oportunidade e confian\u00e7a de assumir a secretaria de Sa\u00fade, parabenizar o S\u00e9rgio pelo \u00f3timo trabalho, pelo \u00f3timo profissionalismo e dizer que estamos de portas abertas para fazer um trabalho correto e \u00e9tico, sempre pensando no bem da popula\u00e7\u00e3o que \u00e9 a prioridade na gest\u00e3o Mainardi e Ginther<\/em>\u201d<\/p>\n\n\n\n<p><strong>Despedida de S\u00e9rgio Thomazoni, ex-secret\u00e1rio de Sa\u00fade<\/strong><\/p>\n\n\n\n<figure class=\"wp-block-image size-large\"><img decoding=\"async\" width=\"1024\" height=\"683\" src=\"https:\/\/noticiarioregional.com.br\/wp-content\/uploads\/2025\/07\/Despedida-do-Sergio-1024x683.jpg\" alt=\"\" class=\"wp-image-6823\" srcset=\"https:\/\/noticiarioregional.com.br\/wp-content\/uploads\/2025\/07\/Despedida-do-Sergio-1024x683.jpg 1024w, https:\/\/noticiarioregional.com.br\/wp-content\/uploads\/2025\/07\/Despedida-do-Sergio-300x200.jpg 300w, https:\/\/noticiarioregional.com.br\/wp-content\/uploads\/2025\/07\/Despedida-do-Sergio-768x512.jpg 768w, https:\/\/noticiarioregional.com.br\/wp-content\/uploads\/2025\/07\/Despedida-do-Sergio-1536x1024.jpg 1536w, https:\/\/noticiarioregional.com.br\/wp-content\/uploads\/2025\/07\/Despedida-do-Sergio-2048x1365.jpg 2048w, https:\/\/noticiarioregional.com.br\/wp-content\/uploads\/2025\/07\/Despedida-do-Sergio-150x100.jpg 150w, https:\/\/noticiarioregional.com.br\/wp-content\/uploads\/2025\/07\/Despedida-do-Sergio-450x300.jpg 450w, https:\/\/noticiarioregional.com.br\/wp-content\/uploads\/2025\/07\/Despedida-do-Sergio-1200x800.jpg 1200w\" sizes=\"(max-width: 1024px) 100vw, 1024px\" \/><\/figure>\n\n\n\n<p>\u201c<em>Quero dizer que foi uma satisfa\u00e7\u00e3o imensa fazer parte desse grupo seleto de secret\u00e1rios, onde fiquei a frente da pasta durante cinco meses, desenvolvemos as atividades conforme proposto no plano de governo, esse \u00e9 o nosso objetivo, e tenho certeza que o Jullian ir\u00e1 seguir esse cronograma de trabalho, que vem de encontro com o anseio da popula\u00e7\u00e3o mondaiense. Nesse per\u00edodo, foram feitos investimentos significativos, pois quando nos preocupamos com o bem-estar do nosso mun\u00edcipe, e atendemos o anseio e as necessidades, o paciente e seus familiares ficam realizados. Foi muito gratificante o per\u00edodo que fiquei l\u00e1.<\/em>\u201d<\/p>\n\n\n\n<p><strong>Mainardi na Capital<\/strong><\/p>\n\n\n\n<p>&nbsp;&nbsp;&nbsp;&nbsp;&nbsp;&nbsp;&nbsp;&nbsp;&nbsp;&nbsp;&nbsp; Para findar a coletiva de imprensa, o prefeito Mainardi relatou que esteve na Capital Catarinense, Florian\u00f3polis, na \u00faltima semana, e detalhou que retornou com novidades e com muita alegria e responsabilidade, anunciando a vinda de R$ 5 milh\u00f5es do governo do estado para Monda\u00ed, e mais dois milh\u00f5es para a compra de maquin\u00e1rios. Revelou tamb\u00e9m que o munic\u00edpio foi contemplado com o Programa Casa Catarina, onde ser\u00e3o constru\u00eddas 20 casas pelo Governo do Estado, investimento que gira em torno de R$ 2.280,000,00. Comentou tamb\u00e9m sobre o Programa Estrada Boa Rural, que ser\u00e1 lan\u00e7ado no dia 3 de julho em Joa\u00e7aba, onde o munic\u00edpio tamb\u00e9m ser\u00e1 beneficiado.<\/p>\n\n\n\n<p><em>\u201cContando o que j\u00e1 est\u00e1 em andamento, juntamente com o dinheiro que vem de fora, como Caps, \u00c1rea industrial, Programa Estrada Boa, Programa de Habita\u00e7\u00e3o, Recursos do Estado e mais algumas a\u00e7\u00f5es, chegamos ao montante de R$ 26 milh\u00f5es, fora as emendas parlamentares que vamos receber. Ficamos felizes, \u00e9 uma responsabilidade grande, pois n\u00e3o \u00e9 pouco dinheiro, ent\u00e3o precisamos muito planejamento, organiza\u00e7\u00e3o e cuidado, mas tenho certeza que dentro do Programa, dentro do nosso plano de governo e da gest\u00e3o, com muito compromisso e seriedade, esse dinheiro vai ser bem aplicado.\u201d&nbsp;<\/em><\/p>\n","protected":false},"excerpt":{"rendered":"<p>Em coletiva de imprensa realizada na manh\u00e3 da ter\u00e7a-feira, 17, com a participa\u00e7\u00e3o de diversos meios de comunica\u00e7\u00e3o da regi\u00e3o, a Administra\u00e7\u00e3o Municipal de Monda\u00ed apresentou as a\u00e7\u00f5es que a Secretaria de Esportes, Turismo e Lazer ir\u00e1 desenvolver em 2025. As iniciativas fazem parte do Programa Avan\u00e7a Monda\u00ed, que prev\u00ea um investimento de R$ 17<\/p>\n","protected":false},"author":1,"featured_media":6821,"comment_status":"open","ping_status":"open","sticky":false,"template":"","format":"standard","meta":{"footnotes":""},"categories":[41],"tags":[],"class_list":{"0":"post-6820","1":"post","2":"type-post","3":"status-publish","4":"format-standard","5":"has-post-thumbnail","7":"category-noticias"},"_links":{"self":[{"href":"https:\/\/noticiarioregional.com.br\/index.php?rest_route=\/wp\/v2\/posts\/6820","targetHints":{"allow":["GET"]}}],"collection":[{"href":"https:\/\/noticiarioregional.com.br\/index.php?rest_route=\/wp\/v2\/posts"}],"about":[{"href":"https:\/\/noticiarioregional.com.br\/index.php?rest_route=\/wp\/v2\/types\/post"}],"author":[{"embeddable":true,"href":"https:\/\/noticiarioregional.com.br\/index.php?rest_route=\/wp\/v2\/users\/1"}],"replies":[{"embeddable":true,"href":"https:\/\/noticiarioregional.com.br\/index.php?rest_route=%2Fwp%2Fv2%2Fcomments&post=6820"}],"version-history":[{"count":1,"href":"https:\/\/noticiarioregional.com.br\/index.php?rest_route=\/wp\/v2\/posts\/6820\/revisions"}],"predecessor-version":[{"id":6824,"href":"https:\/\/noticiarioregional.com.br\/index.php?rest_route=\/wp\/v2\/posts\/6820\/revisions\/6824"}],"wp:featuredmedia":[{"embeddable":true,"href":"https:\/\/noticiarioregional.com.br\/index.php?rest_route=\/wp\/v2\/media\/6821"}],"wp:attachment":[{"href":"https:\/\/noticiarioregional.com.br\/index.php?rest_route=%2Fwp%2Fv2%2Fmedia&parent=6820"}],"wp:term":[{"taxonomy":"category","embeddable":true,"href":"https:\/\/noticiarioregional.com.br\/index.php?rest_route=%2Fwp%2Fv2%2Fcategories&post=6820"},{"taxonomy":"post_tag","embeddable":true,"href":"https:\/\/noticiarioregional.com.br\/index.php?rest_route=%2Fwp%2Fv2%2Ftags&post=6820"}],"curies":[{"name":"wp","href":"https:\/\/api.w.org\/{rel}","templated":true}]}}