{"id":6869,"date":"2025-07-11T11:02:48","date_gmt":"2025-07-11T14:02:48","guid":{"rendered":"https:\/\/noticiarioregional.com.br\/?p=6869"},"modified":"2025-07-11T11:02:49","modified_gmt":"2025-07-11T14:02:49","slug":"brucelose-e-tuberculose-doencas-que-preocupam-e-trazem-prejuizos-aos-pecuaristas","status":"publish","type":"post","link":"https:\/\/noticiarioregional.com.br\/?p=6869","title":{"rendered":"Brucelose e Tuberculose: doen\u00e7as que preocupam e trazem preju\u00edzos aos pecuaristas"},"content":{"rendered":"\n<p><strong>Monda\u00ed &#8211;<\/strong> Durante uma reuni\u00e3o do Conselho Municipal de Agricultura, um ponto amplamente debatido foi a preocupa\u00e7\u00e3o com a Brucelose e a Tuberculose bovina, doen\u00e7as que podem comprometer economicamente especialmente as propriedades leiteiras. A discuss\u00e3o girou em torno da possibilidade de contamina\u00e7\u00e3o tamb\u00e9m pelo gado de corte, que muitas vezes transita entre propriedades sem a realiza\u00e7\u00e3o dos exames sanit\u00e1rios obrigat\u00f3rios. Em Monda\u00ed, s\u00e3o cerca de 130 criadores de gado de corte e mais de 280 propriedades leiteiras.<\/p>\n\n\n\n<p>A Brucelose e a Tuberculose bovina continuam sendo duas das principais doen\u00e7as zoon\u00f3ticas que afetam rebanhos, exigindo aten\u00e7\u00e3o redobrada dos pecuaristas, \u00f3rg\u00e3os de defesa sanit\u00e1ria e da popula\u00e7\u00e3o em geral. Ambas s\u00e3o causadas por bact\u00e9rias.&nbsp;&nbsp; No campo, os reflexos dessas doen\u00e7as s\u00e3o s\u00e9rios: queda na produtividade, abortos em vacas prenhas, descarte precoce de animais, al\u00e9m de preju\u00edzos econ\u00f4micos e restri\u00e7\u00f5es comerciais.<\/p>\n\n\n\n<p>Conforme o veterin\u00e1rio municipal, C\u00e9sar Benetti, a detec\u00e7\u00e3o da Brucelose e Tuberculose \u00e9 feita por meio de exames espec\u00edficos, como o teste do ant\u00edgeno acidificado tamponado (AAT) para Brucelose e o teste da tuberculiniza\u00e7\u00e3o para Tuberculose, realizados por m\u00e9dicos veterin\u00e1rios habilitados. &nbsp;C\u00e9sar explica que quando uma propriedade tem um ou mais animais que testam positivo para qualquer uma das doen\u00e7as, entram em vigor r\u00edgidos protocolos sanit\u00e1rios, como a interdi\u00e7\u00e3o da propriedade, ficando impedido de comercializar, transportar animais no rebanho at\u00e9 a regulariza\u00e7\u00e3o, podendo apenas comercializar para frigor\u00edficos. O abate sanit\u00e1rio dos animais positivos, ou seja, os bovinos reagentes devem ser eliminados, e ap\u00f3s 60 dias, ap\u00f3s a recolha dos positivados, deve-se realizar retestes no rebanho, ap\u00f3s o manejo inicial, \u00e9 necess\u00e1rio realizar novos testes em todos os animais da propriedade em prazos determinados, para garantir que a doen\u00e7a n\u00e3o persista no rebanho. Somente ap\u00f3s testes negativos consecutivos e vistoria t\u00e9cnica, a propriedade \u00e9 desinterditada.<\/p>\n\n\n\n<p>O veterin\u00e1rio detalha que a melhor forma de combater Brucelose e Tuberculose \u00e9 por meio da preven\u00e7\u00e3o. No caso da Brucelose, \u00e9 obrigat\u00f3ria a vacina\u00e7\u00e3o de bezerras, e o controle tamb\u00e9m envolve a aquisi\u00e7\u00e3o de animais apenas com exames negativos recentes. Para a Tuberculose, n\u00e3o h\u00e1 vacina dispon\u00edvel, e o controle depende da testagem peri\u00f3dica, do isolamento dos casos suspeitos e da elimina\u00e7\u00e3o dos positivos.<\/p>\n\n\n\n<p><strong>A supera\u00e7\u00e3o de uma propriedade<\/strong> <strong>que positivou para Brucelose<\/strong><\/p>\n\n\n\n<p>O ano era 2021, e a fam\u00edlia Goldbeck, de Monda\u00edzinho, que j\u00e1 h\u00e1 muitos anos trabalhando com o gado leiteiro, decidiram por conta pr\u00f3pria certificar a propriedade como propriedade livre da doen\u00e7as. Na \u00e9poca, o casal Dionatan Goldbeck e Cleide Meier, estavam com ideia de largarem os empregos na cidade, para se dedicarem integralmente a propriedade dos pais de Dionatan, dona Ilia Goldbeck e Adir Goldbeck.<\/p>\n\n\n\n<p>Com a ideia de come\u00e7ar da forma certa, foram em busca de certificar a propriedade, mas o susto foi grande, ao receberem os resultados dos exames, tendo 31 animais entre vacas e novilhas, dos 38 que tinham na propriedade, positivados para as doen\u00e7as, sobrando apenas sete animais na propriedade, e destes, ainda quatro eram descarte. A maioria dos animais haviam sido comprados recentemente, aproximadamente seis meses antes.&nbsp;<\/p>\n\n\n\n<p>Dionatan conta que a partir dos positivos, os animais foram para o abate, chegando ao preju\u00edzo de aproximadamente R$ 200 mil, e o valor recebido pelo frigorifico, R$ 21 mil, pelos animais. Realizaram a tentativa de receber recurso do estado pela perda, mas infelizmente, n\u00e3o conseguiram. O recome\u00e7o foi dif\u00edcil, tendo apenas as tr\u00eas vacas que sobraram, e com a perca dos animais, o banco n\u00e3o financiou valores para que pudessem se reerguer, com a justificativa de n\u00e3o ter movimento econ\u00f4mico, sem os animais. &nbsp;A fam\u00edlia comenta que conseguiram se reerguer, pois haviam recursos financeiros que haviam economizado meses antes, quando o pre\u00e7o do leite estava em alta, se mantiveram nos empregos na cidade, e dessa forma, come\u00e7aram novamente, e aos poucos, adquiriram 15 vacas.<\/p>\n\n\n\n<p>Um ano ap\u00f3s a perca, a fam\u00edlia recebeu a certifica\u00e7\u00e3o de propriedade livre das doen\u00e7as. \u201c<em>Conseguimos dar a volta por cima, pois n\u00e3o depend\u00edamos s\u00f3 dessa atividade, t\u00ednhamos nossos empregos, e ainda t\u00ednhamos trator, ent\u00e3o, ficamos direto prestando servi\u00e7os para outros para conseguir dar o giro, e insistimos nesse ramo, porque realmente gostamos, trabalhamos dia e noite, at\u00e9 conseguirmos nos estabilizar<\/em>\u201d, contam.<\/p>\n\n\n\n<p><strong>Secretaria de Agricultura fornece subs\u00eddio<\/strong> <strong>para realiza\u00e7\u00e3o de exames<\/strong><\/p>\n\n\n\n<p>A Administra\u00e7\u00e3o Municipal, atrav\u00e9s da secretaria de Agricultura, fornece o subs\u00eddio no valor de R$ 15,00 por exame, para os produtores realizarem os exames em seus rebanhos, tanto para a certifica\u00e7\u00e3o, como para a manuten\u00e7\u00e3o.&nbsp;<\/p>\n\n\n\n<p>Conforme o secret\u00e1rio, Sidinei Bassorici, o aux\u00edlio \u00e9 para incentivar as propriedades a fazerem a certifica\u00e7\u00e3o, de brucelose e tuberculose. \u201c<em>\u00c9 um incentivo que buscamos fomentar para que as propriedades fa\u00e7am esses exames, pois \u00e9 uma garantia de ter a sua propriedade livre de preju\u00edzos, ent\u00e3o orientamos, que todos os animais que entrarem nas propriedades, deve-se ter o exame, para que se diminua o risco de contamina\u00e7\u00e3o<\/em>.\u201d Complementa que est\u00e3o com diversos casos positivos no munic\u00edpio, em virtude da aus\u00eancia dos exames, ent\u00e3o, solicita a colabora\u00e7\u00e3o, para que os produtores realizem os exames. \u201c<em>Mesmo para quem n\u00e3o consegue fazer a certifica\u00e7\u00e3o, pois os custos s\u00e3o mais significativos, a prefeitura disp\u00f5e do veterin\u00e1rio, que realiza esses exames de brucelose e tuberculose<\/em>,\u201d declarou.<\/p>\n\n\n\n<p>Bassorici refor\u00e7a que a Administra\u00e7\u00e3o efetua esse aux\u00edlio para induzir as propriedades a se regularizarem, para evitar problemas, e n\u00e3o correr o risco de ter suas propriedades interditadas.<\/p>\n","protected":false},"excerpt":{"rendered":"<p>Monda\u00ed &#8211; Durante uma reuni\u00e3o do Conselho Municipal de Agricultura, um ponto amplamente debatido foi a preocupa\u00e7\u00e3o com a Brucelose e a Tuberculose bovina, doen\u00e7as que podem comprometer economicamente especialmente as propriedades leiteiras. A discuss\u00e3o girou em torno da possibilidade de contamina\u00e7\u00e3o tamb\u00e9m pelo gado de corte, que muitas vezes transita entre propriedades sem a<\/p>\n","protected":false},"author":1,"featured_media":6870,"comment_status":"open","ping_status":"open","sticky":false,"template":"","format":"standard","meta":{"footnotes":""},"categories":[41],"tags":[],"class_list":{"0":"post-6869","1":"post","2":"type-post","3":"status-publish","4":"format-standard","5":"has-post-thumbnail","7":"category-noticias"},"_links":{"self":[{"href":"https:\/\/noticiarioregional.com.br\/index.php?rest_route=\/wp\/v2\/posts\/6869","targetHints":{"allow":["GET"]}}],"collection":[{"href":"https:\/\/noticiarioregional.com.br\/index.php?rest_route=\/wp\/v2\/posts"}],"about":[{"href":"https:\/\/noticiarioregional.com.br\/index.php?rest_route=\/wp\/v2\/types\/post"}],"author":[{"embeddable":true,"href":"https:\/\/noticiarioregional.com.br\/index.php?rest_route=\/wp\/v2\/users\/1"}],"replies":[{"embeddable":true,"href":"https:\/\/noticiarioregional.com.br\/index.php?rest_route=%2Fwp%2Fv2%2Fcomments&post=6869"}],"version-history":[{"count":1,"href":"https:\/\/noticiarioregional.com.br\/index.php?rest_route=\/wp\/v2\/posts\/6869\/revisions"}],"predecessor-version":[{"id":6871,"href":"https:\/\/noticiarioregional.com.br\/index.php?rest_route=\/wp\/v2\/posts\/6869\/revisions\/6871"}],"wp:featuredmedia":[{"embeddable":true,"href":"https:\/\/noticiarioregional.com.br\/index.php?rest_route=\/wp\/v2\/media\/6870"}],"wp:attachment":[{"href":"https:\/\/noticiarioregional.com.br\/index.php?rest_route=%2Fwp%2Fv2%2Fmedia&parent=6869"}],"wp:term":[{"taxonomy":"category","embeddable":true,"href":"https:\/\/noticiarioregional.com.br\/index.php?rest_route=%2Fwp%2Fv2%2Fcategories&post=6869"},{"taxonomy":"post_tag","embeddable":true,"href":"https:\/\/noticiarioregional.com.br\/index.php?rest_route=%2Fwp%2Fv2%2Ftags&post=6869"}],"curies":[{"name":"wp","href":"https:\/\/api.w.org\/{rel}","templated":true}]}}