{"id":6886,"date":"2025-07-14T09:25:56","date_gmt":"2025-07-14T12:25:56","guid":{"rendered":"https:\/\/noticiarioregional.com.br\/?p=6886"},"modified":"2025-07-14T09:25:58","modified_gmt":"2025-07-14T12:25:58","slug":"r-500-mil-para-ipora-do-oeste","status":"publish","type":"post","link":"https:\/\/noticiarioregional.com.br\/?p=6886","title":{"rendered":"R$ 500 mil para Ipor\u00e3 do Oeste"},"content":{"rendered":"\n<h6 class=\"wp-block-heading\">Por <em>Fernando Biesdorf<\/em><\/h6>\n\n\n\n<p>Na manh\u00e3 de s\u00e1bado, 28, lideran\u00e7as do Partido Social Democr\u00e1tico, PSD de Ipor\u00e3 do Oeste, realizaram a entrega oficial das chaves de duas novas retroescavadeiras JCB para a Administra\u00e7\u00e3o Municipal. Participaram do ato <strong><em>(da esquerda para direita na fotografia)<\/em><\/strong> a suplente de vereadora Janete Wuitschick, vereador S\u00edrio Assmann, prefeito Michel Barth, presidente municipal do PSD Rosalino Rodrigues, vereador Alexandre Barros, vereador M\u00e1rio Heck, diretor de transportes e obras Claudir Steinhaus e o servidor Fernando Dal Bem.<\/p>\n\n\n\n<p>&nbsp;&nbsp;&nbsp;&nbsp;&nbsp;&nbsp;&nbsp;&nbsp;&nbsp;&nbsp;&nbsp; De acordo com o presidente do PSD de Ipor\u00e3 do Oeste, suplente de vereador Rosalino Rodrigues, o recurso para a compra das novas m\u00e1quinas \u00e9 proveniente de uma emenda do deputado estadual, J\u00falio Garcia, atual presidente da Assembleia Legislativa de Santa Catarina, ALESC, intermediado pela ex-deputada estadual, a conterr\u00e2nea, Marlene Fengler. O recurso de meio milh\u00e3o de reais estava previsto para ser aplicado na constru\u00e7\u00e3o da ETA na La. Vit\u00f3ria, mas foi remanejado pelo Governo Municipal para aquisi\u00e7\u00e3o das m\u00e1quinas, as quais, ficam \u00e0 disposi\u00e7\u00e3o da secretaria de Agricultura, Transportes e Obras para a presta\u00e7\u00e3o de servi\u00e7os aos mun\u00edcipes. &nbsp;<\/p>\n\n\n\n<p>&nbsp;&nbsp;&nbsp;&nbsp;&nbsp;&nbsp;&nbsp;&nbsp;&nbsp;&nbsp;&nbsp; As m\u00e1quinas foram adquiridas por licita\u00e7\u00e3o, atrav\u00e9s do cons\u00f3rcio CINCATARINA e, como contrapartida, al\u00e9m da emenda de R$ 500 mil do deputado J\u00falio Garcia, o munic\u00edpio aportou mais R$ 223,4 mil.<\/p>\n\n\n\n<p><\/p>\n","protected":false},"excerpt":{"rendered":"<p>Por Fernando Biesdorf Na manh\u00e3 de s\u00e1bado, 28, lideran\u00e7as do Partido Social Democr\u00e1tico, PSD de Ipor\u00e3 do Oeste, realizaram a entrega oficial das chaves de duas novas retroescavadeiras JCB para a Administra\u00e7\u00e3o Municipal. Participaram do ato (da esquerda para direita na fotografia) a suplente de vereadora Janete Wuitschick, vereador S\u00edrio Assmann, prefeito Michel Barth, presidente<\/p>\n","protected":false},"author":1,"featured_media":6887,"comment_status":"open","ping_status":"open","sticky":false,"template":"","format":"standard","meta":{"footnotes":""},"categories":[41],"tags":[],"class_list":{"0":"post-6886","1":"post","2":"type-post","3":"status-publish","4":"format-standard","5":"has-post-thumbnail","7":"category-noticias"},"_links":{"self":[{"href":"https:\/\/noticiarioregional.com.br\/index.php?rest_route=\/wp\/v2\/posts\/6886","targetHints":{"allow":["GET"]}}],"collection":[{"href":"https:\/\/noticiarioregional.com.br\/index.php?rest_route=\/wp\/v2\/posts"}],"about":[{"href":"https:\/\/noticiarioregional.com.br\/index.php?rest_route=\/wp\/v2\/types\/post"}],"author":[{"embeddable":true,"href":"https:\/\/noticiarioregional.com.br\/index.php?rest_route=\/wp\/v2\/users\/1"}],"replies":[{"embeddable":true,"href":"https:\/\/noticiarioregional.com.br\/index.php?rest_route=%2Fwp%2Fv2%2Fcomments&post=6886"}],"version-history":[{"count":1,"href":"https:\/\/noticiarioregional.com.br\/index.php?rest_route=\/wp\/v2\/posts\/6886\/revisions"}],"predecessor-version":[{"id":6888,"href":"https:\/\/noticiarioregional.com.br\/index.php?rest_route=\/wp\/v2\/posts\/6886\/revisions\/6888"}],"wp:featuredmedia":[{"embeddable":true,"href":"https:\/\/noticiarioregional.com.br\/index.php?rest_route=\/wp\/v2\/media\/6887"}],"wp:attachment":[{"href":"https:\/\/noticiarioregional.com.br\/index.php?rest_route=%2Fwp%2Fv2%2Fmedia&parent=6886"}],"wp:term":[{"taxonomy":"category","embeddable":true,"href":"https:\/\/noticiarioregional.com.br\/index.php?rest_route=%2Fwp%2Fv2%2Fcategories&post=6886"},{"taxonomy":"post_tag","embeddable":true,"href":"https:\/\/noticiarioregional.com.br\/index.php?rest_route=%2Fwp%2Fv2%2Ftags&post=6886"}],"curies":[{"name":"wp","href":"https:\/\/api.w.org\/{rel}","templated":true}]}}