{"id":6889,"date":"2025-07-14T09:28:23","date_gmt":"2025-07-14T12:28:23","guid":{"rendered":"https:\/\/noticiarioregional.com.br\/?p=6889"},"modified":"2025-07-14T09:28:24","modified_gmt":"2025-07-14T12:28:24","slug":"prefeito-destaca-sintonia-entre-executivo-e-legislativo-e-alto-volume-de-trabalho","status":"publish","type":"post","link":"https:\/\/noticiarioregional.com.br\/?p=6889","title":{"rendered":"Prefeito destaca sintonia entre Executivo e Legislativo e alto volume de trabalho"},"content":{"rendered":"\n<h6 class=\"wp-block-heading\">Por <strong><em>Adriano Bortoluzzi<\/em><\/strong><\/h6>\n\n\n\n<p>Presen\u00e7a constante nas sess\u00f5es da C\u00e2mara de Vereadores em 2025, o prefeito Elizandro Mainardi voltou a marcar presen\u00e7a na segunda-feira, 30, acompanhando os trabalhos da 18\u00aa Sess\u00e3o Ordin\u00e1ria da Casa Legislativa Mondaiense. Na ocasi\u00e3o, ocupou a tribuna para prestar esclarecimentos sobre demandas apresentadas pelos parlamentares. Aproveitando a oportunidade, o prefeito ressaltou a sintonia entre os poderes Executivo e Legislativo, elogiando a agilidade com que a Mesa Diretora e o plen\u00e1rio t\u00eam analisado e deliberado sobre as mat\u00e9rias encaminhadas.<\/p>\n\n\n\n<p><em>\u201cQuanto aos pedidos de provid\u00eancias que os vereadores nos trazem, vejo que s\u00e3o demandas que atendem diretamente os anseios da popula\u00e7\u00e3o. Como tenho conversado com os vereadores no gabinete, vamos pautar cada um deles, ouvir a sociedade em alguns casos e avaliar o que \u00e9 poss\u00edvel fazer dentro do or\u00e7amento. Quero agradecer pelo trabalho que a C\u00e2mara vem realizando, pois j\u00e1 chegaram aqui 47 projetos de lei ordin\u00e1ria e 11 projetos de lei complementar, e todos foram votados. Isso mostra n\u00e3o s\u00f3 o esfor\u00e7o do Executivo, mas tamb\u00e9m muito trabalho por parte da C\u00e2mara de Vereadores. Se n\u00e3o houvesse esse alinhamento com os interesses da comunidade, nada disso seria poss\u00edvel. Sempre digo que os projetos enviados para a C\u00e2mara n\u00e3o s\u00e3o do prefeito nem dos vereadores, e sim projetos da sociedade. Nosso papel, como Executivo e como Legislativo, \u00e9 atender \u00e0s demandas, atualizar as leis quando necess\u00e1rio e, sobretudo, garantir que o dinheiro p\u00fablico seja bem investido em projetos que solucionem os problemas da popula\u00e7\u00e3o e contribuam para o futuro. Agrade\u00e7o aos vereadores pela compet\u00eancia e pela agilidade na an\u00e1lise das mat\u00e9rias. Quando conseguem agilizar, o fazem com responsabilidade, pois sabemos que o andamento do Poder P\u00fablico j\u00e1 \u00e9 naturalmente mais lento devido \u00e0 legisla\u00e7\u00e3o. Se tamb\u00e9m atrasarmos o processo, ele demora ainda mais, e isso gera ansiedade na popula\u00e7\u00e3o, que passa a cobrar primeiro os vereadores, depois secret\u00e1rios e o prefeito\u201d,<\/em> pontuou Mainardi.<\/p>\n\n\n\n<p>Ap\u00f3s a fala, o prefeito permaneceu no plen\u00e1rio at\u00e9 o encerramento da sess\u00e3o, conversando individualmente com os vereadores e cumprimentando a todos em sinal de proximidade e busca de bom relacionamento institucional.<\/p>\n","protected":false},"excerpt":{"rendered":"<p>Por Adriano Bortoluzzi Presen\u00e7a constante nas sess\u00f5es da C\u00e2mara de Vereadores em 2025, o prefeito Elizandro Mainardi voltou a marcar presen\u00e7a na segunda-feira, 30, acompanhando os trabalhos da 18\u00aa Sess\u00e3o Ordin\u00e1ria da Casa Legislativa Mondaiense. Na ocasi\u00e3o, ocupou a tribuna para prestar esclarecimentos sobre demandas apresentadas pelos parlamentares. Aproveitando a oportunidade, o prefeito ressaltou a<\/p>\n","protected":false},"author":1,"featured_media":6890,"comment_status":"open","ping_status":"open","sticky":false,"template":"","format":"standard","meta":{"footnotes":""},"categories":[41],"tags":[],"class_list":{"0":"post-6889","1":"post","2":"type-post","3":"status-publish","4":"format-standard","5":"has-post-thumbnail","7":"category-noticias"},"_links":{"self":[{"href":"https:\/\/noticiarioregional.com.br\/index.php?rest_route=\/wp\/v2\/posts\/6889","targetHints":{"allow":["GET"]}}],"collection":[{"href":"https:\/\/noticiarioregional.com.br\/index.php?rest_route=\/wp\/v2\/posts"}],"about":[{"href":"https:\/\/noticiarioregional.com.br\/index.php?rest_route=\/wp\/v2\/types\/post"}],"author":[{"embeddable":true,"href":"https:\/\/noticiarioregional.com.br\/index.php?rest_route=\/wp\/v2\/users\/1"}],"replies":[{"embeddable":true,"href":"https:\/\/noticiarioregional.com.br\/index.php?rest_route=%2Fwp%2Fv2%2Fcomments&post=6889"}],"version-history":[{"count":1,"href":"https:\/\/noticiarioregional.com.br\/index.php?rest_route=\/wp\/v2\/posts\/6889\/revisions"}],"predecessor-version":[{"id":6891,"href":"https:\/\/noticiarioregional.com.br\/index.php?rest_route=\/wp\/v2\/posts\/6889\/revisions\/6891"}],"wp:featuredmedia":[{"embeddable":true,"href":"https:\/\/noticiarioregional.com.br\/index.php?rest_route=\/wp\/v2\/media\/6890"}],"wp:attachment":[{"href":"https:\/\/noticiarioregional.com.br\/index.php?rest_route=%2Fwp%2Fv2%2Fmedia&parent=6889"}],"wp:term":[{"taxonomy":"category","embeddable":true,"href":"https:\/\/noticiarioregional.com.br\/index.php?rest_route=%2Fwp%2Fv2%2Fcategories&post=6889"},{"taxonomy":"post_tag","embeddable":true,"href":"https:\/\/noticiarioregional.com.br\/index.php?rest_route=%2Fwp%2Fv2%2Ftags&post=6889"}],"curies":[{"name":"wp","href":"https:\/\/api.w.org\/{rel}","templated":true}]}}