{"id":6932,"date":"2025-07-15T16:44:03","date_gmt":"2025-07-15T19:44:03","guid":{"rendered":"https:\/\/noticiarioregional.com.br\/?p=6932"},"modified":"2025-07-15T17:05:43","modified_gmt":"2025-07-15T20:05:43","slug":"cresol-evolucao-promove-cafe-de-lancamento-do-plano-safra-25-26-com-associados","status":"publish","type":"post","link":"https:\/\/noticiarioregional.com.br\/?p=6932","title":{"rendered":"Cresol Evolu\u00e7\u00e3o promove caf\u00e9 de lan\u00e7amento do Plano Safra 25\/26 com associados"},"content":{"rendered":"\n<p><strong> <\/strong>Na manh\u00e3 de ter\u00e7a-feira, 1\u00ba de julho, a Cresol Evolu\u00e7\u00e3o promoveu um evento simult\u00e2neo nas 11 ag\u00eancias para o lan\u00e7amento do Plano Safra 2025\/2026. Na oportunidade, foi servido um coffee break aos associados e realizada uma explica\u00e7\u00e3o sobre os valores e altera\u00e7\u00f5es do Plano Safra da agricultura familiar, lan\u00e7ado oficialmente pelo governo federal no dia 30 de junho.<\/p>\n\n\n\n<p>O diretor de neg\u00f3cios da Cresol Evolu\u00e7\u00e3o, Jonas Ansolin, explica que o Plano Safra \u00e9 o mecanismo mais importante de fortalecimento da agricultura familiar, e como a Cresol nasceu da for\u00e7a da agricultura, tem muito presente a import\u00e2ncia deste Plano para a regi\u00e3o e os produtores rurais.<\/p>\n\n\n\n<p>Conforme o diretor de neg\u00f3cios, em fun\u00e7\u00e3o do aumento da taxa SELIC, havia uma perspectiva de aumento nas taxas de juros do Plano Safra, mas algumas linhas da agricultura familiar mantiveram a taxa, como o custeio, o que considera ser um diferencial e um grande avan\u00e7o. Jonas cita que para o Pronaf ser\u00e3o R$ 78,2 bilh\u00f5es em recursos disponibilizados pelo governo, sendo cerca de R$ 2 bilh\u00f5es a mais em compara\u00e7\u00e3o ao plano anterior. No total, para o Plano Safra, ser\u00e3o mais de R$ 89 bilh\u00f5es nas diversas linhas de investimentos.<\/p>\n\n\n\n<p><em>\u201cAs cooperativas, especialmente a Cresol Evolu\u00e7\u00e3o, est\u00e1 aqui para fazer o fomento e a distribui\u00e7\u00e3o desse cr\u00e9dito de maneira assertiva. Isso porque os produtores rurais fazem os seus neg\u00f3cios a partir do custeio, do investimento, melhorando as estruturas e as condi\u00e7\u00f5es de trabalho das propriedades, e consequentemente, o movimento econ\u00f4mico dos munic\u00edpios, abrangendo um dos princ\u00edpios do cooperativismo, que \u00e9 o desenvolvimento local e regional\u201d.<\/em><\/p>\n\n\n\n<p>O diretor de neg\u00f3cios complementa que um dos diferenciais da Cresol Evolu\u00e7\u00e3o \u00e9 a atua\u00e7\u00e3o dos gerentes de neg\u00f3cios com a principal fun\u00e7\u00e3o de fazer o relacionamento com os cooperados, para de fato conhecer a sua realidade, a sua propriedade, e assim, entender qual \u00e9 a melhor forma de investimento.<\/p>\n\n\n\n<p><strong>Plano Safra 2025\/2026 da Agricultura Familiar:<\/strong><\/p>\n\n\n\n<ul class=\"wp-block-list\">\n<li><strong>Manuten\u00e7\u00e3o das taxas<\/strong> de juros&nbsp;para a produ\u00e7\u00e3o de alimentos no Pronaf Custeio (3% para produtos de alimentos da cesta b\u00e1sica e 2% para produtos da sociobiodiversidade, agroecologia e org\u00e2nicos);<\/li>\n\n\n\n<li><strong>Manuten\u00e7\u00e3o da taxa de juros de 3%<\/strong>&nbsp;para Pronaf Investimento nas linhas de cr\u00e9dito Pronaf Floresta, Pronaf Jovem, Pronaf Agroecologia, Pronaf Bioeconomia, Pronaf Conviv\u00eancia com o Semi\u00e1rido, Pronaf Produtivo Orientado e inclus\u00e3o de avicultura, ovinocultura e caprinocultura, conectividade no campo e equipamentos para acessibilidade nos investimentos incentivados;<\/li>\n\n\n\n<li><strong>Mais Alimentos:<\/strong> Agora m\u00e1quinas e equipamentos no valor de at\u00e9 R$100 mil passam a ter taxas de juros de at\u00e9 2,5% para fam\u00edlias com renda anual de at\u00e9 R$150 mil. Tratores e demais equipamentos at\u00e9 R$250 mil seguem com taxas reduzidas, de 5%;<\/li>\n<\/ul>\n\n\n\n<p><strong>Plano Safra 2025\/2026 empresarial:<\/strong><\/p>\n\n\n\n<ul class=\"wp-block-list\">\n<li><strong>Eleva\u00e7\u00e3o das taxas de juros<\/strong> entre 1,5 ponto porcentual e 2 pontos porcentuais, para 8,5% ao ano a 14% ao ano, entre as linhas de custeio e investimento.&nbsp;<\/li>\n\n\n\n<li><strong>Amplia\u00e7\u00e3o do limite de renda<\/strong> para enquadramento no Pronamp, programa de financiamentos que atende m\u00e9dios produtores, e que passou de R$ 3 milh\u00f5es para R$ 3,5 milh\u00f5es por ano, permitindo que mais agricultores tenham acesso \u00e0s condi\u00e7\u00f5es diferenciadas oferecidas pelo programa.<\/li>\n<\/ul>\n\n\n\n\n\n<figure class=\"wp-block-gallery has-nested-images columns-default is-cropped wp-block-gallery-1 is-layout-flex wp-block-gallery-is-layout-flex\"><\/figure>\n\n\n\n<figure class=\"wp-block-gallery has-nested-images columns-default is-cropped wp-block-gallery-2 is-layout-flex wp-block-gallery-is-layout-flex\">\n<figure class=\"wp-block-image size-large\"><img fetchpriority=\"high\" decoding=\"async\" width=\"1024\" height=\"683\" data-id=\"6934\" src=\"https:\/\/noticiarioregional.com.br\/wp-content\/uploads\/2025\/07\/IMG_8536-1024x683.jpg\" alt=\"\" class=\"wp-image-6934\" srcset=\"https:\/\/noticiarioregional.com.br\/wp-content\/uploads\/2025\/07\/IMG_8536-1024x683.jpg 1024w, https:\/\/noticiarioregional.com.br\/wp-content\/uploads\/2025\/07\/IMG_8536-300x200.jpg 300w, https:\/\/noticiarioregional.com.br\/wp-content\/uploads\/2025\/07\/IMG_8536-768x512.jpg 768w, https:\/\/noticiarioregional.com.br\/wp-content\/uploads\/2025\/07\/IMG_8536-1536x1024.jpg 1536w, https:\/\/noticiarioregional.com.br\/wp-content\/uploads\/2025\/07\/IMG_8536-2048x1365.jpg 2048w, https:\/\/noticiarioregional.com.br\/wp-content\/uploads\/2025\/07\/IMG_8536-150x100.jpg 150w, https:\/\/noticiarioregional.com.br\/wp-content\/uploads\/2025\/07\/IMG_8536-450x300.jpg 450w, https:\/\/noticiarioregional.com.br\/wp-content\/uploads\/2025\/07\/IMG_8536-1200x800.jpg 1200w\" sizes=\"(max-width: 1024px) 100vw, 1024px\" \/><\/figure>\n\n\n\n<figure class=\"wp-block-image size-large\"><img decoding=\"async\" width=\"1024\" height=\"683\" data-id=\"6935\" src=\"https:\/\/noticiarioregional.com.br\/wp-content\/uploads\/2025\/07\/IMG_8538-1024x683.jpg\" alt=\"\" class=\"wp-image-6935\" srcset=\"https:\/\/noticiarioregional.com.br\/wp-content\/uploads\/2025\/07\/IMG_8538-1024x683.jpg 1024w, https:\/\/noticiarioregional.com.br\/wp-content\/uploads\/2025\/07\/IMG_8538-300x200.jpg 300w, https:\/\/noticiarioregional.com.br\/wp-content\/uploads\/2025\/07\/IMG_8538-768x512.jpg 768w, https:\/\/noticiarioregional.com.br\/wp-content\/uploads\/2025\/07\/IMG_8538-1536x1024.jpg 1536w, https:\/\/noticiarioregional.com.br\/wp-content\/uploads\/2025\/07\/IMG_8538-2048x1365.jpg 2048w, https:\/\/noticiarioregional.com.br\/wp-content\/uploads\/2025\/07\/IMG_8538-150x100.jpg 150w, https:\/\/noticiarioregional.com.br\/wp-content\/uploads\/2025\/07\/IMG_8538-450x300.jpg 450w, https:\/\/noticiarioregional.com.br\/wp-content\/uploads\/2025\/07\/IMG_8538-1200x800.jpg 1200w\" sizes=\"(max-width: 1024px) 100vw, 1024px\" \/><\/figure>\n\n\n\n<figure class=\"wp-block-image size-large\"><img decoding=\"async\" width=\"1024\" height=\"683\" data-id=\"6936\" src=\"https:\/\/noticiarioregional.com.br\/wp-content\/uploads\/2025\/07\/IMG_8539-1024x683.jpg\" alt=\"\" class=\"wp-image-6936\" srcset=\"https:\/\/noticiarioregional.com.br\/wp-content\/uploads\/2025\/07\/IMG_8539-1024x683.jpg 1024w, https:\/\/noticiarioregional.com.br\/wp-content\/uploads\/2025\/07\/IMG_8539-300x200.jpg 300w, https:\/\/noticiarioregional.com.br\/wp-content\/uploads\/2025\/07\/IMG_8539-768x512.jpg 768w, https:\/\/noticiarioregional.com.br\/wp-content\/uploads\/2025\/07\/IMG_8539-1536x1024.jpg 1536w, https:\/\/noticiarioregional.com.br\/wp-content\/uploads\/2025\/07\/IMG_8539-2048x1365.jpg 2048w, https:\/\/noticiarioregional.com.br\/wp-content\/uploads\/2025\/07\/IMG_8539-150x100.jpg 150w, https:\/\/noticiarioregional.com.br\/wp-content\/uploads\/2025\/07\/IMG_8539-450x300.jpg 450w, https:\/\/noticiarioregional.com.br\/wp-content\/uploads\/2025\/07\/IMG_8539-1200x800.jpg 1200w\" sizes=\"(max-width: 1024px) 100vw, 1024px\" \/><\/figure>\n\n\n\n<figure class=\"wp-block-image size-large\"><img loading=\"lazy\" decoding=\"async\" width=\"1024\" height=\"683\" data-id=\"6938\" src=\"https:\/\/noticiarioregional.com.br\/wp-content\/uploads\/2025\/07\/IMG_8542-1024x683.jpg\" alt=\"\" class=\"wp-image-6938\" srcset=\"https:\/\/noticiarioregional.com.br\/wp-content\/uploads\/2025\/07\/IMG_8542-1024x683.jpg 1024w, https:\/\/noticiarioregional.com.br\/wp-content\/uploads\/2025\/07\/IMG_8542-300x200.jpg 300w, https:\/\/noticiarioregional.com.br\/wp-content\/uploads\/2025\/07\/IMG_8542-768x512.jpg 768w, https:\/\/noticiarioregional.com.br\/wp-content\/uploads\/2025\/07\/IMG_8542-1536x1024.jpg 1536w, https:\/\/noticiarioregional.com.br\/wp-content\/uploads\/2025\/07\/IMG_8542-2048x1365.jpg 2048w, https:\/\/noticiarioregional.com.br\/wp-content\/uploads\/2025\/07\/IMG_8542-150x100.jpg 150w, https:\/\/noticiarioregional.com.br\/wp-content\/uploads\/2025\/07\/IMG_8542-450x300.jpg 450w, https:\/\/noticiarioregional.com.br\/wp-content\/uploads\/2025\/07\/IMG_8542-1200x800.jpg 1200w\" sizes=\"(max-width: 1024px) 100vw, 1024px\" \/><\/figure>\n\n\n\n<figure class=\"wp-block-image size-large\"><img loading=\"lazy\" decoding=\"async\" width=\"1024\" height=\"683\" data-id=\"6939\" src=\"https:\/\/noticiarioregional.com.br\/wp-content\/uploads\/2025\/07\/IMG_8543-1024x683.jpg\" alt=\"\" class=\"wp-image-6939\" srcset=\"https:\/\/noticiarioregional.com.br\/wp-content\/uploads\/2025\/07\/IMG_8543-1024x683.jpg 1024w, https:\/\/noticiarioregional.com.br\/wp-content\/uploads\/2025\/07\/IMG_8543-300x200.jpg 300w, https:\/\/noticiarioregional.com.br\/wp-content\/uploads\/2025\/07\/IMG_8543-768x512.jpg 768w, https:\/\/noticiarioregional.com.br\/wp-content\/uploads\/2025\/07\/IMG_8543-1536x1024.jpg 1536w, https:\/\/noticiarioregional.com.br\/wp-content\/uploads\/2025\/07\/IMG_8543-2048x1365.jpg 2048w, https:\/\/noticiarioregional.com.br\/wp-content\/uploads\/2025\/07\/IMG_8543-150x100.jpg 150w, https:\/\/noticiarioregional.com.br\/wp-content\/uploads\/2025\/07\/IMG_8543-450x300.jpg 450w, https:\/\/noticiarioregional.com.br\/wp-content\/uploads\/2025\/07\/IMG_8543-1200x800.jpg 1200w\" sizes=\"(max-width: 1024px) 100vw, 1024px\" \/><\/figure>\n\n\n\n<figure class=\"wp-block-image size-large\"><img loading=\"lazy\" decoding=\"async\" width=\"1024\" height=\"683\" data-id=\"6940\" src=\"https:\/\/noticiarioregional.com.br\/wp-content\/uploads\/2025\/07\/IMG_8544-1024x683.jpg\" alt=\"\" class=\"wp-image-6940\" srcset=\"https:\/\/noticiarioregional.com.br\/wp-content\/uploads\/2025\/07\/IMG_8544-1024x683.jpg 1024w, https:\/\/noticiarioregional.com.br\/wp-content\/uploads\/2025\/07\/IMG_8544-300x200.jpg 300w, https:\/\/noticiarioregional.com.br\/wp-content\/uploads\/2025\/07\/IMG_8544-768x512.jpg 768w, https:\/\/noticiarioregional.com.br\/wp-content\/uploads\/2025\/07\/IMG_8544-1536x1024.jpg 1536w, https:\/\/noticiarioregional.com.br\/wp-content\/uploads\/2025\/07\/IMG_8544-2048x1365.jpg 2048w, https:\/\/noticiarioregional.com.br\/wp-content\/uploads\/2025\/07\/IMG_8544-150x100.jpg 150w, https:\/\/noticiarioregional.com.br\/wp-content\/uploads\/2025\/07\/IMG_8544-450x300.jpg 450w, https:\/\/noticiarioregional.com.br\/wp-content\/uploads\/2025\/07\/IMG_8544-1200x800.jpg 1200w\" sizes=\"(max-width: 1024px) 100vw, 1024px\" \/><\/figure>\n\n\n\n<figure class=\"wp-block-image size-large\"><img loading=\"lazy\" decoding=\"async\" width=\"1024\" height=\"683\" data-id=\"6941\" src=\"https:\/\/noticiarioregional.com.br\/wp-content\/uploads\/2025\/07\/IMG_8545-1024x683.jpg\" alt=\"\" class=\"wp-image-6941\" srcset=\"https:\/\/noticiarioregional.com.br\/wp-content\/uploads\/2025\/07\/IMG_8545-1024x683.jpg 1024w, https:\/\/noticiarioregional.com.br\/wp-content\/uploads\/2025\/07\/IMG_8545-300x200.jpg 300w, https:\/\/noticiarioregional.com.br\/wp-content\/uploads\/2025\/07\/IMG_8545-768x512.jpg 768w, https:\/\/noticiarioregional.com.br\/wp-content\/uploads\/2025\/07\/IMG_8545-1536x1024.jpg 1536w, https:\/\/noticiarioregional.com.br\/wp-content\/uploads\/2025\/07\/IMG_8545-2048x1365.jpg 2048w, https:\/\/noticiarioregional.com.br\/wp-content\/uploads\/2025\/07\/IMG_8545-150x100.jpg 150w, https:\/\/noticiarioregional.com.br\/wp-content\/uploads\/2025\/07\/IMG_8545-450x300.jpg 450w, https:\/\/noticiarioregional.com.br\/wp-content\/uploads\/2025\/07\/IMG_8545-1200x800.jpg 1200w\" sizes=\"(max-width: 1024px) 100vw, 1024px\" \/><\/figure>\n<\/figure>\n\n\n\n<figure class=\"wp-block-image size-large\"><img loading=\"lazy\" decoding=\"async\" width=\"1024\" height=\"417\" src=\"http:\/\/noticiarioregional.com.br\/wp-content\/uploads\/2025\/07\/588504f5-8c53-4b9f-9b62-8c9fb3c86d9c-1024x417.jpg\" alt=\"\" class=\"wp-image-6942\" srcset=\"https:\/\/noticiarioregional.com.br\/wp-content\/uploads\/2025\/07\/588504f5-8c53-4b9f-9b62-8c9fb3c86d9c-1024x417.jpg 1024w, https:\/\/noticiarioregional.com.br\/wp-content\/uploads\/2025\/07\/588504f5-8c53-4b9f-9b62-8c9fb3c86d9c-300x122.jpg 300w, https:\/\/noticiarioregional.com.br\/wp-content\/uploads\/2025\/07\/588504f5-8c53-4b9f-9b62-8c9fb3c86d9c-768x313.jpg 768w, https:\/\/noticiarioregional.com.br\/wp-content\/uploads\/2025\/07\/588504f5-8c53-4b9f-9b62-8c9fb3c86d9c-1536x626.jpg 1536w, https:\/\/noticiarioregional.com.br\/wp-content\/uploads\/2025\/07\/588504f5-8c53-4b9f-9b62-8c9fb3c86d9c-150x61.jpg 150w, https:\/\/noticiarioregional.com.br\/wp-content\/uploads\/2025\/07\/588504f5-8c53-4b9f-9b62-8c9fb3c86d9c-450x183.jpg 450w, https:\/\/noticiarioregional.com.br\/wp-content\/uploads\/2025\/07\/588504f5-8c53-4b9f-9b62-8c9fb3c86d9c-1200x489.jpg 1200w, https:\/\/noticiarioregional.com.br\/wp-content\/uploads\/2025\/07\/588504f5-8c53-4b9f-9b62-8c9fb3c86d9c.jpg 1570w\" sizes=\"(max-width: 1024px) 100vw, 1024px\" \/><figcaption class=\"wp-element-caption\">Encontro na ag\u00eancia da Cresol em Monda\u00ed<\/figcaption><\/figure>\n\n\n\n<figure class=\"wp-block-image size-large\"><img loading=\"lazy\" decoding=\"async\" width=\"1024\" height=\"576\" src=\"http:\/\/noticiarioregional.com.br\/wp-content\/uploads\/2025\/07\/Lancamento-em-Sao-Joao-do-Oeste-1024x576.jpg\" alt=\"\" class=\"wp-image-6944\" srcset=\"https:\/\/noticiarioregional.com.br\/wp-content\/uploads\/2025\/07\/Lancamento-em-Sao-Joao-do-Oeste-1024x576.jpg 1024w, https:\/\/noticiarioregional.com.br\/wp-content\/uploads\/2025\/07\/Lancamento-em-Sao-Joao-do-Oeste-300x169.jpg 300w, https:\/\/noticiarioregional.com.br\/wp-content\/uploads\/2025\/07\/Lancamento-em-Sao-Joao-do-Oeste-768x432.jpg 768w, https:\/\/noticiarioregional.com.br\/wp-content\/uploads\/2025\/07\/Lancamento-em-Sao-Joao-do-Oeste-1536x865.jpg 1536w, https:\/\/noticiarioregional.com.br\/wp-content\/uploads\/2025\/07\/Lancamento-em-Sao-Joao-do-Oeste-2048x1153.jpg 2048w, https:\/\/noticiarioregional.com.br\/wp-content\/uploads\/2025\/07\/Lancamento-em-Sao-Joao-do-Oeste-150x84.jpg 150w, https:\/\/noticiarioregional.com.br\/wp-content\/uploads\/2025\/07\/Lancamento-em-Sao-Joao-do-Oeste-450x253.jpg 450w, https:\/\/noticiarioregional.com.br\/wp-content\/uploads\/2025\/07\/Lancamento-em-Sao-Joao-do-Oeste-1200x676.jpg 1200w\" sizes=\"(max-width: 1024px) 100vw, 1024px\" \/><figcaption class=\"wp-element-caption\">Encontro na ag\u00eancia de S\u00e3o Jo\u00e3o do Oeste<\/figcaption><\/figure>\n","protected":false},"excerpt":{"rendered":"<p>Na manh\u00e3 de ter\u00e7a-feira, 1\u00ba de julho, a Cresol Evolu\u00e7\u00e3o promoveu um evento simult\u00e2neo nas 11 ag\u00eancias para o lan\u00e7amento do Plano Safra 2025\/2026. Na oportunidade, foi servido um coffee break aos associados e realizada uma explica\u00e7\u00e3o sobre os valores e altera\u00e7\u00f5es do Plano Safra da agricultura familiar, lan\u00e7ado oficialmente pelo governo federal no dia<\/p>\n","protected":false},"author":1,"featured_media":6936,"comment_status":"open","ping_status":"open","sticky":false,"template":"","format":"standard","meta":{"footnotes":""},"categories":[41],"tags":[],"class_list":{"0":"post-6932","1":"post","2":"type-post","3":"status-publish","4":"format-standard","5":"has-post-thumbnail","7":"category-noticias"},"_links":{"self":[{"href":"https:\/\/noticiarioregional.com.br\/index.php?rest_route=\/wp\/v2\/posts\/6932","targetHints":{"allow":["GET"]}}],"collection":[{"href":"https:\/\/noticiarioregional.com.br\/index.php?rest_route=\/wp\/v2\/posts"}],"about":[{"href":"https:\/\/noticiarioregional.com.br\/index.php?rest_route=\/wp\/v2\/types\/post"}],"author":[{"embeddable":true,"href":"https:\/\/noticiarioregional.com.br\/index.php?rest_route=\/wp\/v2\/users\/1"}],"replies":[{"embeddable":true,"href":"https:\/\/noticiarioregional.com.br\/index.php?rest_route=%2Fwp%2Fv2%2Fcomments&post=6932"}],"version-history":[{"count":3,"href":"https:\/\/noticiarioregional.com.br\/index.php?rest_route=\/wp\/v2\/posts\/6932\/revisions"}],"predecessor-version":[{"id":6946,"href":"https:\/\/noticiarioregional.com.br\/index.php?rest_route=\/wp\/v2\/posts\/6932\/revisions\/6946"}],"wp:featuredmedia":[{"embeddable":true,"href":"https:\/\/noticiarioregional.com.br\/index.php?rest_route=\/wp\/v2\/media\/6936"}],"wp:attachment":[{"href":"https:\/\/noticiarioregional.com.br\/index.php?rest_route=%2Fwp%2Fv2%2Fmedia&parent=6932"}],"wp:term":[{"taxonomy":"category","embeddable":true,"href":"https:\/\/noticiarioregional.com.br\/index.php?rest_route=%2Fwp%2Fv2%2Fcategories&post=6932"},{"taxonomy":"post_tag","embeddable":true,"href":"https:\/\/noticiarioregional.com.br\/index.php?rest_route=%2Fwp%2Fv2%2Ftags&post=6932"}],"curies":[{"name":"wp","href":"https:\/\/api.w.org\/{rel}","templated":true}]}}