{"id":6964,"date":"2025-07-17T10:08:36","date_gmt":"2025-07-17T13:08:36","guid":{"rendered":"https:\/\/noticiarioregional.com.br\/?p=6964"},"modified":"2025-07-17T10:08:38","modified_gmt":"2025-07-17T13:08:38","slug":"descanso-assina-contratos-de-concessao-de-duas-novas-unidades-na-area-industrial","status":"publish","type":"post","link":"https:\/\/noticiarioregional.com.br\/?p=6964","title":{"rendered":"Descanso assina contratos de concess\u00e3o de duas novas unidades na \u00c1rea Industrial"},"content":{"rendered":"\n<p>Em uma iniciativa que promete fortalecer o setor industrial, no dia 1\u00ba, o munic\u00edpio de Descanso assinou os contratos de doa\u00e7\u00e3o onerosa de dois pavilh\u00f5es industriais para duas empresas ampliarem sua oferta de servi\u00e7os. A medida tem como objetivo fomentar a gera\u00e7\u00e3o de empregos e otimizar a \u00e1rea industrial, contribuindo para o desenvolvimento econ\u00f4mico local.<\/p>\n\n\n\n<p>As empresas beneficiadas ter\u00e3o a oportunidade de expandir suas opera\u00e7\u00f5es com custos reduzidos, gra\u00e7as aos incentivos oferecidos pelo munic\u00edpio. Essa a\u00e7\u00e3o visa atrair novas empresas e estimular o crescimento das j\u00e1 existentes, criando um ambiente mais favor\u00e1vel para neg\u00f3cios e inova\u00e7\u00e3o. As empresas que cumpriram os dispostos do edital e obtiveram maiores pontua\u00e7\u00f5es na concorr\u00eancia p\u00fablica foram a Niplan Construtora e a SAT Transportes, ambas do munic\u00edpio.<\/p>\n\n\n\n<p>Os lotes doados est\u00e3o localizados na \u00c1rea Industrial pr\u00f3xima ao trevo de acesso \u00e0 cidade. Um lote de 1.687m\u00b2 com um pavilh\u00e3o pr\u00e9-moldado de 405,70m\u00b2 e o outro lote com 1.652m\u00b2 com um pavilh\u00e3o pr\u00e9-moldado de 437,58\u00b2. O prazo para a concess\u00e3o definitiva ser\u00e1 de dez anos. Neste per\u00edodo, as empresas dever\u00e3o cumprir os requisitos legais institu\u00eddos pela Lei Municipal n\u00ba 1.656\/2018, com a gera\u00e7\u00e3o de, pelo menos, quatro novos empregos, investimentos nas estruturas f\u00edsicas, incrementa\u00e7\u00e3o da movimenta\u00e7\u00e3o econ\u00f4mica e a participa\u00e7\u00e3o em programas p\u00fablicos de desenvolvimento econ\u00f4mico local.<\/p>\n\n\n\n<p>De acordo com o prefeito, Juliano Kasper, o objetivo \u00e9 fortalecer a economia do munic\u00edpio, gerar novas oportunidades de trabalho e melhorar a qualidade de vida da popula\u00e7\u00e3o.<\/p>\n\n\n\n<blockquote class=\"wp-block-quote is-layout-flow wp-block-quote-is-layout-flow\">\n<p><em>\u201cFicamos muito satisfeitos em poder proporcionar essa grande conquista para duas empresas que come\u00e7aram sua hist\u00f3ria no nosso munic\u00edpio. Esperamos que as empresas possam ampliar suas atividades, gerar mais empregos e contribuir para o aumento da renda local, promovendo um novo ciclo de crescimento econ\u00f4mico e social<\/em>\u201d.<\/p>\n<\/blockquote>\n\n\n\n<p><strong>Juliano Kasper<\/strong> &#8211; Prefeito de Descanso<\/p>\n\n\n\n<p><\/p>\n","protected":false},"excerpt":{"rendered":"<p>Em uma iniciativa que promete fortalecer o setor industrial, no dia 1\u00ba, o munic\u00edpio de Descanso assinou os contratos de doa\u00e7\u00e3o onerosa de dois pavilh\u00f5es industriais para duas empresas ampliarem sua oferta de servi\u00e7os. A medida tem como objetivo fomentar a gera\u00e7\u00e3o de empregos e otimizar a \u00e1rea industrial, contribuindo para o desenvolvimento econ\u00f4mico local.<\/p>\n","protected":false},"author":1,"featured_media":6965,"comment_status":"open","ping_status":"open","sticky":false,"template":"","format":"standard","meta":{"footnotes":""},"categories":[41],"tags":[],"class_list":{"0":"post-6964","1":"post","2":"type-post","3":"status-publish","4":"format-standard","5":"has-post-thumbnail","7":"category-noticias"},"_links":{"self":[{"href":"https:\/\/noticiarioregional.com.br\/index.php?rest_route=\/wp\/v2\/posts\/6964","targetHints":{"allow":["GET"]}}],"collection":[{"href":"https:\/\/noticiarioregional.com.br\/index.php?rest_route=\/wp\/v2\/posts"}],"about":[{"href":"https:\/\/noticiarioregional.com.br\/index.php?rest_route=\/wp\/v2\/types\/post"}],"author":[{"embeddable":true,"href":"https:\/\/noticiarioregional.com.br\/index.php?rest_route=\/wp\/v2\/users\/1"}],"replies":[{"embeddable":true,"href":"https:\/\/noticiarioregional.com.br\/index.php?rest_route=%2Fwp%2Fv2%2Fcomments&post=6964"}],"version-history":[{"count":1,"href":"https:\/\/noticiarioregional.com.br\/index.php?rest_route=\/wp\/v2\/posts\/6964\/revisions"}],"predecessor-version":[{"id":6966,"href":"https:\/\/noticiarioregional.com.br\/index.php?rest_route=\/wp\/v2\/posts\/6964\/revisions\/6966"}],"wp:featuredmedia":[{"embeddable":true,"href":"https:\/\/noticiarioregional.com.br\/index.php?rest_route=\/wp\/v2\/media\/6965"}],"wp:attachment":[{"href":"https:\/\/noticiarioregional.com.br\/index.php?rest_route=%2Fwp%2Fv2%2Fmedia&parent=6964"}],"wp:term":[{"taxonomy":"category","embeddable":true,"href":"https:\/\/noticiarioregional.com.br\/index.php?rest_route=%2Fwp%2Fv2%2Fcategories&post=6964"},{"taxonomy":"post_tag","embeddable":true,"href":"https:\/\/noticiarioregional.com.br\/index.php?rest_route=%2Fwp%2Fv2%2Ftags&post=6964"}],"curies":[{"name":"wp","href":"https:\/\/api.w.org\/{rel}","templated":true}]}}