{"id":6970,"date":"2025-07-17T10:26:01","date_gmt":"2025-07-17T13:26:01","guid":{"rendered":"https:\/\/noticiarioregional.com.br\/?p=6970"},"modified":"2025-07-17T10:26:03","modified_gmt":"2025-07-17T13:26:03","slug":"mondai-e-contemplado-com-20-casas-do-programa-casa-catarina","status":"publish","type":"post","link":"https:\/\/noticiarioregional.com.br\/?p=6970","title":{"rendered":"Monda\u00ed \u00e9 contemplado com 20 casas do Programa Casa Catarina"},"content":{"rendered":"\n<div class=\"wp-block-buttons is-layout-flex wp-block-buttons-is-layout-flex\">\n<div class=\"wp-block-button\"><a class=\"wp-block-button__link wp-element-button\">Por Jocel\u00e2yne Bauer <\/a><\/div>\n<\/div>\n\n\n\n<p>O\u00a0munic\u00edpio de Monda\u00ed foi contemplado com 20 unidades habitacionais por meio do Programa Casa Catarina, iniciativa do Governo do Estado de Santa Catarina que visa proporcionar moradia digna a fam\u00edlias em situa\u00e7\u00e3o de vulnerabilidade social. As casas ser\u00e3o constru\u00eddas no bairro Capivara, com um investimento total de R$ 2.280.000,00, equivalente a R$ 114 mil por unidade.<\/p>\n\n\n\n<p>Para ter acesso ao programa, os munic\u00edpios devem disponibilizar terreno p\u00fablico de sua propriedade e garantir a execu\u00e7\u00e3o dos servi\u00e7os essenciais de infraestrutura, como rede de \u00e1gua pot\u00e1vel, energia el\u00e9trica, esgotamento sanit\u00e1rio e vias de acesso. Al\u00e9m disso, cabe \u00e0s administra\u00e7\u00f5es municipais a responsabilidade pela licita\u00e7\u00e3o, execu\u00e7\u00e3o e fiscaliza\u00e7\u00e3o da obra, conforme o projeto-padr\u00e3o fornecido pelo Governo do Estado.<\/p>\n\n\n\n<p>De acordo com o secret\u00e1rio de Planejamento, Marcos Felipe da Silva, o munic\u00edpio tamb\u00e9m ficar\u00e1 encarregado de selecionar as fam\u00edlias benefici\u00e1rias, com base nos crit\u00e9rios definidos pela Secretaria de Estado da Assist\u00eancia Social (SAS) e pelas diretrizes do programa.<\/p>\n\n\n\n<p>As fam\u00edlias interessadas em participar dever\u00e3o realizar cadastro junto \u00e0 Prefeitura de Monda\u00ed, respeitando o prazo que ser\u00e1 divulgado em breve pelos canais oficiais. Posteriormente, ser\u00e1 realizada uma an\u00e1lise t\u00e9cnica, com ranqueamento e sele\u00e7\u00e3o das fam\u00edlias aptas, conforme os crit\u00e9rios estabelecidos em edital. A rela\u00e7\u00e3o final dos inscritos ser\u00e1 publicada no Di\u00e1rio Oficial dos Munic\u00edpios de Santa Catarina, garantindo transpar\u00eancia e acesso p\u00fablico \u00e0s informa\u00e7\u00f5es.<\/p>\n\n\n\n<p>Para o prefeito Elizandro Mainardi, a conquista das 20 unidades representa um avan\u00e7o importante para o munic\u00edpio no enfrentamento ao d\u00e9ficit habitacional. \u201c<em>\u00c9 uma grande alegria poder anunciar esse investimento que vai transformar a vida de muitas fam\u00edlias mondaienses. A habita\u00e7\u00e3o \u00e9 um direito fundamental, e com o Programa Casa Catarina conseguimos dar mais um passo rumo \u00e0 dignidade e \u00e0 seguran\u00e7a para quem mais precisa<\/em>\u201d, destacou o prefeito.<\/p>\n","protected":false},"excerpt":{"rendered":"<p>O\u00a0munic\u00edpio de Monda\u00ed foi contemplado com 20 unidades habitacionais por meio do Programa Casa Catarina, iniciativa do Governo do Estado de Santa Catarina que visa proporcionar moradia digna a fam\u00edlias em situa\u00e7\u00e3o de vulnerabilidade social. As casas ser\u00e3o constru\u00eddas no bairro Capivara, com um investimento total de R$ 2.280.000,00, equivalente a R$ 114 mil por<\/p>\n","protected":false},"author":1,"featured_media":6968,"comment_status":"open","ping_status":"open","sticky":false,"template":"","format":"standard","meta":{"footnotes":""},"categories":[41],"tags":[],"class_list":{"0":"post-6970","1":"post","2":"type-post","3":"status-publish","4":"format-standard","5":"has-post-thumbnail","7":"category-noticias"},"_links":{"self":[{"href":"https:\/\/noticiarioregional.com.br\/index.php?rest_route=\/wp\/v2\/posts\/6970","targetHints":{"allow":["GET"]}}],"collection":[{"href":"https:\/\/noticiarioregional.com.br\/index.php?rest_route=\/wp\/v2\/posts"}],"about":[{"href":"https:\/\/noticiarioregional.com.br\/index.php?rest_route=\/wp\/v2\/types\/post"}],"author":[{"embeddable":true,"href":"https:\/\/noticiarioregional.com.br\/index.php?rest_route=\/wp\/v2\/users\/1"}],"replies":[{"embeddable":true,"href":"https:\/\/noticiarioregional.com.br\/index.php?rest_route=%2Fwp%2Fv2%2Fcomments&post=6970"}],"version-history":[{"count":1,"href":"https:\/\/noticiarioregional.com.br\/index.php?rest_route=\/wp\/v2\/posts\/6970\/revisions"}],"predecessor-version":[{"id":6971,"href":"https:\/\/noticiarioregional.com.br\/index.php?rest_route=\/wp\/v2\/posts\/6970\/revisions\/6971"}],"wp:featuredmedia":[{"embeddable":true,"href":"https:\/\/noticiarioregional.com.br\/index.php?rest_route=\/wp\/v2\/media\/6968"}],"wp:attachment":[{"href":"https:\/\/noticiarioregional.com.br\/index.php?rest_route=%2Fwp%2Fv2%2Fmedia&parent=6970"}],"wp:term":[{"taxonomy":"category","embeddable":true,"href":"https:\/\/noticiarioregional.com.br\/index.php?rest_route=%2Fwp%2Fv2%2Fcategories&post=6970"},{"taxonomy":"post_tag","embeddable":true,"href":"https:\/\/noticiarioregional.com.br\/index.php?rest_route=%2Fwp%2Fv2%2Ftags&post=6970"}],"curies":[{"name":"wp","href":"https:\/\/api.w.org\/{rel}","templated":true}]}}