{"id":6978,"date":"2025-07-17T11:03:13","date_gmt":"2025-07-17T14:03:13","guid":{"rendered":"https:\/\/noticiarioregional.com.br\/?p=6978"},"modified":"2025-07-17T11:03:15","modified_gmt":"2025-07-17T14:03:15","slug":"com-a-presenca-da-governadora-do-distrito-ld-8-lions-clube-ipora-do-oeste-empossa-novos-socios-e-diretoria-para-o-al-25-26","status":"publish","type":"post","link":"https:\/\/noticiarioregional.com.br\/?p=6978","title":{"rendered":"Com a presen\u00e7a da Governadora do Distrito LD-8, Lions Clube Ipor\u00e3 do Oeste empossa novos s\u00f3cios e diretoria para o AL 25\/26"},"content":{"rendered":"\n<p><em>Gilberto Schneiders assume presid\u00eancia do clube de servi\u00e7o no lugar da ex-presidente Adriane Jantsch Dal Bosco<\/em><\/p>\n\n\n\n<p><strong> <\/strong>A tarde fria e \u00famida do final de domingo, 29 de junho, foi marcada por muita emo\u00e7\u00e3o, homenagens e satisfa\u00e7\u00e3o pelo encerramento de mais um Ano Leon\u00edstico, AL 24\/25, pelo Lions Clube Ipor\u00e3 do Oeste, com grandes a\u00e7\u00f5es e feitos na comunidade.<\/p>\n\n\n\n<p>&nbsp;A solenidade de posse de novos associados e da diretoria para o AL 25\/26 foi realizada no Centro Multiuso e contou com a presen\u00e7a de lideran\u00e7as leon\u00edsticas dos munic\u00edpios de Monda\u00ed, S\u00e3o Jo\u00e3o do Oeste e Tun\u00e1polis, Governadora do Distrito LD-8 Sirlei Rigo e seu companheiro Sydney Rigo, presidente da Divis\u00e3o A- 2 Dircelei Arenhardt, associados do Lions Clube Ipor\u00e3 do Oeste, familiares, amigos, imprensa e autoridades municipais, como o prefeito Michel Barth, que tamb\u00e9m \u00e9 companheiro le\u00e3o, associado ao Lions Clube local.<\/p>\n\n\n\n<p>\u00a0Como primeiro ato da assembleia festiva aconteceu a posse dos novos associados que passam a integrar o Lions Clube Ipor\u00e3 do Oeste, a partir do dia 1\u00ba de julho de 2025. A Governador Sirlei Rigo conduziu o momento, dando posse aos seguintes novos companheiros e companheiras:<\/p>\n\n\n\n<ul class=\"wp-block-list\">\n<li><strong>Ilton Pedro Vogt e Erenisi Heller Vogt<\/strong><\/li>\n\n\n\n<li><strong>Michel Colling<\/strong><\/li>\n\n\n\n<li><strong>Sirlei Gauer<\/strong><\/li>\n\n\n\n<li><strong>Nilson Rambo e Jaqueline Meotti Rambo<\/strong><\/li>\n\n\n\n<li><strong>Simone de Souza<\/strong><\/li>\n\n\n\n<li><strong>Roberti Franzen<\/strong><\/li>\n\n\n\n<li><strong>Andr\u00e9ia Kist<\/strong><\/li>\n\n\n\n<li><strong>Ernani Walker e Maria Goreti Krein Walker<\/strong><\/li>\n<\/ul>\n\n\n\n<p><em>\u201c&#8230;voc\u00eas est\u00e3o se tornando parte de uma bel\u00edssima hist\u00f3ria de servi\u00e7os humanit\u00e1rios, somos uma institui\u00e7\u00e3o centen\u00e1ria, fundada por Melvin Jones em 1917. Somos mais de 1.400.000 mil associados em 210 pa\u00edses. Somos 750 Distritos no Mundo, contamos com mais de 49 mil clubes e nos comunicamos em 23 idiomas. Servidos a humanidade mais vulner\u00e1vel&#8230;\u201d,<\/em> destacou a Governadora Sirlei Rigo, durante o ato de posse.&nbsp;<\/p>\n\n\n\n<p>Ap\u00f3s, foi realizada a posse da nova diretoria para o AL 25\/26, assim composta:<\/p>\n\n\n\n<p><strong>Presidente:<\/strong> Gilberto Schneiders<\/p>\n\n\n\n<p><strong>1\u00aa Vice-presidente:<\/strong> Adriane Lorenzato<\/p>\n\n\n\n<p><strong>2\u00ba Vice-presidente:<\/strong> Fernando Biesdorf<\/p>\n\n\n\n<p><strong>Secret\u00e1ria:<\/strong> Cleides Sehn Melz<\/p>\n\n\n\n<p><strong>Vice-secret\u00e1ria:<\/strong> K\u00e1tia Anschau<\/p>\n\n\n\n<p><strong>Tesoureira:<\/strong> Maria Cladis Brand Back<\/p>\n\n\n\n<p><strong>Vice-tesoureiro:<\/strong> Cedi Ferro<\/p>\n\n\n\n<p>A solenidade ficou marcada ainda por homenagens e pronunciamentos. Ao final, foi servido um coffe, preparado pela equipe da Portal Noivas e Eventos.<\/p>\n\n\n\n<p><strong>Box no rodap\u00e9 da p\u00e1gina<\/strong><\/p>\n\n\n\n<p><strong>Adriane Jantsch Dal Bosco, presidente AL 24\/25<\/strong><\/p>\n\n\n\n<p>Em seu pronunciamento, a presidente do Lions Clube Ipor\u00e3 do Oeste, AL 2024\/2025, disse que encerra o ciclo a frente do clube de servi\u00e7o com o cora\u00e7\u00e3o pleno de gratid\u00e3o e emo\u00e7\u00e3o.<\/p>\n\n\n\n<p><em>\u201c&#8230;<\/em><em>nesse caminho, tive o privil\u00e9gio de contar com pessoas especiais que iluminaram minha jornada&#8230; Hoje, ao olhar para tr\u00e1s, vejo uma estrada trilhada com coragem, prop\u00f3sito, aprendizados e, acima de tudo, com muito cora\u00e7\u00e3o. Foram realizados eventos memor\u00e1veis, que ficar\u00e3o marcados na mem\u00f3ria de todos, n\u00e3o apenas pela organiza\u00e7\u00e3o ou pela participa\u00e7\u00e3o, mas pela ess\u00eancia que os envolveu, campanhas pautadas na solidariedade, na empatia e na verdadeira humanidade. Como disse Melvin Jones, \u201cn\u00e3o podemos alcan\u00e7ar grandes mudan\u00e7as no mundo sem antes transformar nossos pr\u00f3prios cora\u00e7\u00f5es\u201d. Que voc\u00eas mantenham essa chama sempre acesa&#8230;\u201d,<\/em> disse.<\/p>\n\n\n\n<p><strong>Gilberto Schneiders, presidente AL 25\/26<\/strong><\/p>\n\n\n\n<p><em>\u201c&#8230;agradecer do fundo do meu cora\u00e7\u00e3o por confiarem em mim, para assumir essa nobre miss\u00e3o. \u00c9 com enorme prazer que assumo esse compromisso&#8230;&nbsp; Dizer a voc\u00eas, que aprendo muito no Lions, fiz muitas amizades e desenvolvi a esperan\u00e7a de um mundo melhor para n\u00f3s, para nossos filhos e netos. E a acreditar de verdade que a vida \u00e9 uma corrente do bem, e se a gente pratica o bem de uma forma ou outra essa corrente conspira com a gente.<\/em><\/p>\n\n\n\n<p><em>Com o lema, \u2018Servir com orgulho, transformar com amor\u201d, pretendemos durante o nosso AL 25\/26 focar em melhorar a sa\u00fade mental e bem-estar da nossa sociedade, pois sabemos que \u00e9 uma necessidade real.&nbsp; Agradecer a Deus por vivermos num lugar muito diferenciado que \u00e9 Ipor\u00e3 do Oeste, dizer a n\u00f3s mesmos que aqui \u00e9 o melhor lugar do mundo para se viver, vivemos na terra da \u00e1gua boa, a abund\u00e2ncia \u00e9 de grande fartura, temos \u00f3timas amizades, temos um povo muito unido, e dessa forma nos tornamos refer\u00eancia. Acreditar de verdade num futuro muito promissor da nossa cidade, onde a uni\u00e3o a alegria e a bondade se multiplicam&#8230;\u201d, <\/em>disse o novo presidente do Lions Clube Ipor\u00e3 do Oeste, Gilberto Schneiders.<\/p>\n\n\n\n<figure class=\"wp-block-gallery has-nested-images columns-default is-cropped wp-block-gallery-1 is-layout-flex wp-block-gallery-is-layout-flex\">\n<figure class=\"wp-block-image size-large\"><img fetchpriority=\"high\" decoding=\"async\" width=\"1024\" height=\"683\" data-id=\"6980\" src=\"https:\/\/noticiarioregional.com.br\/wp-content\/uploads\/2025\/07\/Voluntarios-familiares-autoridades-municipais-e-demais-convidados-1024x683.jpg\" alt=\"\" class=\"wp-image-6980\" srcset=\"https:\/\/noticiarioregional.com.br\/wp-content\/uploads\/2025\/07\/Voluntarios-familiares-autoridades-municipais-e-demais-convidados-1024x683.jpg 1024w, https:\/\/noticiarioregional.com.br\/wp-content\/uploads\/2025\/07\/Voluntarios-familiares-autoridades-municipais-e-demais-convidados-300x200.jpg 300w, https:\/\/noticiarioregional.com.br\/wp-content\/uploads\/2025\/07\/Voluntarios-familiares-autoridades-municipais-e-demais-convidados-768x512.jpg 768w, https:\/\/noticiarioregional.com.br\/wp-content\/uploads\/2025\/07\/Voluntarios-familiares-autoridades-municipais-e-demais-convidados-1536x1024.jpg 1536w, https:\/\/noticiarioregional.com.br\/wp-content\/uploads\/2025\/07\/Voluntarios-familiares-autoridades-municipais-e-demais-convidados-2048x1365.jpg 2048w, https:\/\/noticiarioregional.com.br\/wp-content\/uploads\/2025\/07\/Voluntarios-familiares-autoridades-municipais-e-demais-convidados-150x100.jpg 150w, https:\/\/noticiarioregional.com.br\/wp-content\/uploads\/2025\/07\/Voluntarios-familiares-autoridades-municipais-e-demais-convidados-450x300.jpg 450w, https:\/\/noticiarioregional.com.br\/wp-content\/uploads\/2025\/07\/Voluntarios-familiares-autoridades-municipais-e-demais-convidados-1200x800.jpg 1200w\" sizes=\"(max-width: 1024px) 100vw, 1024px\" \/><\/figure>\n\n\n\n<figure class=\"wp-block-image size-large\"><img decoding=\"async\" width=\"1024\" height=\"683\" data-id=\"6982\" src=\"https:\/\/noticiarioregional.com.br\/wp-content\/uploads\/2025\/07\/Adriane-Jantsch-Dal-Bosco-presidente-AL-24-25-1024x683.jpg\" alt=\"\" class=\"wp-image-6982\" srcset=\"https:\/\/noticiarioregional.com.br\/wp-content\/uploads\/2025\/07\/Adriane-Jantsch-Dal-Bosco-presidente-AL-24-25-1024x683.jpg 1024w, https:\/\/noticiarioregional.com.br\/wp-content\/uploads\/2025\/07\/Adriane-Jantsch-Dal-Bosco-presidente-AL-24-25-300x200.jpg 300w, https:\/\/noticiarioregional.com.br\/wp-content\/uploads\/2025\/07\/Adriane-Jantsch-Dal-Bosco-presidente-AL-24-25-768x512.jpg 768w, https:\/\/noticiarioregional.com.br\/wp-content\/uploads\/2025\/07\/Adriane-Jantsch-Dal-Bosco-presidente-AL-24-25-1536x1024.jpg 1536w, https:\/\/noticiarioregional.com.br\/wp-content\/uploads\/2025\/07\/Adriane-Jantsch-Dal-Bosco-presidente-AL-24-25-2048x1365.jpg 2048w, https:\/\/noticiarioregional.com.br\/wp-content\/uploads\/2025\/07\/Adriane-Jantsch-Dal-Bosco-presidente-AL-24-25-150x100.jpg 150w, https:\/\/noticiarioregional.com.br\/wp-content\/uploads\/2025\/07\/Adriane-Jantsch-Dal-Bosco-presidente-AL-24-25-450x300.jpg 450w, https:\/\/noticiarioregional.com.br\/wp-content\/uploads\/2025\/07\/Adriane-Jantsch-Dal-Bosco-presidente-AL-24-25-1200x800.jpg 1200w\" sizes=\"(max-width: 1024px) 100vw, 1024px\" \/><\/figure>\n\n\n\n<figure class=\"wp-block-image size-large\"><img decoding=\"async\" width=\"1024\" height=\"683\" data-id=\"6983\" src=\"https:\/\/noticiarioregional.com.br\/wp-content\/uploads\/2025\/07\/Gilberto-Schneiders-presidente-empossado-para-o-AL-2025-2026-1024x683.jpg\" alt=\"\" class=\"wp-image-6983\" srcset=\"https:\/\/noticiarioregional.com.br\/wp-content\/uploads\/2025\/07\/Gilberto-Schneiders-presidente-empossado-para-o-AL-2025-2026-1024x683.jpg 1024w, https:\/\/noticiarioregional.com.br\/wp-content\/uploads\/2025\/07\/Gilberto-Schneiders-presidente-empossado-para-o-AL-2025-2026-300x200.jpg 300w, https:\/\/noticiarioregional.com.br\/wp-content\/uploads\/2025\/07\/Gilberto-Schneiders-presidente-empossado-para-o-AL-2025-2026-768x512.jpg 768w, https:\/\/noticiarioregional.com.br\/wp-content\/uploads\/2025\/07\/Gilberto-Schneiders-presidente-empossado-para-o-AL-2025-2026-1536x1024.jpg 1536w, https:\/\/noticiarioregional.com.br\/wp-content\/uploads\/2025\/07\/Gilberto-Schneiders-presidente-empossado-para-o-AL-2025-2026-2048x1365.jpg 2048w, https:\/\/noticiarioregional.com.br\/wp-content\/uploads\/2025\/07\/Gilberto-Schneiders-presidente-empossado-para-o-AL-2025-2026-150x100.jpg 150w, https:\/\/noticiarioregional.com.br\/wp-content\/uploads\/2025\/07\/Gilberto-Schneiders-presidente-empossado-para-o-AL-2025-2026-450x300.jpg 450w, https:\/\/noticiarioregional.com.br\/wp-content\/uploads\/2025\/07\/Gilberto-Schneiders-presidente-empossado-para-o-AL-2025-2026-1200x800.jpg 1200w\" sizes=\"(max-width: 1024px) 100vw, 1024px\" \/><\/figure>\n\n\n\n<figure class=\"wp-block-image size-large\"><img loading=\"lazy\" decoding=\"async\" width=\"1024\" height=\"683\" data-id=\"6984\" src=\"https:\/\/noticiarioregional.com.br\/wp-content\/uploads\/2025\/07\/Governadora-do-Distrito-LD-8-Sirlei-Rigo-empossou-nova-diretoria-do-Lions-Clube-Ipora-do-Oeste-1024x683.jpg\" alt=\"\" class=\"wp-image-6984\" srcset=\"https:\/\/noticiarioregional.com.br\/wp-content\/uploads\/2025\/07\/Governadora-do-Distrito-LD-8-Sirlei-Rigo-empossou-nova-diretoria-do-Lions-Clube-Ipora-do-Oeste-1024x683.jpg 1024w, https:\/\/noticiarioregional.com.br\/wp-content\/uploads\/2025\/07\/Governadora-do-Distrito-LD-8-Sirlei-Rigo-empossou-nova-diretoria-do-Lions-Clube-Ipora-do-Oeste-300x200.jpg 300w, https:\/\/noticiarioregional.com.br\/wp-content\/uploads\/2025\/07\/Governadora-do-Distrito-LD-8-Sirlei-Rigo-empossou-nova-diretoria-do-Lions-Clube-Ipora-do-Oeste-768x512.jpg 768w, https:\/\/noticiarioregional.com.br\/wp-content\/uploads\/2025\/07\/Governadora-do-Distrito-LD-8-Sirlei-Rigo-empossou-nova-diretoria-do-Lions-Clube-Ipora-do-Oeste-1536x1024.jpg 1536w, https:\/\/noticiarioregional.com.br\/wp-content\/uploads\/2025\/07\/Governadora-do-Distrito-LD-8-Sirlei-Rigo-empossou-nova-diretoria-do-Lions-Clube-Ipora-do-Oeste-2048x1365.jpg 2048w, https:\/\/noticiarioregional.com.br\/wp-content\/uploads\/2025\/07\/Governadora-do-Distrito-LD-8-Sirlei-Rigo-empossou-nova-diretoria-do-Lions-Clube-Ipora-do-Oeste-150x100.jpg 150w, https:\/\/noticiarioregional.com.br\/wp-content\/uploads\/2025\/07\/Governadora-do-Distrito-LD-8-Sirlei-Rigo-empossou-nova-diretoria-do-Lions-Clube-Ipora-do-Oeste-450x300.jpg 450w, https:\/\/noticiarioregional.com.br\/wp-content\/uploads\/2025\/07\/Governadora-do-Distrito-LD-8-Sirlei-Rigo-empossou-nova-diretoria-do-Lions-Clube-Ipora-do-Oeste-1200x800.jpg 1200w\" sizes=\"(max-width: 1024px) 100vw, 1024px\" \/><\/figure>\n\n\n\n<figure class=\"wp-block-image size-large\"><img loading=\"lazy\" decoding=\"async\" width=\"1024\" height=\"683\" data-id=\"6986\" src=\"https:\/\/noticiarioregional.com.br\/wp-content\/uploads\/2025\/07\/Momento-da-posse-dos-novos-socios-1024x683.jpg\" alt=\"\" class=\"wp-image-6986\" srcset=\"https:\/\/noticiarioregional.com.br\/wp-content\/uploads\/2025\/07\/Momento-da-posse-dos-novos-socios-1024x683.jpg 1024w, https:\/\/noticiarioregional.com.br\/wp-content\/uploads\/2025\/07\/Momento-da-posse-dos-novos-socios-300x200.jpg 300w, https:\/\/noticiarioregional.com.br\/wp-content\/uploads\/2025\/07\/Momento-da-posse-dos-novos-socios-768x512.jpg 768w, https:\/\/noticiarioregional.com.br\/wp-content\/uploads\/2025\/07\/Momento-da-posse-dos-novos-socios-1536x1024.jpg 1536w, https:\/\/noticiarioregional.com.br\/wp-content\/uploads\/2025\/07\/Momento-da-posse-dos-novos-socios-2048x1365.jpg 2048w, https:\/\/noticiarioregional.com.br\/wp-content\/uploads\/2025\/07\/Momento-da-posse-dos-novos-socios-150x100.jpg 150w, https:\/\/noticiarioregional.com.br\/wp-content\/uploads\/2025\/07\/Momento-da-posse-dos-novos-socios-450x300.jpg 450w, https:\/\/noticiarioregional.com.br\/wp-content\/uploads\/2025\/07\/Momento-da-posse-dos-novos-socios-1200x800.jpg 1200w\" sizes=\"(max-width: 1024px) 100vw, 1024px\" \/><\/figure>\n\n\n\n<figure class=\"wp-block-image size-large\"><img loading=\"lazy\" decoding=\"async\" width=\"1024\" height=\"683\" data-id=\"6987\" src=\"https:\/\/noticiarioregional.com.br\/wp-content\/uploads\/2025\/07\/Ex-presidente-Adriane-entrega-o-sino-ao-novo-presidente-Gilberto-marcando-o-fim-do-AL-24-25-e-inicio-do-AL-25-26-1024x683.jpg\" alt=\"\" class=\"wp-image-6987\" srcset=\"https:\/\/noticiarioregional.com.br\/wp-content\/uploads\/2025\/07\/Ex-presidente-Adriane-entrega-o-sino-ao-novo-presidente-Gilberto-marcando-o-fim-do-AL-24-25-e-inicio-do-AL-25-26-1024x683.jpg 1024w, https:\/\/noticiarioregional.com.br\/wp-content\/uploads\/2025\/07\/Ex-presidente-Adriane-entrega-o-sino-ao-novo-presidente-Gilberto-marcando-o-fim-do-AL-24-25-e-inicio-do-AL-25-26-300x200.jpg 300w, https:\/\/noticiarioregional.com.br\/wp-content\/uploads\/2025\/07\/Ex-presidente-Adriane-entrega-o-sino-ao-novo-presidente-Gilberto-marcando-o-fim-do-AL-24-25-e-inicio-do-AL-25-26-768x512.jpg 768w, https:\/\/noticiarioregional.com.br\/wp-content\/uploads\/2025\/07\/Ex-presidente-Adriane-entrega-o-sino-ao-novo-presidente-Gilberto-marcando-o-fim-do-AL-24-25-e-inicio-do-AL-25-26-1536x1024.jpg 1536w, https:\/\/noticiarioregional.com.br\/wp-content\/uploads\/2025\/07\/Ex-presidente-Adriane-entrega-o-sino-ao-novo-presidente-Gilberto-marcando-o-fim-do-AL-24-25-e-inicio-do-AL-25-26-2048x1365.jpg 2048w, https:\/\/noticiarioregional.com.br\/wp-content\/uploads\/2025\/07\/Ex-presidente-Adriane-entrega-o-sino-ao-novo-presidente-Gilberto-marcando-o-fim-do-AL-24-25-e-inicio-do-AL-25-26-150x100.jpg 150w, https:\/\/noticiarioregional.com.br\/wp-content\/uploads\/2025\/07\/Ex-presidente-Adriane-entrega-o-sino-ao-novo-presidente-Gilberto-marcando-o-fim-do-AL-24-25-e-inicio-do-AL-25-26-450x300.jpg 450w, https:\/\/noticiarioregional.com.br\/wp-content\/uploads\/2025\/07\/Ex-presidente-Adriane-entrega-o-sino-ao-novo-presidente-Gilberto-marcando-o-fim-do-AL-24-25-e-inicio-do-AL-25-26-1200x800.jpg 1200w\" sizes=\"(max-width: 1024px) 100vw, 1024px\" \/><\/figure>\n\n\n\n<figure class=\"wp-block-image size-large\"><img loading=\"lazy\" decoding=\"async\" width=\"1024\" height=\"683\" data-id=\"6989\" src=\"https:\/\/noticiarioregional.com.br\/wp-content\/uploads\/2025\/07\/Prefeito-Michel-que-tambem-e-socio-do-clube-de-servico-enalteceu-acoes-dos-voluntarios-neste-seis-anos-de-historia-1024x683.jpg\" alt=\"\" class=\"wp-image-6989\" srcset=\"https:\/\/noticiarioregional.com.br\/wp-content\/uploads\/2025\/07\/Prefeito-Michel-que-tambem-e-socio-do-clube-de-servico-enalteceu-acoes-dos-voluntarios-neste-seis-anos-de-historia-1024x683.jpg 1024w, https:\/\/noticiarioregional.com.br\/wp-content\/uploads\/2025\/07\/Prefeito-Michel-que-tambem-e-socio-do-clube-de-servico-enalteceu-acoes-dos-voluntarios-neste-seis-anos-de-historia-300x200.jpg 300w, https:\/\/noticiarioregional.com.br\/wp-content\/uploads\/2025\/07\/Prefeito-Michel-que-tambem-e-socio-do-clube-de-servico-enalteceu-acoes-dos-voluntarios-neste-seis-anos-de-historia-768x512.jpg 768w, https:\/\/noticiarioregional.com.br\/wp-content\/uploads\/2025\/07\/Prefeito-Michel-que-tambem-e-socio-do-clube-de-servico-enalteceu-acoes-dos-voluntarios-neste-seis-anos-de-historia-1536x1024.jpg 1536w, https:\/\/noticiarioregional.com.br\/wp-content\/uploads\/2025\/07\/Prefeito-Michel-que-tambem-e-socio-do-clube-de-servico-enalteceu-acoes-dos-voluntarios-neste-seis-anos-de-historia-2048x1365.jpg 2048w, https:\/\/noticiarioregional.com.br\/wp-content\/uploads\/2025\/07\/Prefeito-Michel-que-tambem-e-socio-do-clube-de-servico-enalteceu-acoes-dos-voluntarios-neste-seis-anos-de-historia-150x100.jpg 150w, https:\/\/noticiarioregional.com.br\/wp-content\/uploads\/2025\/07\/Prefeito-Michel-que-tambem-e-socio-do-clube-de-servico-enalteceu-acoes-dos-voluntarios-neste-seis-anos-de-historia-450x300.jpg 450w, https:\/\/noticiarioregional.com.br\/wp-content\/uploads\/2025\/07\/Prefeito-Michel-que-tambem-e-socio-do-clube-de-servico-enalteceu-acoes-dos-voluntarios-neste-seis-anos-de-historia-1200x800.jpg 1200w\" sizes=\"(max-width: 1024px) 100vw, 1024px\" \/><\/figure>\n<\/figure>\n\n\n\n<p><\/p>\n","protected":false},"excerpt":{"rendered":"<p>Gilberto Schneiders assume presid\u00eancia do clube de servi\u00e7o no lugar da ex-presidente Adriane Jantsch Dal Bosco A tarde fria e \u00famida do final de domingo, 29 de junho, foi marcada por muita emo\u00e7\u00e3o, homenagens e satisfa\u00e7\u00e3o pelo encerramento de mais um Ano Leon\u00edstico, AL 24\/25, pelo Lions Clube Ipor\u00e3 do Oeste, com grandes a\u00e7\u00f5es e<\/p>\n","protected":false},"author":1,"featured_media":6980,"comment_status":"open","ping_status":"open","sticky":false,"template":"","format":"standard","meta":{"footnotes":""},"categories":[41],"tags":[],"class_list":{"0":"post-6978","1":"post","2":"type-post","3":"status-publish","4":"format-standard","5":"has-post-thumbnail","7":"category-noticias"},"_links":{"self":[{"href":"https:\/\/noticiarioregional.com.br\/index.php?rest_route=\/wp\/v2\/posts\/6978","targetHints":{"allow":["GET"]}}],"collection":[{"href":"https:\/\/noticiarioregional.com.br\/index.php?rest_route=\/wp\/v2\/posts"}],"about":[{"href":"https:\/\/noticiarioregional.com.br\/index.php?rest_route=\/wp\/v2\/types\/post"}],"author":[{"embeddable":true,"href":"https:\/\/noticiarioregional.com.br\/index.php?rest_route=\/wp\/v2\/users\/1"}],"replies":[{"embeddable":true,"href":"https:\/\/noticiarioregional.com.br\/index.php?rest_route=%2Fwp%2Fv2%2Fcomments&post=6978"}],"version-history":[{"count":1,"href":"https:\/\/noticiarioregional.com.br\/index.php?rest_route=\/wp\/v2\/posts\/6978\/revisions"}],"predecessor-version":[{"id":6990,"href":"https:\/\/noticiarioregional.com.br\/index.php?rest_route=\/wp\/v2\/posts\/6978\/revisions\/6990"}],"wp:featuredmedia":[{"embeddable":true,"href":"https:\/\/noticiarioregional.com.br\/index.php?rest_route=\/wp\/v2\/media\/6980"}],"wp:attachment":[{"href":"https:\/\/noticiarioregional.com.br\/index.php?rest_route=%2Fwp%2Fv2%2Fmedia&parent=6978"}],"wp:term":[{"taxonomy":"category","embeddable":true,"href":"https:\/\/noticiarioregional.com.br\/index.php?rest_route=%2Fwp%2Fv2%2Fcategories&post=6978"},{"taxonomy":"post_tag","embeddable":true,"href":"https:\/\/noticiarioregional.com.br\/index.php?rest_route=%2Fwp%2Fv2%2Ftags&post=6978"}],"curies":[{"name":"wp","href":"https:\/\/api.w.org\/{rel}","templated":true}]}}