{"id":6979,"date":"2025-07-17T11:01:33","date_gmt":"2025-07-17T14:01:33","guid":{"rendered":"https:\/\/noticiarioregional.com.br\/?p=6979"},"modified":"2025-07-17T11:02:18","modified_gmt":"2025-07-17T14:02:18","slug":"ginasio-municipal-harri-leo-dreger","status":"publish","type":"post","link":"https:\/\/noticiarioregional.com.br\/?p=6979","title":{"rendered":"Gin\u00e1sio Municipal Harri L\u00e9o Dreger"},"content":{"rendered":"\n<div class=\"wp-block-buttons is-layout-flex wp-block-buttons-is-layout-flex\">\n<div class=\"wp-block-button\"><a class=\"wp-block-button__link wp-element-button\">Por Jocel\u00e2yne Bauer<\/a><\/div>\n<\/div>\n\n\n\n<p><strong>Monda\u00ed \u2013 <\/strong>Na noite de quinta-feira, 26 de junho, foi realizado um ato solene de descerramento da placa inaugural do nome do Gin\u00e1sio Municipal Harri L\u00e9o Dreger, onde a partir daquele momento, passou a levar o nome de um dos grandes idealizadores da hist\u00f3ria do munic\u00edpio.\u00a0 Estiveram presentes, autoridades locais e familiares do homenageado. Tiveram oportunidade de fala, o ex-prefeito, Valdir Rubert, o Dile, que declarou ser uma noite especial. \u201c<em>Estamos aqui, homenageando uma pessoa, que pelo seu curr\u00edculo, mesmo n\u00e3o nascendo em Monda\u00ed, mas fez de Monda\u00ed, sua terra do cora\u00e7\u00e3o, criou sua fam\u00edlia, e principalmente fez um trabalho na \u00e1rea p\u00fablica, nessa escola, juntamente com outros mondaienses, buscaram sempre o melhor para a nossa antiga CNEC<\/em>. (&#8230;) <em>Dona Gisela, de cora\u00e7\u00e3o, receba essa grande homenagem, para um grande mondaiense, seu esposo, e tenha certeza que estamos aqui, apenas retribuindo um pouquinho, daquilo que ele fez por Monda\u00ed<\/em>.\u201d<\/p>\n\n\n\n<p>&nbsp;&nbsp;&nbsp;&nbsp;&nbsp;&nbsp;&nbsp;&nbsp;&nbsp;&nbsp;&nbsp; Dona Gisela, esposa de seu Harri L\u00e9o Dreger, tamb\u00e9m recebeu a oportunidade de se pronunciar e declarou estar muito emocionada com aquele gesto e agradeceu a presen\u00e7a de todos. \u201c<em>Com certeza, o Harri l\u00e1 na outra exist\u00eancia est\u00e1 vendo esse ato surpreendente e n\u00f3s da fam\u00edlia nos sentimos muito honrados. Com a vinda do Harri para Monda\u00ed, ele adquiriu este ch\u00e3o como sua morada, e eu como mondaiense, amo este ch\u00e3o, me orgulho com o crescimento que a gente percebe a cada dia que passa. N\u00f3s todos, da fam\u00edlia Dreger, agradecemos o carinho de todos<\/em>.\u201d<\/p>\n\n\n\n<figure class=\"wp-block-image size-large\"><img fetchpriority=\"high\" decoding=\"async\" width=\"1024\" height=\"683\" src=\"https:\/\/noticiarioregional.com.br\/wp-content\/uploads\/2025\/07\/Placa-1-1024x683.jpg\" alt=\"\" class=\"wp-image-6985\" srcset=\"https:\/\/noticiarioregional.com.br\/wp-content\/uploads\/2025\/07\/Placa-1-1024x683.jpg 1024w, https:\/\/noticiarioregional.com.br\/wp-content\/uploads\/2025\/07\/Placa-1-300x200.jpg 300w, https:\/\/noticiarioregional.com.br\/wp-content\/uploads\/2025\/07\/Placa-1-768x512.jpg 768w, https:\/\/noticiarioregional.com.br\/wp-content\/uploads\/2025\/07\/Placa-1-1536x1024.jpg 1536w, https:\/\/noticiarioregional.com.br\/wp-content\/uploads\/2025\/07\/Placa-1-2048x1365.jpg 2048w, https:\/\/noticiarioregional.com.br\/wp-content\/uploads\/2025\/07\/Placa-1-150x100.jpg 150w, https:\/\/noticiarioregional.com.br\/wp-content\/uploads\/2025\/07\/Placa-1-450x300.jpg 450w, https:\/\/noticiarioregional.com.br\/wp-content\/uploads\/2025\/07\/Placa-1-1200x800.jpg 1200w\" sizes=\"(max-width: 1024px) 100vw, 1024px\" \/><\/figure>\n\n\n\n<p>&nbsp;&nbsp;&nbsp;&nbsp;&nbsp;&nbsp;&nbsp;&nbsp;&nbsp;&nbsp;&nbsp; O prefeito, Elizandro Mainardi, cumprimentou a todos, agradeceu ao ex-prefeito Dile, e ao ex-secret\u00e1rio, Chile, pelo empenho e pela restaura\u00e7\u00e3o feita no gin\u00e1sio durante a gest\u00e3o passada. \u201c<em>\u00c9 fruto de um trabalho que vem sendo desenvolvido desde 2017, com muito planejamento e responsabilidade. Mas falar sobre o dia de hoje, agradecer a Dona Gisela, e ao seu Harri, que hoje n\u00e3o est\u00e1 mais aqui, mas acredito que o pouco que a gente pode fazer no dia de hoje, \u00e9 prestar uma homenagem dessas para a sua fam\u00edlia, e dizer que, com certeza, pessoas como Harri, foram espelhos e servem de exemplo para todos&#8230;\u201d.<\/em><\/p>\n\n\n\n<p>&nbsp;&nbsp;&nbsp;&nbsp;&nbsp;&nbsp;&nbsp;&nbsp;&nbsp;&nbsp;&nbsp; Ap\u00f3s os pronunciamentos, foi realizado o ato de descerramento da placa, que oficializou o nome do espa\u00e7o esportivo. Em seguida, o p\u00fablico presente pode prestigiar apresenta\u00e7\u00f5es art\u00edsticas e foi servido um coffebreak.<\/p>\n\n\n\n<p><strong>BOX: <\/strong><strong>Sobre Harri L\u00e9o Dreger<\/strong><\/p>\n\n\n\n<p>Harri L\u00e9o Dreger, natural de Santo \u00c2ngelo, Rio Grande do Sul, chegou a Monda\u00ed para trabalhar na Cia de Fumos Santa Cruz, trabalhador incans\u00e1vel, atuava tamb\u00e9m no Hotel local e na contabilidade de Arnaldo Cardinal.<\/p>\n\n\n\n<p>Em abril de 1959 conheceu Gisela Dreger, com quem se casou em 1960. Mesmo com o fechamento da Cia de Fumos, decidiu permanecer em Monda\u00ed e foi convidado a ser secret\u00e1rio, pelos prefeitos Ricardo Br\u00fcgemann e Artur Deiss.<\/p>\n\n\n\n<p>Sonhava em instalar uma r\u00e1dio em Monda\u00ed, sonho que se concretizou com a funda\u00e7\u00e3o da R\u00e1dio Uirapuru, que mais tarde se tornou a R\u00e1dio Porto Feliz. Harri L\u00e9o Dreger tamb\u00e9m sempre esteve muito presente em causas comunit\u00e1rias, atuou em igrejas, em conselhos e foi vereador por tr\u00eas mandatos, sem remunera\u00e7\u00e3o. Foi um dos respons\u00e1veis por trazer para o munic\u00edpio o ensino do 2\u00ba grau por meio da escola CNEC, onde tamb\u00e9m foi o presidente. O atual gin\u00e1sio, que agora leva o seu nome, pertencia \u00e0 CNEC e foi doado ao munic\u00edpio.<\/p>\n","protected":false},"excerpt":{"rendered":"<p>Monda\u00ed \u2013 Na noite de quinta-feira, 26 de junho, foi realizado um ato solene de descerramento da placa inaugural do nome do Gin\u00e1sio Municipal Harri L\u00e9o Dreger, onde a partir daquele momento, passou a levar o nome de um dos grandes idealizadores da hist\u00f3ria do munic\u00edpio.\u00a0 Estiveram presentes, autoridades locais e familiares do homenageado. Tiveram<\/p>\n","protected":false},"author":1,"featured_media":6981,"comment_status":"open","ping_status":"open","sticky":false,"template":"","format":"standard","meta":{"footnotes":""},"categories":[41],"tags":[],"class_list":{"0":"post-6979","1":"post","2":"type-post","3":"status-publish","4":"format-standard","5":"has-post-thumbnail","7":"category-noticias"},"_links":{"self":[{"href":"https:\/\/noticiarioregional.com.br\/index.php?rest_route=\/wp\/v2\/posts\/6979","targetHints":{"allow":["GET"]}}],"collection":[{"href":"https:\/\/noticiarioregional.com.br\/index.php?rest_route=\/wp\/v2\/posts"}],"about":[{"href":"https:\/\/noticiarioregional.com.br\/index.php?rest_route=\/wp\/v2\/types\/post"}],"author":[{"embeddable":true,"href":"https:\/\/noticiarioregional.com.br\/index.php?rest_route=\/wp\/v2\/users\/1"}],"replies":[{"embeddable":true,"href":"https:\/\/noticiarioregional.com.br\/index.php?rest_route=%2Fwp%2Fv2%2Fcomments&post=6979"}],"version-history":[{"count":1,"href":"https:\/\/noticiarioregional.com.br\/index.php?rest_route=\/wp\/v2\/posts\/6979\/revisions"}],"predecessor-version":[{"id":6988,"href":"https:\/\/noticiarioregional.com.br\/index.php?rest_route=\/wp\/v2\/posts\/6979\/revisions\/6988"}],"wp:featuredmedia":[{"embeddable":true,"href":"https:\/\/noticiarioregional.com.br\/index.php?rest_route=\/wp\/v2\/media\/6981"}],"wp:attachment":[{"href":"https:\/\/noticiarioregional.com.br\/index.php?rest_route=%2Fwp%2Fv2%2Fmedia&parent=6979"}],"wp:term":[{"taxonomy":"category","embeddable":true,"href":"https:\/\/noticiarioregional.com.br\/index.php?rest_route=%2Fwp%2Fv2%2Fcategories&post=6979"},{"taxonomy":"post_tag","embeddable":true,"href":"https:\/\/noticiarioregional.com.br\/index.php?rest_route=%2Fwp%2Fv2%2Ftags&post=6979"}],"curies":[{"name":"wp","href":"https:\/\/api.w.org\/{rel}","templated":true}]}}