{"id":7010,"date":"2025-07-18T16:03:08","date_gmt":"2025-07-18T19:03:08","guid":{"rendered":"https:\/\/noticiarioregional.com.br\/?p=7010"},"modified":"2025-07-18T16:08:53","modified_gmt":"2025-07-18T19:08:53","slug":"secretaria-de-educacao-de-belmonte-tera-formacao-com-os-profissionais-durante-recesso-escolar","status":"publish","type":"post","link":"https:\/\/noticiarioregional.com.br\/?p=7010","title":{"rendered":"Secretaria de Educa\u00e7\u00e3o de Belmonte ter\u00e1 forma\u00e7\u00e3o com os profissionais durante recesso escolar"},"content":{"rendered":"\n<p>As escolas da rede municipal de ensino de Belmonte ter\u00e3o o recesso escolar de inverno entre os dias 21 de julho a 03 de agosto. A secret\u00e1ria, Marizete F\u00e1tima Basso Trevizan, destaca que as aulas ser\u00e3o retomadas normalmente no dia 4 de agosto. Comenta que a secretaria ir\u00e1 aproveitar o per\u00edodo de recesso para proporcionar forma\u00e7\u00f5es e momentos de planejamento com os profissionais da educa\u00e7\u00e3o.<\/p>\n\n\n\n<p>No dia 21 de julho haver\u00e1 forma\u00e7\u00e3o para professores da educa\u00e7\u00e3o infantil e anos iniciais, com os temas: \u201c<em>alfabetiza\u00e7\u00e3o e consci\u00eancia fonol\u00f3gica<\/em> e<em> recomposi\u00e7\u00e3o da aprendizagem\u201d.<\/em> No dia 22 a forma\u00e7\u00e3o ser\u00e1 para profissionais do ensino fundamental, com leitura dos resultados das avalia\u00e7\u00f5es e elabora\u00e7\u00e3o do plano de a\u00e7\u00e3o para o segundo semestre. Neste dia tamb\u00e9m haver\u00e1 entrega das avalia\u00e7\u00f5es da educa\u00e7\u00e3o infantil e an\u00e1lise dos resultados. Os dias 23 e 24 de julho ser\u00e3o dedicados para o planejamento pedag\u00f3gico<strong>.<\/strong><\/p>\n\n\n\n<p>A secret\u00e1ria comenta que apesar do curto per\u00edodo de recesso, ser\u00e3o realizadas a\u00e7\u00f5es de manuten\u00e7\u00e3o preventiva nas escolas, como a dedetiza\u00e7\u00e3o de todos os ambientes escolares e a limpeza das caixas de \u00e1gua.<strong> <\/strong>Marizete ressalta que a secretaria de Educa\u00e7\u00e3o avalia o semestre como muito positivo, destacando a realiza\u00e7\u00e3o de todas as a\u00e7\u00f5es planejadas para o per\u00edodo. <em>\u201cEstou muito feliz com os resultados. Tudo o que hav\u00edamos tra\u00e7ado como meta foi conclu\u00eddo com sucesso\u201d,<\/em> afirma.<\/p>\n\n\n\n<p>Para o segundo semestre, a secret\u00e1ria lembra que n\u00e3o est\u00e3o previstas mudan\u00e7as e ser\u00e1 seguido o cronograma j\u00e1 previsto. Entre os eventos e a\u00e7\u00f5es previstas para o restante do ano letivo, cita as paradas pedag\u00f3gicas, conselhos de classe, a realiza\u00e7\u00e3o da Semana do Meio Ambiente, a Semana da Independ\u00eancia do Brasil, a Semana da Crian\u00e7a, o Dia do Professor, a formatura do Pr\u00e9-escolar, e a execu\u00e7\u00e3o do programa PROERD e do projeto Bombeiro Mirim.<\/p>\n\n\n\n<p>A rede municipal de Belmonte atende aproximadamente 325 crian\u00e7as, distribu\u00eddas em tr\u00eas unidades escolares, o CMEI Pingo de Ouro, o CMEF Professor Jo\u00e3o Revers e a Escola Isolada Linha Bela Uni\u00e3o \/ Jardim de Inf\u00e2ncia Estrelinha.<\/p>\n\n\n\n<figure class=\"wp-block-image size-large\"><img fetchpriority=\"high\" decoding=\"async\" width=\"768\" height=\"1024\" src=\"http:\/\/noticiarioregional.com.br\/wp-content\/uploads\/2025\/07\/bf1c37e7-9324-40e7-bc5e-f403cd144891-768x1024.jpg\" alt=\"\" class=\"wp-image-7011\" srcset=\"https:\/\/noticiarioregional.com.br\/wp-content\/uploads\/2025\/07\/bf1c37e7-9324-40e7-bc5e-f403cd144891-768x1024.jpg 768w, https:\/\/noticiarioregional.com.br\/wp-content\/uploads\/2025\/07\/bf1c37e7-9324-40e7-bc5e-f403cd144891-225x300.jpg 225w, https:\/\/noticiarioregional.com.br\/wp-content\/uploads\/2025\/07\/bf1c37e7-9324-40e7-bc5e-f403cd144891-150x200.jpg 150w, https:\/\/noticiarioregional.com.br\/wp-content\/uploads\/2025\/07\/bf1c37e7-9324-40e7-bc5e-f403cd144891-450x600.jpg 450w, https:\/\/noticiarioregional.com.br\/wp-content\/uploads\/2025\/07\/bf1c37e7-9324-40e7-bc5e-f403cd144891.jpg 960w\" sizes=\"(max-width: 768px) 100vw, 768px\" \/><\/figure>\n\n\n\n<p><\/p>\n","protected":false},"excerpt":{"rendered":"<p>As escolas da rede municipal de ensino de Belmonte ter\u00e3o o recesso escolar de inverno entre os dias 21 de julho a 03 de agosto. A secret\u00e1ria, Marizete F\u00e1tima Basso Trevizan, destaca que as aulas ser\u00e3o retomadas normalmente no dia 4 de agosto. Comenta que a secretaria ir\u00e1 aproveitar o per\u00edodo de recesso para proporcionar<\/p>\n","protected":false},"author":1,"featured_media":7011,"comment_status":"open","ping_status":"open","sticky":false,"template":"","format":"standard","meta":{"footnotes":""},"categories":[41],"tags":[],"class_list":{"0":"post-7010","1":"post","2":"type-post","3":"status-publish","4":"format-standard","5":"has-post-thumbnail","7":"category-noticias"},"_links":{"self":[{"href":"https:\/\/noticiarioregional.com.br\/index.php?rest_route=\/wp\/v2\/posts\/7010","targetHints":{"allow":["GET"]}}],"collection":[{"href":"https:\/\/noticiarioregional.com.br\/index.php?rest_route=\/wp\/v2\/posts"}],"about":[{"href":"https:\/\/noticiarioregional.com.br\/index.php?rest_route=\/wp\/v2\/types\/post"}],"author":[{"embeddable":true,"href":"https:\/\/noticiarioregional.com.br\/index.php?rest_route=\/wp\/v2\/users\/1"}],"replies":[{"embeddable":true,"href":"https:\/\/noticiarioregional.com.br\/index.php?rest_route=%2Fwp%2Fv2%2Fcomments&post=7010"}],"version-history":[{"count":2,"href":"https:\/\/noticiarioregional.com.br\/index.php?rest_route=\/wp\/v2\/posts\/7010\/revisions"}],"predecessor-version":[{"id":7014,"href":"https:\/\/noticiarioregional.com.br\/index.php?rest_route=\/wp\/v2\/posts\/7010\/revisions\/7014"}],"wp:featuredmedia":[{"embeddable":true,"href":"https:\/\/noticiarioregional.com.br\/index.php?rest_route=\/wp\/v2\/media\/7011"}],"wp:attachment":[{"href":"https:\/\/noticiarioregional.com.br\/index.php?rest_route=%2Fwp%2Fv2%2Fmedia&parent=7010"}],"wp:term":[{"taxonomy":"category","embeddable":true,"href":"https:\/\/noticiarioregional.com.br\/index.php?rest_route=%2Fwp%2Fv2%2Fcategories&post=7010"},{"taxonomy":"post_tag","embeddable":true,"href":"https:\/\/noticiarioregional.com.br\/index.php?rest_route=%2Fwp%2Fv2%2Ftags&post=7010"}],"curies":[{"name":"wp","href":"https:\/\/api.w.org\/{rel}","templated":true}]}}