{"id":7015,"date":"2025-07-18T16:12:50","date_gmt":"2025-07-18T19:12:50","guid":{"rendered":"https:\/\/noticiarioregional.com.br\/?p=7015"},"modified":"2025-07-22T08:58:17","modified_gmt":"2025-07-22T11:58:17","slug":"novo-sistema-de-emissao-da-nota-eletronica-ira-interligar-dados-do-municipio-com-a-receita-federal","status":"publish","type":"post","link":"https:\/\/noticiarioregional.com.br\/?p=7015","title":{"rendered":"Novo sistema de emiss\u00e3o da nota eletr\u00f4nica ir\u00e1 interligar dados do munic\u00edpio com a Receita Federal"},"content":{"rendered":"\n<p><em>Mudan\u00e7a trar\u00e1 padroniza\u00e7\u00e3o e mais efici\u00eancia ao sistema tribut\u00e1rio<\/em><\/p>\n\n\n\n<p>O munic\u00edpio de Santa Helena firmou recentemente o termo de ades\u00e3o ao padr\u00e3o nacional da Nota Fiscal de Servi\u00e7o Eletr\u00f4nica (NFS-e), integrando-se ao sistema unificado institu\u00eddo por conv\u00eanio entre Uni\u00e3o, Distrito Federal e Munic\u00edpios.<\/p>\n\n\n\n<p>A medida cumpre o que determina o artigo 62 da Lei Complementar n\u00famero 214\/2025, que estabelece a obrigatoriedade da NFS-e nacional para todos os munic\u00edpios brasileiros a partir de 1\u00ba de janeiro de 2026. Com a ades\u00e3o formalizada, o munic\u00edpio d\u00e1 in\u00edcio \u00e0 fase de implanta\u00e7\u00e3o e integra\u00e7\u00e3o t\u00e9cnica do novo sistema, mas que ainda n\u00e3o est\u00e1 dispon\u00edvel para os contribuintes.<\/p>\n\n\n\n<p>De acordo com o fiscal de tributos, Marco Baumgratz, o munic\u00edpio j\u00e1 utiliza a Nota Fiscal de Servi\u00e7o eletr\u00f4nica (NFS-e), por meio de um sistema e layout pr\u00f3prios. Todo o processo j\u00e1 \u00e9 feito de forma 100% digital. No entanto, conforme a Lei Complementar 214\/2025, todos os munic\u00edpios brasileiros dever\u00e3o adotar um padr\u00e3o nacional para a emiss\u00e3o da NFS-e. Isso significa padronizar os sistemas, unificar os layouts e, principalmente, compartilhar em tempo real as informa\u00e7\u00f5es com a Receita Federal.<\/p>\n\n\n\n<p>Dessa forma, o fiscal explica que at\u00e9 1\u00ba de janeiro de 2026 todos os munic\u00edpios precisam firmar conv\u00eanio com a Receita Federal e optar por uma das duas alternativas: a) Manter seu sistema pr\u00f3prio de emiss\u00e3o, mas integr\u00e1-lo ao ambiente nacional; ou b) Migrar para o sistema fornecido pela Receita Federal, passando a emitir as notas diretamente por essa plataforma nacional.<\/p>\n\n\n\n<p>Santa Helena optou pela alternativa B, segundo o fiscal, por entender que esta oferece mais vantagens, como: maior familiaridade para contadores que j\u00e1 atendem clientes em diferentes munic\u00edpios e que poder\u00e3o trabalhar em um sistema \u00fanico e padronizado; mais facilidade de uso e suporte e a integra\u00e7\u00e3o mais adequada \u00e0s expectativas da Receita Federal.<\/p>\n\n\n\n<p>Marco destaca que o objetivo \u00e9 concluir a implanta\u00e7\u00e3o antes do final deste ano e, em seguida, iniciar a utiliza\u00e7\u00e3o do novo sistema pelos prestadores de servi\u00e7o do munic\u00edpio. Dessa forma, o sistema onde a nota \u00e9 emitida ser\u00e1 o sistema nacional fornecido pela Receita Federal, e n\u00e3o mais o do munic\u00edpio. O fiscal lembra que somente a declara\u00e7\u00e3o e o pagamento do ISSQN &#8211; Imposto Sobre Servi\u00e7os de Qualquer Natureza, da nota ser\u00e1 feito no sistema do munic\u00edpio.<\/p>\n","protected":false},"excerpt":{"rendered":"<p>Mudan\u00e7a trar\u00e1 padroniza\u00e7\u00e3o e mais efici\u00eancia ao sistema tribut\u00e1rio O munic\u00edpio de Santa Helena firmou recentemente o termo de ades\u00e3o ao padr\u00e3o nacional da Nota Fiscal de Servi\u00e7o Eletr\u00f4nica (NFS-e), integrando-se ao sistema unificado institu\u00eddo por conv\u00eanio entre Uni\u00e3o, Distrito Federal e Munic\u00edpios. A medida cumpre o que determina o artigo 62 da Lei Complementar<\/p>\n","protected":false},"author":1,"featured_media":7018,"comment_status":"open","ping_status":"open","sticky":false,"template":"","format":"standard","meta":{"footnotes":""},"categories":[41],"tags":[],"class_list":{"0":"post-7015","1":"post","2":"type-post","3":"status-publish","4":"format-standard","5":"has-post-thumbnail","7":"category-noticias"},"_links":{"self":[{"href":"https:\/\/noticiarioregional.com.br\/index.php?rest_route=\/wp\/v2\/posts\/7015","targetHints":{"allow":["GET"]}}],"collection":[{"href":"https:\/\/noticiarioregional.com.br\/index.php?rest_route=\/wp\/v2\/posts"}],"about":[{"href":"https:\/\/noticiarioregional.com.br\/index.php?rest_route=\/wp\/v2\/types\/post"}],"author":[{"embeddable":true,"href":"https:\/\/noticiarioregional.com.br\/index.php?rest_route=\/wp\/v2\/users\/1"}],"replies":[{"embeddable":true,"href":"https:\/\/noticiarioregional.com.br\/index.php?rest_route=%2Fwp%2Fv2%2Fcomments&post=7015"}],"version-history":[{"count":2,"href":"https:\/\/noticiarioregional.com.br\/index.php?rest_route=\/wp\/v2\/posts\/7015\/revisions"}],"predecessor-version":[{"id":7041,"href":"https:\/\/noticiarioregional.com.br\/index.php?rest_route=\/wp\/v2\/posts\/7015\/revisions\/7041"}],"wp:featuredmedia":[{"embeddable":true,"href":"https:\/\/noticiarioregional.com.br\/index.php?rest_route=\/wp\/v2\/media\/7018"}],"wp:attachment":[{"href":"https:\/\/noticiarioregional.com.br\/index.php?rest_route=%2Fwp%2Fv2%2Fmedia&parent=7015"}],"wp:term":[{"taxonomy":"category","embeddable":true,"href":"https:\/\/noticiarioregional.com.br\/index.php?rest_route=%2Fwp%2Fv2%2Fcategories&post=7015"},{"taxonomy":"post_tag","embeddable":true,"href":"https:\/\/noticiarioregional.com.br\/index.php?rest_route=%2Fwp%2Fv2%2Ftags&post=7015"}],"curies":[{"name":"wp","href":"https:\/\/api.w.org\/{rel}","templated":true}]}}