{"id":7045,"date":"2025-07-22T14:46:53","date_gmt":"2025-07-22T17:46:53","guid":{"rendered":"https:\/\/noticiarioregional.com.br\/?p=7045"},"modified":"2025-07-22T14:46:54","modified_gmt":"2025-07-22T17:46:54","slug":"mondai-recebe-novo-medico-para-reforcar-atendimento-no-posto-de-saude","status":"publish","type":"post","link":"https:\/\/noticiarioregional.com.br\/?p=7045","title":{"rendered":"Monda\u00ed recebe novo m\u00e9dico para refor\u00e7ar atendimento no Posto de Sa\u00fade"},"content":{"rendered":"\n<p>Na ter\u00e7a-feira, 08, a Administra\u00e7\u00e3o Municipal de Monda\u00ed deu mais um passo para fortalecer o atendimento \u00e0 popula\u00e7\u00e3o na \u00e1rea da sa\u00fade. Foi efetivado o novo m\u00e9dico Pedro Vinicius Gewehr Bortolanza, que passa a integrar, de forma permanente, a equipe da Secretaria Municipal de Sa\u00fade.<\/p>\n\n\n\n<p>Pedro \u00e9 natural de Itapiranga e formado em Cl\u00ednica Geral. Com a chegada do novo profissional, o quadro m\u00e9dico do munic\u00edpio se mant\u00e9m com cinco m\u00e9dicos atuando no Posto de Sa\u00fade, mantendo a capacidade de atendimento e na agilidade dos servi\u00e7os prestados \u00e0 comunidade, ap\u00f3s o desligamento do m\u00e9dico \u00c9ver.<\/p>\n\n\n\n<p>De acordo com o secret\u00e1rio municipal de Sa\u00fade, Jullian Ludke, o novo m\u00e9dico assume a responsabilidade pela \u00c1rea 2 do munic\u00edpio, que anteriormente era atendida pelo m\u00e9dico Josu\u00e9. Com a mudan\u00e7a, o m\u00e9dico Josu\u00e9 passa a atender a \u00c1rea 3, reorganizando assim a distribui\u00e7\u00e3o dos profissionais de maneira estrat\u00e9gica para melhor atender a popula\u00e7\u00e3o. \u201c<em>A vinda do doutor Pedro representa um refor\u00e7o importante para nossa equipe. Ele \u00e9 um profissional jovem, dedicado e com grande potencial. Estamos muito felizes em t\u00ea-lo conosco e certos de que os moradores da \u00c1rea 2 ter\u00e3o um excelente atendimento. Al\u00e9m disso, a reorganiza\u00e7\u00e3o das \u00e1reas permite uma melhor fluidez no fluxo de pacientes<\/em>\u201d, destacou o secret\u00e1rio Jullian Ludke.<\/p>\n\n\n\n<p>O prefeito de Monda\u00ed, Elizandro Mainardi, tamb\u00e9m comemorou a chegada do novo m\u00e9dico e enfatizou os esfor\u00e7os da Administra\u00e7\u00e3o para manter uma equipe qualificada e comprometida com a sa\u00fade p\u00fablica. \u201c<em>A sa\u00fade \u00e9 uma das nossas maiores prioridades. Por isso, n\u00e3o medimos esfor\u00e7os para garantir que o nosso munic\u00edpio tenha profissionais capacitados e dispon\u00edveis para atender nossa popula\u00e7\u00e3o com qualidade. A chegada do doutor Pedro \u00e9 resultado desse compromisso. Seguiremos investindo para que Monda\u00ed tenha um sistema de sa\u00fade cada vez mais eficiente e humano<\/em>\u201d, afirmou o prefeito Elizandro Mainardi.<\/p>\n","protected":false},"excerpt":{"rendered":"<p>Na ter\u00e7a-feira, 08, a Administra\u00e7\u00e3o Municipal de Monda\u00ed deu mais um passo para fortalecer o atendimento \u00e0 popula\u00e7\u00e3o na \u00e1rea da sa\u00fade. Foi efetivado o novo m\u00e9dico Pedro Vinicius Gewehr Bortolanza, que passa a integrar, de forma permanente, a equipe da Secretaria Municipal de Sa\u00fade. Pedro \u00e9 natural de Itapiranga e formado em Cl\u00ednica Geral.<\/p>\n","protected":false},"author":1,"featured_media":7046,"comment_status":"open","ping_status":"open","sticky":false,"template":"","format":"standard","meta":{"footnotes":""},"categories":[41],"tags":[],"class_list":{"0":"post-7045","1":"post","2":"type-post","3":"status-publish","4":"format-standard","5":"has-post-thumbnail","7":"category-noticias"},"_links":{"self":[{"href":"https:\/\/noticiarioregional.com.br\/index.php?rest_route=\/wp\/v2\/posts\/7045","targetHints":{"allow":["GET"]}}],"collection":[{"href":"https:\/\/noticiarioregional.com.br\/index.php?rest_route=\/wp\/v2\/posts"}],"about":[{"href":"https:\/\/noticiarioregional.com.br\/index.php?rest_route=\/wp\/v2\/types\/post"}],"author":[{"embeddable":true,"href":"https:\/\/noticiarioregional.com.br\/index.php?rest_route=\/wp\/v2\/users\/1"}],"replies":[{"embeddable":true,"href":"https:\/\/noticiarioregional.com.br\/index.php?rest_route=%2Fwp%2Fv2%2Fcomments&post=7045"}],"version-history":[{"count":1,"href":"https:\/\/noticiarioregional.com.br\/index.php?rest_route=\/wp\/v2\/posts\/7045\/revisions"}],"predecessor-version":[{"id":7047,"href":"https:\/\/noticiarioregional.com.br\/index.php?rest_route=\/wp\/v2\/posts\/7045\/revisions\/7047"}],"wp:featuredmedia":[{"embeddable":true,"href":"https:\/\/noticiarioregional.com.br\/index.php?rest_route=\/wp\/v2\/media\/7046"}],"wp:attachment":[{"href":"https:\/\/noticiarioregional.com.br\/index.php?rest_route=%2Fwp%2Fv2%2Fmedia&parent=7045"}],"wp:term":[{"taxonomy":"category","embeddable":true,"href":"https:\/\/noticiarioregional.com.br\/index.php?rest_route=%2Fwp%2Fv2%2Fcategories&post=7045"},{"taxonomy":"post_tag","embeddable":true,"href":"https:\/\/noticiarioregional.com.br\/index.php?rest_route=%2Fwp%2Fv2%2Ftags&post=7045"}],"curies":[{"name":"wp","href":"https:\/\/api.w.org\/{rel}","templated":true}]}}