{"id":7048,"date":"2025-07-23T14:51:12","date_gmt":"2025-07-23T17:51:12","guid":{"rendered":"https:\/\/noticiarioregional.com.br\/?p=7048"},"modified":"2025-07-22T14:55:57","modified_gmt":"2025-07-22T17:55:57","slug":"inovacao-e-criatividade-jovem-de-caibi-aposta-em-artesanato-com-impressao-3d","status":"publish","type":"post","link":"https:\/\/noticiarioregional.com.br\/?p=7048","title":{"rendered":"Inova\u00e7\u00e3o e Criatividade: Jovem de Caibi aposta em artesanato com impress\u00e3o 3D"},"content":{"rendered":"\n<p>Uma inova\u00e7\u00e3o no setor artesanal, que est\u00e1 sendo protagonizada pelo jovem Rian Locatelli, de 22 anos, morador da \u00e1rea central do munic\u00edpio. Rian encontrou na tecnologia da impress\u00e3o 3D uma forma criativa e promissora de empreender, aliando conhecimento t\u00e9cnico com sensibilidade art\u00edstica.<\/p>\n\n\n\n<p>A ideia surgiu durante o per\u00edodo em que cursava Engenharia de Software, na cidade de Cascavel \u2013 PR, durante as aulas que Rian teve o primeiro contato com as impressoras 3D. \u201c<em>Quando apresentaram elas, pensei: \u2018gostaria de ter uma dessas\u2019. E quando retornei para Caibi, vi que n\u00e3o se tinha nada disso por aqui. Como eu precisava de uma renda, apostei nisso<\/em>\u201d, conta.<\/p>\n\n\n\n<p>Com esp\u00edrito empreendedor e vis\u00e3o para novas oportunidades, Rian decidiu investir no equipamento e iniciar seu trabalho com impress\u00e3o 3D voltada ao artesanato. Inicialmente, come\u00e7ou produzindo brinquedos, mas hoje seu foco est\u00e1 em encomendas personalizadas, artigos decorativos e chaveiros.<\/p>\n\n\n\n<p>Parte dos modelos utilizados nas cria\u00e7\u00f5es s\u00e3o desenvolvidos por ele mesmo, o que demanda conhecimento em modelagem digital. Outros s\u00e3o obtidos por meio de moldes prontos dispon\u00edveis em plataformas online. Cada pe\u00e7a impressa passa por um processo cuidadoso e, dependendo da complexidade, pode levar at\u00e9 8 horas para ser finalizada. J\u00e1 modelos mais simples ficam prontos entre 40 minutos e 1 hora.<\/p>\n\n\n\n<p>O material utilizado para a produ\u00e7\u00e3o das pe\u00e7as tamb\u00e9m chama aten\u00e7\u00e3o pela sustentabilidade. Rian trabalha principalmente com o PLA \u2014 um biopl\u00e1stico feito a partir de amido de milho e a\u00e7\u00facar. Al\u00e9m dele, utiliza o PLAU, que possui composi\u00e7\u00e3o com madeira, e o Pet G, derivado de garrafas PET recicladas. Todos s\u00e3o materiais resistentes, ecol\u00f3gicos e de boa qualidade. Outro diferencial \u00e9 que as pe\u00e7as saem da impressora prontas, sem necessidade de montagem posterior. H\u00e1 cerca de um ano atuando com essa t\u00e9cnica, Rian j\u00e1 conquistou clientes e admiradores na cidade e regi\u00e3o. Os produtos t\u00eam pre\u00e7os acess\u00edveis, variando entre R$ 20 e R$ 30, com a pe\u00e7a mais cara custando R$ 65.<\/p>\n\n\n\n<p>Quem quiser conhecer de perto o trabalho pode visitar a Feira Frutos da Terra, realizada todos os s\u00e1bados de manh\u00e3 na Rua Coberta, a partir das 7h30. Al\u00e9m disso, Rian mant\u00e9m um canal de contato direto com os clientes por meio da p\u00e1gina no Instagram: @moldare.caibi, onde divulga novidades, aceita encomendas e compartilha o processo de produ\u00e7\u00e3o.<\/p>\n\n\n\n<figure class=\"wp-block-gallery has-nested-images columns-default is-cropped wp-block-gallery-1 is-layout-flex wp-block-gallery-is-layout-flex\">\n<figure class=\"wp-block-image size-large\"><img fetchpriority=\"high\" decoding=\"async\" width=\"683\" height=\"1024\" data-id=\"7050\" src=\"https:\/\/noticiarioregional.com.br\/wp-content\/uploads\/2025\/07\/menores-1-683x1024.jpg\" alt=\"\" class=\"wp-image-7050\" srcset=\"https:\/\/noticiarioregional.com.br\/wp-content\/uploads\/2025\/07\/menores-1-683x1024.jpg 683w, https:\/\/noticiarioregional.com.br\/wp-content\/uploads\/2025\/07\/menores-1-200x300.jpg 200w, https:\/\/noticiarioregional.com.br\/wp-content\/uploads\/2025\/07\/menores-1-768x1152.jpg 768w, https:\/\/noticiarioregional.com.br\/wp-content\/uploads\/2025\/07\/menores-1-1024x1536.jpg 1024w, https:\/\/noticiarioregional.com.br\/wp-content\/uploads\/2025\/07\/menores-1-1365x2048.jpg 1365w, https:\/\/noticiarioregional.com.br\/wp-content\/uploads\/2025\/07\/menores-1-150x225.jpg 150w, https:\/\/noticiarioregional.com.br\/wp-content\/uploads\/2025\/07\/menores-1-450x675.jpg 450w, https:\/\/noticiarioregional.com.br\/wp-content\/uploads\/2025\/07\/menores-1-1200x1800.jpg 1200w, https:\/\/noticiarioregional.com.br\/wp-content\/uploads\/2025\/07\/menores-1-scaled.jpg 1707w\" sizes=\"(max-width: 683px) 100vw, 683px\" \/><\/figure>\n\n\n\n<figure class=\"wp-block-image size-large\"><img decoding=\"async\" width=\"1024\" height=\"683\" data-id=\"7051\" src=\"https:\/\/noticiarioregional.com.br\/wp-content\/uploads\/2025\/07\/menores-2-1024x683.jpg\" alt=\"\" class=\"wp-image-7051\" srcset=\"https:\/\/noticiarioregional.com.br\/wp-content\/uploads\/2025\/07\/menores-2-1024x683.jpg 1024w, https:\/\/noticiarioregional.com.br\/wp-content\/uploads\/2025\/07\/menores-2-300x200.jpg 300w, https:\/\/noticiarioregional.com.br\/wp-content\/uploads\/2025\/07\/menores-2-768x512.jpg 768w, https:\/\/noticiarioregional.com.br\/wp-content\/uploads\/2025\/07\/menores-2-1536x1024.jpg 1536w, https:\/\/noticiarioregional.com.br\/wp-content\/uploads\/2025\/07\/menores-2-2048x1365.jpg 2048w, https:\/\/noticiarioregional.com.br\/wp-content\/uploads\/2025\/07\/menores-2-150x100.jpg 150w, https:\/\/noticiarioregional.com.br\/wp-content\/uploads\/2025\/07\/menores-2-450x300.jpg 450w, https:\/\/noticiarioregional.com.br\/wp-content\/uploads\/2025\/07\/menores-2-1200x800.jpg 1200w\" sizes=\"(max-width: 1024px) 100vw, 1024px\" \/><\/figure>\n\n\n\n<figure class=\"wp-block-image size-large\"><img decoding=\"async\" width=\"683\" height=\"1024\" data-id=\"7052\" src=\"https:\/\/noticiarioregional.com.br\/wp-content\/uploads\/2025\/07\/menores-3-683x1024.jpg\" alt=\"\" class=\"wp-image-7052\" srcset=\"https:\/\/noticiarioregional.com.br\/wp-content\/uploads\/2025\/07\/menores-3-683x1024.jpg 683w, https:\/\/noticiarioregional.com.br\/wp-content\/uploads\/2025\/07\/menores-3-200x300.jpg 200w, https:\/\/noticiarioregional.com.br\/wp-content\/uploads\/2025\/07\/menores-3-768x1152.jpg 768w, https:\/\/noticiarioregional.com.br\/wp-content\/uploads\/2025\/07\/menores-3-1024x1536.jpg 1024w, https:\/\/noticiarioregional.com.br\/wp-content\/uploads\/2025\/07\/menores-3-1365x2048.jpg 1365w, https:\/\/noticiarioregional.com.br\/wp-content\/uploads\/2025\/07\/menores-3-150x225.jpg 150w, https:\/\/noticiarioregional.com.br\/wp-content\/uploads\/2025\/07\/menores-3-450x675.jpg 450w, https:\/\/noticiarioregional.com.br\/wp-content\/uploads\/2025\/07\/menores-3-1200x1800.jpg 1200w, https:\/\/noticiarioregional.com.br\/wp-content\/uploads\/2025\/07\/menores-3-scaled.jpg 1707w\" sizes=\"(max-width: 683px) 100vw, 683px\" \/><\/figure>\n<\/figure>\n","protected":false},"excerpt":{"rendered":"<p>Uma inova\u00e7\u00e3o no setor artesanal, que est\u00e1 sendo protagonizada pelo jovem Rian Locatelli, de 22 anos, morador da \u00e1rea central do munic\u00edpio. Rian encontrou na tecnologia da impress\u00e3o 3D uma forma criativa e promissora de empreender, aliando conhecimento t\u00e9cnico com sensibilidade art\u00edstica. A ideia surgiu durante o per\u00edodo em que cursava Engenharia de Software, na<\/p>\n","protected":false},"author":1,"featured_media":7049,"comment_status":"open","ping_status":"open","sticky":false,"template":"","format":"standard","meta":{"footnotes":""},"categories":[41],"tags":[],"class_list":{"0":"post-7048","1":"post","2":"type-post","3":"status-publish","4":"format-standard","5":"has-post-thumbnail","7":"category-noticias"},"_links":{"self":[{"href":"https:\/\/noticiarioregional.com.br\/index.php?rest_route=\/wp\/v2\/posts\/7048","targetHints":{"allow":["GET"]}}],"collection":[{"href":"https:\/\/noticiarioregional.com.br\/index.php?rest_route=\/wp\/v2\/posts"}],"about":[{"href":"https:\/\/noticiarioregional.com.br\/index.php?rest_route=\/wp\/v2\/types\/post"}],"author":[{"embeddable":true,"href":"https:\/\/noticiarioregional.com.br\/index.php?rest_route=\/wp\/v2\/users\/1"}],"replies":[{"embeddable":true,"href":"https:\/\/noticiarioregional.com.br\/index.php?rest_route=%2Fwp%2Fv2%2Fcomments&post=7048"}],"version-history":[{"count":1,"href":"https:\/\/noticiarioregional.com.br\/index.php?rest_route=\/wp\/v2\/posts\/7048\/revisions"}],"predecessor-version":[{"id":7053,"href":"https:\/\/noticiarioregional.com.br\/index.php?rest_route=\/wp\/v2\/posts\/7048\/revisions\/7053"}],"wp:featuredmedia":[{"embeddable":true,"href":"https:\/\/noticiarioregional.com.br\/index.php?rest_route=\/wp\/v2\/media\/7049"}],"wp:attachment":[{"href":"https:\/\/noticiarioregional.com.br\/index.php?rest_route=%2Fwp%2Fv2%2Fmedia&parent=7048"}],"wp:term":[{"taxonomy":"category","embeddable":true,"href":"https:\/\/noticiarioregional.com.br\/index.php?rest_route=%2Fwp%2Fv2%2Fcategories&post=7048"},{"taxonomy":"post_tag","embeddable":true,"href":"https:\/\/noticiarioregional.com.br\/index.php?rest_route=%2Fwp%2Fv2%2Ftags&post=7048"}],"curies":[{"name":"wp","href":"https:\/\/api.w.org\/{rel}","templated":true}]}}