{"id":7057,"date":"2025-07-22T15:06:08","date_gmt":"2025-07-22T18:06:08","guid":{"rendered":"https:\/\/noticiarioregional.com.br\/?p=7057"},"modified":"2025-07-22T15:06:09","modified_gmt":"2025-07-22T18:06:09","slug":"mondai-realiza-1o-cafe-com-a-engenharia-para-fortalecer-dialogo-entre-setor-publico-e-profissionais-da-area","status":"publish","type":"post","link":"https:\/\/noticiarioregional.com.br\/?p=7057","title":{"rendered":"Monda\u00ed realiza 1\u00ba Caf\u00e9 com a Engenharia para fortalecer di\u00e1logo entre setor p\u00fablico e profissionais da \u00e1rea"},"content":{"rendered":"\n<p>Na manh\u00e3 de sexta-feira, 28, o munic\u00edpio de Monda\u00ed promoveu o 1\u00ba Caf\u00e9 com a Engenharia, um encontro que reuniu engenheiros, arquitetos e t\u00e9cnicos com o objetivo de promover o di\u00e1logo, a troca de experi\u00eancias e o alinhamento de a\u00e7\u00f5es voltadas ao desenvolvimento urbano e sustent\u00e1vel da cidade.<\/p>\n\n\n\n<p>Conduzido pelo engenheiro da prefeitura, Jullyan Alberti, o evento foi marcado por debates t\u00e9cnicos e esclarecimentos sobre os processos de aprova\u00e7\u00e3o de projetos, atualiza\u00e7\u00f5es de normas e desafios enfrentados tanto pelo setor p\u00fablico quanto pelos profissionais da \u00e1rea privada. Tamb\u00e9m tiveram oportunidade de fala a engenheira Daniela e o engenheiro Eduardo, que contribu\u00edram com an\u00e1lises e esclarecimentos durante o encontro.<\/p>\n\n\n\n<p>Um dos principais pontos abordados foi a moderniza\u00e7\u00e3o nos tr\u00e2mites de aprova\u00e7\u00e3o de projetos, com a implanta\u00e7\u00e3o do sistema digital Beta. Jullyan explicou que, at\u00e9 2024, o processo era realizado fisicamente, exigindo a impress\u00e3o de pranchas, memoriais descritivos e demais documentos t\u00e9cnicos, tudo que envolve um projeto arquitet\u00f4nico. Com a digitaliza\u00e7\u00e3o, os projetos passaram a ser protocolados, analisados e despachados integralmente dentro do sistema Beta, agilizando os procedimentos e tornando o processo mais eficiente.<\/p>\n\n\n\n<p>Outro tema relevante debatido foi o programa Cal\u00e7ada Legal, que passou por atualiza\u00e7\u00f5es recentes com impacto direto nas obras urbanas. As altera\u00e7\u00f5es seguem a NBR 16537, que sofreu mudan\u00e7as em 2024. Entre as exig\u00eancias atuais est\u00e3o o uso correto de pavers t\u00e1teis e direcionais na cor amarela, conforme normas de acessibilidade, e a proibi\u00e7\u00e3o do modelo de paver anteriormente utilizado. O objetivo \u00e9 orientar e uniformizar a execu\u00e7\u00e3o das cal\u00e7adas, garantindo seguran\u00e7a, acessibilidade e adequa\u00e7\u00e3o \u00e0s normas vigentes.<\/p>\n\n\n\n<p>O encontro tamb\u00e9m tratou das normas de sistemas hidrossanit\u00e1rios, que v\u00eam passando por modifica\u00e7\u00f5es. Foram apresentadas orienta\u00e7\u00f5es para os profissionais, bem como um espa\u00e7o aberto para que pudessem esclarecer d\u00favidas e relatar dificuldades encontradas no dia a dia.<\/p>\n\n\n\n<p>Segundo Jullyan, o Caf\u00e9 com a Engenharia teve como meta principal estreitar o relacionamento entre os profissionais da constru\u00e7\u00e3o civil e a equipe t\u00e9cnica da Prefeitura, buscando uma atua\u00e7\u00e3o conjunta, eficiente e um alinhamento que favore\u00e7a o crescimento ordenado e a melhoria da qualidade de vida em Monda\u00ed. O evento foi bem recebido pelos participantes e deve ter novas edi\u00e7\u00f5es, como forma de manter o canal aberto de di\u00e1logo e atualiza\u00e7\u00e3o cont\u00ednua.<\/p>\n","protected":false},"excerpt":{"rendered":"<p>Na manh\u00e3 de sexta-feira, 28, o munic\u00edpio de Monda\u00ed promoveu o 1\u00ba Caf\u00e9 com a Engenharia, um encontro que reuniu engenheiros, arquitetos e t\u00e9cnicos com o objetivo de promover o di\u00e1logo, a troca de experi\u00eancias e o alinhamento de a\u00e7\u00f5es voltadas ao desenvolvimento urbano e sustent\u00e1vel da cidade. Conduzido pelo engenheiro da prefeitura, Jullyan Alberti,<\/p>\n","protected":false},"author":1,"featured_media":7058,"comment_status":"open","ping_status":"open","sticky":false,"template":"","format":"standard","meta":{"footnotes":""},"categories":[41],"tags":[],"class_list":{"0":"post-7057","1":"post","2":"type-post","3":"status-publish","4":"format-standard","5":"has-post-thumbnail","7":"category-noticias"},"_links":{"self":[{"href":"https:\/\/noticiarioregional.com.br\/index.php?rest_route=\/wp\/v2\/posts\/7057","targetHints":{"allow":["GET"]}}],"collection":[{"href":"https:\/\/noticiarioregional.com.br\/index.php?rest_route=\/wp\/v2\/posts"}],"about":[{"href":"https:\/\/noticiarioregional.com.br\/index.php?rest_route=\/wp\/v2\/types\/post"}],"author":[{"embeddable":true,"href":"https:\/\/noticiarioregional.com.br\/index.php?rest_route=\/wp\/v2\/users\/1"}],"replies":[{"embeddable":true,"href":"https:\/\/noticiarioregional.com.br\/index.php?rest_route=%2Fwp%2Fv2%2Fcomments&post=7057"}],"version-history":[{"count":1,"href":"https:\/\/noticiarioregional.com.br\/index.php?rest_route=\/wp\/v2\/posts\/7057\/revisions"}],"predecessor-version":[{"id":7059,"href":"https:\/\/noticiarioregional.com.br\/index.php?rest_route=\/wp\/v2\/posts\/7057\/revisions\/7059"}],"wp:featuredmedia":[{"embeddable":true,"href":"https:\/\/noticiarioregional.com.br\/index.php?rest_route=\/wp\/v2\/media\/7058"}],"wp:attachment":[{"href":"https:\/\/noticiarioregional.com.br\/index.php?rest_route=%2Fwp%2Fv2%2Fmedia&parent=7057"}],"wp:term":[{"taxonomy":"category","embeddable":true,"href":"https:\/\/noticiarioregional.com.br\/index.php?rest_route=%2Fwp%2Fv2%2Fcategories&post=7057"},{"taxonomy":"post_tag","embeddable":true,"href":"https:\/\/noticiarioregional.com.br\/index.php?rest_route=%2Fwp%2Fv2%2Ftags&post=7057"}],"curies":[{"name":"wp","href":"https:\/\/api.w.org\/{rel}","templated":true}]}}