{"id":7097,"date":"2025-07-25T10:16:54","date_gmt":"2025-07-25T13:16:54","guid":{"rendered":"https:\/\/noticiarioregional.com.br\/?p=7097"},"modified":"2025-07-25T10:16:55","modified_gmt":"2025-07-25T13:16:55","slug":"ipora-do-oeste-respira-agro","status":"publish","type":"post","link":"https:\/\/noticiarioregional.com.br\/?p=7097","title":{"rendered":"\u201cIpor\u00e3 do Oeste respira agro&#8230;\u201d"},"content":{"rendered":"\n<div class=\"wp-block-buttons is-layout-flex wp-block-buttons-is-layout-flex\">\n<div class=\"wp-block-button\"><a class=\"wp-block-button__link wp-element-button\">Por Fernando Biesdorf<\/a><\/div>\n<\/div>\n\n\n\n<p><strong>Ipor\u00e3 do Oeste \u2013 <\/strong>O secret\u00e1rio municipal de Agricultura, Transportes e Obras, Roque Marx, usou a Tribuna na sess\u00e3o ordin\u00e1ria de segunda-feira, 07, da C\u00e2mara Municipal de Vereadores para apresentar n\u00fameros do setor agropecu\u00e1rio de Ipor\u00e3 do Oeste, com destaque para o movimento econ\u00f4mico de 2024. <em>\u201c&#8230;Estamos em segundo lugar entre os 19 munic\u00edpios que comp\u00f5em a AMEOSC com faturamento aproximado de R$ 735 milh\u00f5es em 2024, perdendo apenas para Itapiranga. Somos o quinto lugar no movimento econ\u00f4mico geral com R$ 907 milh\u00f5es&#8230;\u201d,<\/em> enfatiza.<\/p>\n\n\n\n<p>&nbsp;&nbsp;&nbsp;&nbsp;&nbsp;&nbsp;&nbsp;&nbsp;&nbsp;&nbsp;&nbsp; Roque Marx apresentou os n\u00fameros detalhados por setor\/atividade, conforme tabelas anexadas nesta mat\u00e9ria, dentre outros que demonstram a for\u00e7a do agroneg\u00f3cio de Ipor\u00e3 do Oeste. Ele tamb\u00e9m ressaltou os investimentos previstos para os pr\u00f3ximos dois anos na constru\u00e7\u00e3o de novos avi\u00e1rios, pocilgas, o que deve representar novo aumento na movimenta\u00e7\u00e3o agropecu\u00e1ria municipal. <em>\u201cPara os pr\u00f3ximos dois anos, j\u00e1 tem os pedidos na Secretaria, para a constru\u00e7\u00e3o de 16 novos chiqueir\u00f5es e est\u00e3o previstas mais 22 novas unidades no setor de aves [avi\u00e1rios]\u201d, <\/em>anuncia o secret\u00e1rio.<\/p>\n\n\n\n<p>&nbsp;&nbsp;&nbsp;&nbsp;&nbsp;&nbsp;&nbsp;&nbsp;&nbsp;&nbsp;&nbsp; \u201cOs n\u00fameros definem a nossa realidade: 86% \u00e9 a participa\u00e7\u00e3o do agro na economia municipal. Enquanto outros munic\u00edpios t\u00eam ind\u00fastrias, n\u00f3s temos um pilar: o produtor rural. Eles n\u00e3o s\u00e3o um setor, s\u00e3o \u2018o setor\u2019. Cada crise que os atinge \u00e9 uma \u2018crise municipal\u2019. Cada vit\u00f3ria deles, \u00e9 uma vit\u00f3ria de todos n\u00f3s. Ipor\u00e3 do Oeste respira agro e a pergunta n\u00e3o \u00e9 se devemos apoi\u00e1-los, mas como fazemos isso hoje\u201d, disse o secret\u00e1rio, ao final de sua fala, destacando os avan\u00e7os conquistados com a cria\u00e7\u00e3o do Conselho Municipal de Desenvolvimento Rural (CMDR), formado por lideran\u00e7as das comunidades e setores representativos.<\/p>\n\n\n\n<p><strong>Movimento Econ\u00f4mico Agropecu\u00e1rio 2024<\/strong><\/p>\n\n\n\n<ul class=\"wp-block-list\">\n<li><strong>Su\u00ednos <\/strong>\u2013 R$ 374.843.008,00 \u2013 53,60%<\/li>\n\n\n\n<li><strong>Leite <\/strong>\u2013 R$ 144.750.000,00 \u2013 20,70%<\/li>\n\n\n\n<li><strong>Aves <\/strong>\u2013 R$ 105.822.934,42 \u2013 15,14%<\/li>\n\n\n\n<li><strong>Gr\u00e3os \u2013 <\/strong>R$ 33.193.166,67 \u2013 4,75%<\/li>\n\n\n\n<li><strong>Fumo \u2013<\/strong> R$ 20.250.000,00 \u2013 2,90%<\/li>\n\n\n\n<li><strong>Bovinos \u2013<\/strong> R$ 15.962.074,63 \u2013 2,28%<\/li>\n\n\n\n<li><strong>Madeira \u2013<\/strong> R$ 4.487.280,00 \u2013 0,64%<\/li>\n<\/ul>\n\n\n\n<p><strong>Total 2024 \u2013 R$ 699.368.463,72<\/strong><\/p>\n\n\n\n<ul class=\"wp-block-list\">\n<li><strong><em>Movimento econ\u00f4mico por setor\/atividade registrado em 2024, atrav\u00e9s das notas fiscais emitidas.\u00a0 Segundo AMEOSC, o valor final deve ser ainda maior, alcan\u00e7ando R$ 735 milh\u00f5es<\/em><\/strong><\/li>\n<\/ul>\n\n\n\n<p><strong>Uso do solo\/lavouras<\/strong><\/p>\n\n\n\n<ul class=\"wp-block-list\">\n<li><strong>Milho Silagem<\/strong> \u2013 2.800 hectares<\/li>\n\n\n\n<li><strong>Soja <\/strong>\u2013 2.400 hectares<\/li>\n\n\n\n<li><strong>Milho<\/strong> \u2013 2.000 hectares<\/li>\n\n\n\n<li><strong>Trigo<\/strong> \u2013 900 hectares<\/li>\n\n\n\n<li>A \u00e1rea agropecu\u00e1ria cultivada representa 67,12% (13.451 hectares) do territ\u00f3rio municipal, enquanto 31,29% (6.270 hectares) s\u00e3o \u00e1reas de floresta (cultivada e nativa). \u00c1rea n\u00e3o vegetada (\u00e1rea urbana e corpos d\u2019\u00e1gua) somam 320 hectares, 1,60% do territ\u00f3rio<\/li>\n\n\n\n<li><strong>Total de propriedades rurais<\/strong> \u2013 882<\/li>\n<\/ul>\n","protected":false},"excerpt":{"rendered":"<p>Ipor\u00e3 do Oeste \u2013 O secret\u00e1rio municipal de Agricultura, Transportes e Obras, Roque Marx, usou a Tribuna na sess\u00e3o ordin\u00e1ria de segunda-feira, 07, da C\u00e2mara Municipal de Vereadores para apresentar n\u00fameros do setor agropecu\u00e1rio de Ipor\u00e3 do Oeste, com destaque para o movimento econ\u00f4mico de 2024. \u201c&#8230;Estamos em segundo lugar entre os 19 munic\u00edpios que<\/p>\n","protected":false},"author":1,"featured_media":7098,"comment_status":"open","ping_status":"open","sticky":false,"template":"","format":"standard","meta":{"footnotes":""},"categories":[41],"tags":[],"class_list":{"0":"post-7097","1":"post","2":"type-post","3":"status-publish","4":"format-standard","5":"has-post-thumbnail","7":"category-noticias"},"_links":{"self":[{"href":"https:\/\/noticiarioregional.com.br\/index.php?rest_route=\/wp\/v2\/posts\/7097","targetHints":{"allow":["GET"]}}],"collection":[{"href":"https:\/\/noticiarioregional.com.br\/index.php?rest_route=\/wp\/v2\/posts"}],"about":[{"href":"https:\/\/noticiarioregional.com.br\/index.php?rest_route=\/wp\/v2\/types\/post"}],"author":[{"embeddable":true,"href":"https:\/\/noticiarioregional.com.br\/index.php?rest_route=\/wp\/v2\/users\/1"}],"replies":[{"embeddable":true,"href":"https:\/\/noticiarioregional.com.br\/index.php?rest_route=%2Fwp%2Fv2%2Fcomments&post=7097"}],"version-history":[{"count":1,"href":"https:\/\/noticiarioregional.com.br\/index.php?rest_route=\/wp\/v2\/posts\/7097\/revisions"}],"predecessor-version":[{"id":7099,"href":"https:\/\/noticiarioregional.com.br\/index.php?rest_route=\/wp\/v2\/posts\/7097\/revisions\/7099"}],"wp:featuredmedia":[{"embeddable":true,"href":"https:\/\/noticiarioregional.com.br\/index.php?rest_route=\/wp\/v2\/media\/7098"}],"wp:attachment":[{"href":"https:\/\/noticiarioregional.com.br\/index.php?rest_route=%2Fwp%2Fv2%2Fmedia&parent=7097"}],"wp:term":[{"taxonomy":"category","embeddable":true,"href":"https:\/\/noticiarioregional.com.br\/index.php?rest_route=%2Fwp%2Fv2%2Fcategories&post=7097"},{"taxonomy":"post_tag","embeddable":true,"href":"https:\/\/noticiarioregional.com.br\/index.php?rest_route=%2Fwp%2Fv2%2Ftags&post=7097"}],"curies":[{"name":"wp","href":"https:\/\/api.w.org\/{rel}","templated":true}]}}