{"id":7103,"date":"2025-07-25T13:30:00","date_gmt":"2025-07-25T16:30:00","guid":{"rendered":"https:\/\/noticiarioregional.com.br\/?p=7103"},"modified":"2025-07-25T10:24:54","modified_gmt":"2025-07-25T13:24:54","slug":"fiscalizacao-e-orientacao-garantem-melhor-uso-dos-implementos-agricolas-no-interior","status":"publish","type":"post","link":"https:\/\/noticiarioregional.com.br\/?p=7103","title":{"rendered":"Fiscaliza\u00e7\u00e3o e orienta\u00e7\u00e3o garantem melhor uso dos implementos agr\u00edcolas no interior"},"content":{"rendered":"\n<p><strong>Monda\u00ed &#8211;<\/strong> A secretaria Municipal de Agricultura e Meio Ambiente realizou no \u00faltimo m\u00eas, um trabalho de fiscaliza\u00e7\u00e3o, orienta\u00e7\u00e3o e atualiza\u00e7\u00e3o junto aos grupos de agricultores do interior do munic\u00edpio, com foco nos implementos agr\u00edcolas cedidos pela Administra\u00e7\u00e3o Municipal. O objetivo \u00e9 garantir o uso correto, a conserva\u00e7\u00e3o e a rotatividade dos equipamentos, maximizando os benef\u00edcios para os produtores rurais.<\/p>\n\n\n\n<p>De acordo com o t\u00e9cnico da Secretaria, Edinei Salini, a iniciativa est\u00e1 sendo conduzida atrav\u00e9s da formaliza\u00e7\u00e3o das concess\u00f5es de uso, que estabelecem o v\u00ednculo entre o equipamento e o grupo respons\u00e1vel. Durante as visitas, \u00e9 realizado um levantamento dos implementos, atualizadas as fichas cadastrais e orientado sobre a forma correta de gerenciamento e manuten\u00e7\u00e3o.<\/p>\n\n\n\n<p>Cada grupo de agricultores conta com um produtor respons\u00e1vel pelo controle do implemento. Edinei relata que atrav\u00e9s desse respons\u00e1vel, \u00e9 cobrado que se tenha um controle, por meio de uma ficha de uso, onde deve constar a data de utiliza\u00e7\u00e3o, o nome do produtor que utilizou e o valor da di\u00e1ria \u2013 definido pelo pr\u00f3prio grupo. Esses valores ficam em caixa para cobrir despesas com manuten\u00e7\u00e3o. Al\u00e9m disso, as equipes da Secretaria est\u00e3o refor\u00e7ando a necessidade de registro das entradas e sa\u00eddas de recursos, promovendo uma gest\u00e3o mais organizada e transparente dentro dos grupos.<\/p>\n\n\n\n<p>Outro ponto abordado nas visitas \u00e9 o armazenamento adequado dos implementos. O t\u00e9cnico alerta sobre a import\u00e2ncia de manter os equipamentos em locais cobertos, protegidos da chuva e do sol, a fim de preservar sua durabilidade e funcionalidade. Tamb\u00e9m est\u00e3o sendo refor\u00e7adas as boas pr\u00e1ticas de manuten\u00e7\u00e3o preventiva, como a lubrifica\u00e7\u00e3o constante e a verifica\u00e7\u00e3o das condi\u00e7\u00f5es de uso.<\/p>\n\n\n\n<p>Durante as fiscaliza\u00e7\u00f5es, a Secretaria tamb\u00e9m avalia as condi\u00e7\u00f5es dos implementos. Aqueles que est\u00e3o em estado de degrada\u00e7\u00e3o avan\u00e7ada est\u00e3o sendo recolhidos, com destino ao leil\u00e3o. \u201c<em>Nosso objetivo em fiscalizar tamb\u00e9m \u00e9 devido \u00e0 utilidade desses equipamentos. N\u00e3o queremos que fiquem parados. Quanto mais pessoas puderem usar, melhor. Para isso, \u00e9 essencial manter os registros das fichas de uso sempre atualizados<\/em>\u201d.<\/p>\n\n\n\n<p>Atualmente, o munic\u00edpio conta com aproximadamente 100 implementos agr\u00edcolas distribu\u00eddos entre 87 grupos de agricultores espalhados pelo interior. Os equipamentos variam desde carret\u00f5es, distribuidores de l\u00edquidos e secos, grades arradoras, colhedores de forragens, ro\u00e7adeiras, pulverizadores, classificadores de cama de avi\u00e1rio, at\u00e9 plantadeiras. Al\u00e9m disso, a Secretaria mant\u00e9m sob sua responsabilidade tr\u00eas perfuratrizes e um enleirador, cujos empr\u00e9stimos e manuten\u00e7\u00f5es s\u00e3o geridos diretamente pela secretaria.<\/p>\n\n\n\n<p>O acervo \u00e9 composto por equipamentos adquiridos desde 2014 at\u00e9 os mais recentes, entregues neste ano. Ap\u00f3s esse levantamento, a Secretaria j\u00e1 identificou a necessidade de renova\u00e7\u00e3o de parte do maquin\u00e1rio e est\u00e1 estudando a aquisi\u00e7\u00e3o de novos implementos, com foco em tecnologias mais modernas e eficientes.<\/p>\n\n\n\n<p><strong>Voz dos Agricultores<\/strong><\/p>\n\n\n\n<p>Henrique Balmer, respons\u00e1vel por um distribuidor agr\u00edcola na comunidade de Linha Alto Mondaizinho desde 2022, destaca os benef\u00edcios da iniciativa. \u201c<em>O benef\u00edcio de termos esse equipamento \u00e9 enorme, pois n\u00e3o precisamos adquirir um s\u00f3 nosso. Os custos s\u00e3o altos e s\u00e3o valores que n\u00e3o precisamos tirar do bolso para comprar. Ele auxilia muito em nossa propriedade<\/em>\u201d, relata. Henrique tamb\u00e9m ressalta os cuidados tomados pelo grupo: \u201c<em>Temos o entendimento da import\u00e2ncia da limpeza a cada vez que \u00e9 utilizado. Caso contr\u00e1rio, o equipamento acaba se deteriorando<\/em>\u201d.<\/p>\n","protected":false},"excerpt":{"rendered":"<p>Monda\u00ed &#8211; A secretaria Municipal de Agricultura e Meio Ambiente realizou no \u00faltimo m\u00eas, um trabalho de fiscaliza\u00e7\u00e3o, orienta\u00e7\u00e3o e atualiza\u00e7\u00e3o junto aos grupos de agricultores do interior do munic\u00edpio, com foco nos implementos agr\u00edcolas cedidos pela Administra\u00e7\u00e3o Municipal. O objetivo \u00e9 garantir o uso correto, a conserva\u00e7\u00e3o e a rotatividade dos equipamentos, maximizando os<\/p>\n","protected":false},"author":1,"featured_media":7104,"comment_status":"open","ping_status":"open","sticky":false,"template":"","format":"standard","meta":{"footnotes":""},"categories":[41],"tags":[],"class_list":{"0":"post-7103","1":"post","2":"type-post","3":"status-publish","4":"format-standard","5":"has-post-thumbnail","7":"category-noticias"},"_links":{"self":[{"href":"https:\/\/noticiarioregional.com.br\/index.php?rest_route=\/wp\/v2\/posts\/7103","targetHints":{"allow":["GET"]}}],"collection":[{"href":"https:\/\/noticiarioregional.com.br\/index.php?rest_route=\/wp\/v2\/posts"}],"about":[{"href":"https:\/\/noticiarioregional.com.br\/index.php?rest_route=\/wp\/v2\/types\/post"}],"author":[{"embeddable":true,"href":"https:\/\/noticiarioregional.com.br\/index.php?rest_route=\/wp\/v2\/users\/1"}],"replies":[{"embeddable":true,"href":"https:\/\/noticiarioregional.com.br\/index.php?rest_route=%2Fwp%2Fv2%2Fcomments&post=7103"}],"version-history":[{"count":1,"href":"https:\/\/noticiarioregional.com.br\/index.php?rest_route=\/wp\/v2\/posts\/7103\/revisions"}],"predecessor-version":[{"id":7105,"href":"https:\/\/noticiarioregional.com.br\/index.php?rest_route=\/wp\/v2\/posts\/7103\/revisions\/7105"}],"wp:featuredmedia":[{"embeddable":true,"href":"https:\/\/noticiarioregional.com.br\/index.php?rest_route=\/wp\/v2\/media\/7104"}],"wp:attachment":[{"href":"https:\/\/noticiarioregional.com.br\/index.php?rest_route=%2Fwp%2Fv2%2Fmedia&parent=7103"}],"wp:term":[{"taxonomy":"category","embeddable":true,"href":"https:\/\/noticiarioregional.com.br\/index.php?rest_route=%2Fwp%2Fv2%2Fcategories&post=7103"},{"taxonomy":"post_tag","embeddable":true,"href":"https:\/\/noticiarioregional.com.br\/index.php?rest_route=%2Fwp%2Fv2%2Ftags&post=7103"}],"curies":[{"name":"wp","href":"https:\/\/api.w.org\/{rel}","templated":true}]}}