{"id":7106,"date":"2025-07-26T07:25:00","date_gmt":"2025-07-26T10:25:00","guid":{"rendered":"https:\/\/noticiarioregional.com.br\/?p=7106"},"modified":"2025-07-25T10:48:52","modified_gmt":"2025-07-25T13:48:52","slug":"riqueza-adere-ao-programa-universidade-da-terceira-idade-da-unoesc","status":"publish","type":"post","link":"https:\/\/noticiarioregional.com.br\/?p=7106","title":{"rendered":"Riqueza adere ao Programa Universidade da Terceira Idade da Unoesc"},"content":{"rendered":"\n<p>A Administra\u00e7\u00e3o Municipal de Riqueza, por meio da Secretaria de Assist\u00eancia Social, anunciou a ades\u00e3o ao Programa Universidade da Terceira Idade &#8211; Uniti, desenvolvido pela Unoesc. O curso de extens\u00e3o tem dura\u00e7\u00e3o de tr\u00eas semestres e tem como objetivo proporcionar uma viv\u00eancia acad\u00eamica enriquecedora para pessoas com idade m\u00ednima de 50 anos, promovendo aprendizado, inclus\u00e3o social, sa\u00fade e qualidade de vida.<\/p>\n\n\n\n<p>As aulas da Uniti acontecer\u00e3o todas as quintas-feiras, das 13h30 \u00e0s 17h, no campus da Unoesc em Maravilha. Segundo a diretora da Assist\u00eancia Social de Riqueza, Cleiva Ferraboli, o munic\u00edpio oferecer\u00e1 transporte gratuito para os participantes, facilitando o acesso ao programa. \u201c<em>Estamos muito felizes em oportunizar essa experi\u00eancia aos nossos idosos. \u00c9 um projeto que vai al\u00e9m do conhecimento \u2014 ele promove autoestima, v\u00ednculos e valoriza\u00e7\u00e3o da terceira idade<\/em>\u201d, destacou.<\/p>\n\n\n\n<p>O conte\u00fado do curso \u00e9 variado e abrange uma ampla gama de temas voltados \u00e0 sa\u00fade, bem-estar, cultura, lazer e cidadania. Entre os assuntos trabalhados est\u00e3o:<\/p>\n\n\n\n<ul class=\"wp-block-list\">\n<li>Plantas medicinais<\/li>\n\n\n\n<li>Sa\u00fade do idoso e c\u00e9rebro ativo<\/li>\n\n\n\n<li>Revis\u00e3o de vida e anatomia humana<\/li>\n\n\n\n<li>Alimenta\u00e7\u00e3o saud\u00e1vel e transtornos de aprendizagem<\/li>\n\n\n\n<li>Primeiros socorros e sa\u00fade bucal<\/li>\n\n\n\n<li>Direitos e deveres do cidad\u00e3o e gerontologia social<\/li>\n\n\n\n<li>Rela\u00e7\u00f5es de consumo e relacionamento familiar entre gera\u00e7\u00f5es<\/li>\n\n\n\n<li>Desenvolvimento humano na terceira idade<\/li>\n\n\n\n<li>Geografia de SC, hist\u00f3ria regional e meio ambiente<\/li>\n\n\n\n<li>Envelhecimento sustent\u00e1vel e planejamento financeiro pessoal<\/li>\n\n\n\n<li>Diversidade religiosa, paix\u00e3o, amor e sexualidade na melhor idade<\/li>\n\n\n\n<li>Zonas azuis e fatores de longevidade<\/li>\n\n\n\n<li>Microorganismos: riscos e benef\u00edcios<\/li>\n\n\n\n<li>Cozinha afetiva, turismo e visitas t\u00e9cnicas<\/li>\n<\/ul>\n\n\n\n<p>Al\u00e9m das aulas te\u00f3ricas, o programa tamb\u00e9m promove atividades pr\u00e1ticas e culturais, incentivando a conviv\u00eancia social, o turismo e a integra\u00e7\u00e3o entre os participantes. Os interessados em participar do programa podem buscar mais informa\u00e7\u00f5es junto a secretaria de Assist\u00eancia Social de Riqueza.<\/p>\n","protected":false},"excerpt":{"rendered":"<p>A Administra\u00e7\u00e3o Municipal de Riqueza, por meio da Secretaria de Assist\u00eancia Social, anunciou a ades\u00e3o ao Programa Universidade da Terceira Idade &#8211; Uniti, desenvolvido pela Unoesc. O curso de extens\u00e3o tem dura\u00e7\u00e3o de tr\u00eas semestres e tem como objetivo proporcionar uma viv\u00eancia acad\u00eamica enriquecedora para pessoas com idade m\u00ednima de 50 anos, promovendo aprendizado, inclus\u00e3o<\/p>\n","protected":false},"author":1,"featured_media":7107,"comment_status":"open","ping_status":"open","sticky":false,"template":"","format":"standard","meta":{"footnotes":""},"categories":[41],"tags":[],"class_list":{"0":"post-7106","1":"post","2":"type-post","3":"status-publish","4":"format-standard","5":"has-post-thumbnail","7":"category-noticias"},"_links":{"self":[{"href":"https:\/\/noticiarioregional.com.br\/index.php?rest_route=\/wp\/v2\/posts\/7106","targetHints":{"allow":["GET"]}}],"collection":[{"href":"https:\/\/noticiarioregional.com.br\/index.php?rest_route=\/wp\/v2\/posts"}],"about":[{"href":"https:\/\/noticiarioregional.com.br\/index.php?rest_route=\/wp\/v2\/types\/post"}],"author":[{"embeddable":true,"href":"https:\/\/noticiarioregional.com.br\/index.php?rest_route=\/wp\/v2\/users\/1"}],"replies":[{"embeddable":true,"href":"https:\/\/noticiarioregional.com.br\/index.php?rest_route=%2Fwp%2Fv2%2Fcomments&post=7106"}],"version-history":[{"count":1,"href":"https:\/\/noticiarioregional.com.br\/index.php?rest_route=\/wp\/v2\/posts\/7106\/revisions"}],"predecessor-version":[{"id":7108,"href":"https:\/\/noticiarioregional.com.br\/index.php?rest_route=\/wp\/v2\/posts\/7106\/revisions\/7108"}],"wp:featuredmedia":[{"embeddable":true,"href":"https:\/\/noticiarioregional.com.br\/index.php?rest_route=\/wp\/v2\/media\/7107"}],"wp:attachment":[{"href":"https:\/\/noticiarioregional.com.br\/index.php?rest_route=%2Fwp%2Fv2%2Fmedia&parent=7106"}],"wp:term":[{"taxonomy":"category","embeddable":true,"href":"https:\/\/noticiarioregional.com.br\/index.php?rest_route=%2Fwp%2Fv2%2Fcategories&post=7106"},{"taxonomy":"post_tag","embeddable":true,"href":"https:\/\/noticiarioregional.com.br\/index.php?rest_route=%2Fwp%2Fv2%2Ftags&post=7106"}],"curies":[{"name":"wp","href":"https:\/\/api.w.org\/{rel}","templated":true}]}}