{"id":7109,"date":"2025-07-27T10:27:35","date_gmt":"2025-07-27T13:27:35","guid":{"rendered":"https:\/\/noticiarioregional.com.br\/?p=7109"},"modified":"2025-07-25T10:31:27","modified_gmt":"2025-07-25T13:31:27","slug":"deficiencias-mais-comuns-na-visao","status":"publish","type":"post","link":"https:\/\/noticiarioregional.com.br\/?p=7109","title":{"rendered":"Defici\u00eancias mais comuns na vis\u00e3o"},"content":{"rendered":"\n<p><strong>Ipor\u00e3 do Oeste \u2013<\/strong> Um dos mais importantes entre os cinco sentidos humanos \u00e9 a vis\u00e3o. Pois ela nos permite a percep\u00e7\u00e3o do mundo com todas as suas formas e cores. De acordo com uma pesquisa divulgada pelo IBGE, atualmente mais de 35 milh\u00f5es de brasileiros, ou cerca de 20% da popula\u00e7\u00e3o, sofrem com algum tipo de problema na vis\u00e3o. Em alguns casos, os problemas podem surgir logo ap\u00f3s o nascimento, mas tamb\u00e9m podem acontecer durante a vida devido a traumas, les\u00f5es, doen\u00e7as cr\u00f4nicas, uso inadequado da vis\u00e3o ou simplesmente pelo envelhecimento natural do organismo.<\/p>\n\n\n\n<p>Vanessa Brand Back Bertol \u00e9 t\u00e9cnica em \u00d3tica, Bacharel em Optometria, especializada em Imagem de \u00d3culos e s\u00f3cia-propriet\u00e1ria da Reloj\u00f3tica Cirimar. A empres\u00e1ria elenca os problemas de vis\u00e3o mais comuns que tamb\u00e9m s\u00e3o conhecidos como erros de refra\u00e7\u00e3o ou ametropias:<\/p>\n\n\n\n<p><strong>Miopia<\/strong><\/p>\n\n\n\n<p>A miopia \u00e9 um dos problemas de vis\u00e3o mais comuns no mundo e \u00e9 caracterizada pela dificuldade em enxergar de longe. A miopia ocorre quando o globo ocular \u00e9 alongado, fazendo com que a luz se foque antes de chegar \u00e0 retina. O correto \u00e9 que a luz seja focalizada sobre a retina. Geralmente, quem possui miopia tem a vis\u00e3o borrada e dificuldade para enxergar formas bem definidas quando os objetos est\u00e3o a uma certa dist\u00e2ncia. Pacientes com miopia tendem a trazer os objetos para bem perto dos olhos para enxergar melhor. \u00c9 importante os pais observarem os filhos para perceber este comportamento.<\/p>\n\n\n\n<p><strong>Hipermetropia<\/strong><\/p>\n\n\n\n<p>Ao contr\u00e1rio da miopia, a hipermetropia consiste na dificuldade visual preponderantemente para perto. Essa doen\u00e7a tamb\u00e9m \u00e9 um dos problemas nos olhos mais comuns e, geralmente, aparece desde o nascimento. Por isso, \u00e9 muito importante ficar atento desde cedo se seu filho se queixa de dificuldades para enxergar, principalmente na escola. O globo ocular de quem sofre de hipermetropia \u00e9 menor do que o normal, fazendo com que a imagem seja projetada ap\u00f3s a retina.<\/p>\n\n\n\n<p><strong>Astigmatismo<\/strong><\/p>\n\n\n\n<p>O astigmatismo \u00e9 um problema de vis\u00e3o que atinge pessoas de todas as idades. A principal caracter\u00edstica do astigmatismo \u00e9 o fato da c\u00f3rnea apresentar planos de curvatura diferentes. Isto gera um foco distorcido e mal-formado. A pessoa que sofre com esse problema apresenta uma vis\u00e3o emba\u00e7ada e dificuldade em enxergar tanto de perto quanto de longe.<\/p>\n\n\n\n<p><strong>Presbiopia<\/strong><\/p>\n\n\n\n<p>A presbiopia \u00e9 um dos problemas nos olhos mais comuns ap\u00f3s os 40 anos. Tamb\u00e9m conhecida como vis\u00e3o cansada, \u00e9 causada pelo envelhecimento natural do olho. Mais precisamente, pela perda progressiva da elasticidade do cristalino, o que acaba dificultando em focar imagens e objetos pr\u00f3ximos com clareza. As principais dificuldades de quem sofre com presbiopia pode ser percebida pela leitura. O paciente, que antes podia ler com facilidade, agora precisa afastar um pouco mais o objeto para conseguir ler melhor.<\/p>\n\n\n\n<p><strong>Como prevenir das defici\u00eancias e doen\u00e7as oculares?<\/strong><\/p>\n\n\n\n<figure class=\"wp-block-image size-large\"><img fetchpriority=\"high\" decoding=\"async\" width=\"768\" height=\"1024\" src=\"https:\/\/noticiarioregional.com.br\/wp-content\/uploads\/2025\/07\/Apesar-de-alguns-problemas-nos-olhos-surgirem-com-o-nascimento-Vanessa-Brand-Back-Bertol-lembra-que-muitos-deles-podem-ser-evitados-com-algumas-medidas-preventivas-768x1024.jpg\" alt=\"\" class=\"wp-image-7110\" srcset=\"https:\/\/noticiarioregional.com.br\/wp-content\/uploads\/2025\/07\/Apesar-de-alguns-problemas-nos-olhos-surgirem-com-o-nascimento-Vanessa-Brand-Back-Bertol-lembra-que-muitos-deles-podem-ser-evitados-com-algumas-medidas-preventivas-768x1024.jpg 768w, https:\/\/noticiarioregional.com.br\/wp-content\/uploads\/2025\/07\/Apesar-de-alguns-problemas-nos-olhos-surgirem-com-o-nascimento-Vanessa-Brand-Back-Bertol-lembra-que-muitos-deles-podem-ser-evitados-com-algumas-medidas-preventivas-225x300.jpg 225w, https:\/\/noticiarioregional.com.br\/wp-content\/uploads\/2025\/07\/Apesar-de-alguns-problemas-nos-olhos-surgirem-com-o-nascimento-Vanessa-Brand-Back-Bertol-lembra-que-muitos-deles-podem-ser-evitados-com-algumas-medidas-preventivas-150x200.jpg 150w, https:\/\/noticiarioregional.com.br\/wp-content\/uploads\/2025\/07\/Apesar-de-alguns-problemas-nos-olhos-surgirem-com-o-nascimento-Vanessa-Brand-Back-Bertol-lembra-que-muitos-deles-podem-ser-evitados-com-algumas-medidas-preventivas-450x600.jpg 450w, https:\/\/noticiarioregional.com.br\/wp-content\/uploads\/2025\/07\/Apesar-de-alguns-problemas-nos-olhos-surgirem-com-o-nascimento-Vanessa-Brand-Back-Bertol-lembra-que-muitos-deles-podem-ser-evitados-com-algumas-medidas-preventivas.jpg 960w\" sizes=\"(max-width: 768px) 100vw, 768px\" \/><figcaption class=\"wp-element-caption\"><strong><em>Apesar de alguns problemas nos olhos surgirem com o nascimento, Vanessa Brand Back Bertol lembra que muitos deles podem ser evitados com algumas medidas preventivas<\/em><\/strong><\/figcaption><\/figure>\n\n\n\n<p>Apesar de alguns problemas nos olhos surgirem com o nascimento, Vanessa lembra que muitos deles podem ser evitados com algumas medidas preventivas. Confira as principais:<\/p>\n\n\n\n<p>&#8211; Pratique atividade f\u00edsica com frequ\u00eancia;<\/p>\n\n\n\n<p>&#8211; Mantenha uma alimenta\u00e7\u00e3o saud\u00e1vel;<\/p>\n\n\n\n<p>&#8211; Use \u00f3culos de sol com prote\u00e7\u00e3o contra raios ultravioletas;<\/p>\n\n\n\n<p>&#8211; Evite usar aparelhos eletr\u00f4nicos no escuro;<\/p>\n\n\n\n<p>&#8211; D\u00ea uma pausa de dez minutos a cada duas horas quando estiver usando computador; leitura ou trabalhos que utilizem a vis\u00e3o de perto;<\/p>\n\n\n\n<p>&#8211; Nunca use \u00f3culos de grau falsificados;<\/p>\n\n\n\n<p>&#8211; Marque uma consulta com oftalmologista pelo menos a cada dois anos.<\/p>\n\n\n\n<p><em>\u201cNossa equipe da Reloj\u00f3tica Cirimar \u00e9 especializada e est\u00e1 preparada para lhe entregar muito mais do que \u00f3culos, temos a solu\u00e7\u00e3o ideal para cada tipo de ametropia, trabalhamos com as melhores marcas do mercado tanto em lentes como em arma\u00e7\u00f5es, entregando qualidade e vis\u00e3o com pre\u00e7o justo\u201d.<\/em> Ressalta Vanessa.<\/p>\n","protected":false},"excerpt":{"rendered":"<p>Ipor\u00e3 do Oeste \u2013 Um dos mais importantes entre os cinco sentidos humanos \u00e9 a vis\u00e3o. Pois ela nos permite a percep\u00e7\u00e3o do mundo com todas as suas formas e cores. De acordo com uma pesquisa divulgada pelo IBGE, atualmente mais de 35 milh\u00f5es de brasileiros, ou cerca de 20% da popula\u00e7\u00e3o, sofrem com algum<\/p>\n","protected":false},"author":1,"featured_media":7111,"comment_status":"open","ping_status":"open","sticky":false,"template":"","format":"standard","meta":{"footnotes":""},"categories":[41],"tags":[],"class_list":{"0":"post-7109","1":"post","2":"type-post","3":"status-publish","4":"format-standard","5":"has-post-thumbnail","7":"category-noticias"},"_links":{"self":[{"href":"https:\/\/noticiarioregional.com.br\/index.php?rest_route=\/wp\/v2\/posts\/7109","targetHints":{"allow":["GET"]}}],"collection":[{"href":"https:\/\/noticiarioregional.com.br\/index.php?rest_route=\/wp\/v2\/posts"}],"about":[{"href":"https:\/\/noticiarioregional.com.br\/index.php?rest_route=\/wp\/v2\/types\/post"}],"author":[{"embeddable":true,"href":"https:\/\/noticiarioregional.com.br\/index.php?rest_route=\/wp\/v2\/users\/1"}],"replies":[{"embeddable":true,"href":"https:\/\/noticiarioregional.com.br\/index.php?rest_route=%2Fwp%2Fv2%2Fcomments&post=7109"}],"version-history":[{"count":1,"href":"https:\/\/noticiarioregional.com.br\/index.php?rest_route=\/wp\/v2\/posts\/7109\/revisions"}],"predecessor-version":[{"id":7112,"href":"https:\/\/noticiarioregional.com.br\/index.php?rest_route=\/wp\/v2\/posts\/7109\/revisions\/7112"}],"wp:featuredmedia":[{"embeddable":true,"href":"https:\/\/noticiarioregional.com.br\/index.php?rest_route=\/wp\/v2\/media\/7111"}],"wp:attachment":[{"href":"https:\/\/noticiarioregional.com.br\/index.php?rest_route=%2Fwp%2Fv2%2Fmedia&parent=7109"}],"wp:term":[{"taxonomy":"category","embeddable":true,"href":"https:\/\/noticiarioregional.com.br\/index.php?rest_route=%2Fwp%2Fv2%2Fcategories&post=7109"},{"taxonomy":"post_tag","embeddable":true,"href":"https:\/\/noticiarioregional.com.br\/index.php?rest_route=%2Fwp%2Fv2%2Ftags&post=7109"}],"curies":[{"name":"wp","href":"https:\/\/api.w.org\/{rel}","templated":true}]}}